{"id":10632,"date":"2024-05-21T16:53:49","date_gmt":"2024-05-21T14:53:49","guid":{"rendered":"https:\/\/wipconsulting.it\/?p=10632"},"modified":"2025-10-21T12:00:19","modified_gmt":"2025-10-21T10:00:19","slug":"intervista-ad-antonio-calabro-la-cultura-dimpresa-mancante-nel-made-in-italy","status":"publish","type":"post","link":"https:\/\/wipconsulting.it\/en\/intervista-ad-antonio-calabro-la-cultura-dimpresa-mancante-nel-made-in-italy\/","title":{"rendered":"Intervista ad Antonio Calabr\u00f2: la cultura d&#8217;impresa mancante nel Made in Italy"},"content":{"rendered":"<p>Antonio Calabr\u00f2, presidente di Museimpresa e Senior Vice President di Pirelli per la Cultura, discute l&#8217;importanza delle filiere, delle reti e della cultura d&#8217;impresa in un&#8217;intervista con Benedetta Cosmi per l&#8217;Osservatorio Riparte l&#8217;Italia. Calabr\u00f2 sottolinea l&#8217;importanza delle filiere e delle reti, enfatizzando la competitivit\u00e0 come un progetto comune. Sottolinea la responsabilit\u00e0 delle grandi imprese nel garantire pratiche etiche lungo tutta la catena di fornitura, evidenziando che le piccole imprese devono rispettare i valori della sostenibilit\u00e0 per permettere alle grandi aziende di certificare i loro processi produttivi, una richiesta sempre pi\u00f9 forte da parte dei mercati e della finanza.<\/p>\n<p>Calabr\u00f2 pone l&#8217;accento sull&#8217;importanza della sicurezza sul lavoro, sottolineando che il lavoro \u00e8 un valore e una dignit\u00e0, come ribadito dal presidente della Repubblica Mattarella. La sicurezza e la qualit\u00e0 devono essere elementi fondamentali della catena produttiva, senza le ombre del lavoro nero o delle irregolarit\u00e0.<\/p>\n<p>La trasparenza e la certificazione sono cruciali, non solo per soddisfare le leggi e i valori etici, ma anche per attrarre investimenti. Grandi imprese come IMA di Vacchi in Emilia assumono partecipazioni lungo tutta la catena di fornitura per controllarne i processi e garantirne la qualit\u00e0 e la conformit\u00e0 ai principi etici e ambientali.<\/p>\n<p>Calabr\u00f2 discute il complesso tema del passaggio generazionale nelle imprese, evidenziando i vantaggi del capitalismo familiare, che guarda al lungo periodo e alla storia dell&#8217;azienda. Tuttavia, sottolinea la necessit\u00e0 di integrare competenze manageriali per garantire la continuit\u00e0 e la crescita dell&#8217;impresa.<\/p>\n<p>Il passaggio generazionale richiede formazione e accesso alla finanza. Le piccole imprese devono aprirsi a una cultura imprenditoriale basata sulla trasparenza e il confronto. Calabr\u00f2 suggerisce l&#8217;idea di manager consortili o export manager condivisi tra pi\u00f9 imprese dello stesso territorio come soluzione per affrontare queste sfide.<\/p>\n<p>Calabr\u00f2 conclude che discutere di politica industriale non significa solo parlare di fiscalit\u00e0, ma anche di promuovere una cultura d&#8217;impresa aperta e trasparente. Questo \u00e8 essenziale per il futuro e la competitivit\u00e0 del Made in Italy.<\/p>\n<p><em>Fonte: <a href=\"https:\/\/www.ripartelitalia.it\/al-made-in-italy-manca-la-cultura-dimpresa-intervista-al-manager-antonio-calabro-italiani-del-futuro-di-benedetta-cosmi\/?utm_source=mailpoet&amp;utm_medium=email&amp;utm_source_platform=mailpoet&amp;utm_campaign=il-think-tank-quotidiano-della-classe-dirigente-quello-che-c-e-da-sapere-oggi_585\">Riparte l&#8217;Italia<\/a><\/em><\/p>\n","protected":false},"excerpt":{"rendered":"<p>Antonio Calabr\u00f2, presidente di Museimpresa e Senior Vice President di Pirelli per la Cultura, discute l&#8217;importanza delle filiere, delle reti e della cultura d&#8217;impresa in un&#8217;intervista con Benedetta Cosmi per l&#8217;Osservatorio Riparte l&#8217;Italia. Calabr\u00f2 sottolinea l&#8217;importanza delle filiere e delle reti, enfatizzando la competitivit\u00e0 come un progetto comune. Sottolinea la responsabilit\u00e0 delle grandi imprese nel [&hellip;]<\/p>\n","protected":false},"author":20,"featured_media":10634,"comment_status":"closed","ping_status":"closed","sticky":false,"template":"","format":"standard","meta":{"footnotes":""},"categories":[48],"tags":[],"class_list":["post-10632","post","type-post","status-publish","format-standard","has-post-thumbnail","hentry","category-mercato-del-lavoro"],"yoast_head":"<!-- This site is optimized with the Yoast SEO plugin v27.4 - https:\/\/yoast.com\/product\/yoast-seo-wordpress\/ -->\n<title>Intervista ad Antonio Calabr\u00f2: la cultura d&#039;impresa mancante nel Made in Italy - WIP Consulting | Consulenza strategica<\/title>\n<meta name=\"robots\" content=\"index, follow, max-snippet:-1, max-image-preview:large, max-video-preview:-1\" \/>\n<link rel=\"canonical\" href=\"https:\/\/wipconsulting.it\/en\/intervista-ad-antonio-calabro-la-cultura-dimpresa-mancante-nel-made-in-italy\/\" \/>\n<meta property=\"og:locale\" content=\"en_US\" \/>\n<meta property=\"og:type\" content=\"article\" \/>\n<meta property=\"og:title\" content=\"Intervista ad Antonio Calabr\u00f2: la cultura d&#039;impresa mancante nel Made in Italy - WIP Consulting | Consulenza strategica\" \/>\n<meta property=\"og:description\" content=\"Antonio Calabr\u00f2, presidente di Museimpresa e Senior Vice President di Pirelli per la Cultura, discute l&#8217;importanza delle filiere, delle reti e della cultura d&#8217;impresa in un&#8217;intervista con Benedetta Cosmi per l&#8217;Osservatorio Riparte l&#8217;Italia. Calabr\u00f2 sottolinea l&#8217;importanza delle filiere e delle reti, enfatizzando la competitivit\u00e0 come un progetto comune. Sottolinea la responsabilit\u00e0 delle grandi imprese nel [&hellip;]\" \/>\n<meta property=\"og:url\" content=\"https:\/\/wipconsulting.it\/en\/intervista-ad-antonio-calabro-la-cultura-dimpresa-mancante-nel-made-in-italy\/\" \/>\n<meta property=\"og:site_name\" content=\"WIP Consulting | Consulenza strategica\" \/>\n<meta property=\"article:published_time\" content=\"2024-05-21T14:53:49+00:00\" \/>\n<meta property=\"article:modified_time\" content=\"2025-10-21T10:00:19+00:00\" \/>\n<meta property=\"og:image\" content=\"https:\/\/wipconsulting.it\/wp-content\/uploads\/2024\/05\/257-2.png\" \/>\n\t<meta property=\"og:image:width\" content=\"703\" \/>\n\t<meta property=\"og:image:height\" content=\"376\" \/>\n\t<meta property=\"og:image:type\" content=\"image\/png\" \/>\n<meta name=\"author\" content=\"aina@wipconsulting.it\" \/>\n<meta name=\"twitter:card\" content=\"summary_large_image\" \/>\n<meta name=\"twitter:label1\" content=\"Written by\" \/>\n\t<meta name=\"twitter:data1\" content=\"aina@wipconsulting.it\" \/>\n\t<meta name=\"twitter:label2\" content=\"Est. reading time\" \/>\n\t<meta name=\"twitter:data2\" content=\"2 minutes\" \/>\n<script type=\"application\/ld+json\" class=\"yoast-schema-graph\">{\"@context\":\"https:\\\/\\\/schema.org\",\"@graph\":[{\"@type\":\"Article\",\"@id\":\"https:\\\/\\\/wipconsulting.it\\\/en\\\/intervista-ad-antonio-calabro-la-cultura-dimpresa-mancante-nel-made-in-italy\\\/#article\",\"isPartOf\":{\"@id\":\"https:\\\/\\\/wipconsulting.it\\\/en\\\/intervista-ad-antonio-calabro-la-cultura-dimpresa-mancante-nel-made-in-italy\\\/\"},\"author\":{\"name\":\"aina@wipconsulting.it\",\"@id\":\"https:\\\/\\\/wipconsulting.it\\\/en\\\/#\\\/schema\\\/person\\\/f1f15031747fe6ee68cc6ff5dc3957c0\"},\"headline\":\"Intervista ad Antonio Calabr\u00f2: la cultura d&#8217;impresa mancante nel Made in Italy\",\"datePublished\":\"2024-05-21T14:53:49+00:00\",\"dateModified\":\"2025-10-21T10:00:19+00:00\",\"mainEntityOfPage\":{\"@id\":\"https:\\\/\\\/wipconsulting.it\\\/en\\\/intervista-ad-antonio-calabro-la-cultura-dimpresa-mancante-nel-made-in-italy\\\/\"},\"wordCount\":334,\"publisher\":{\"@id\":\"https:\\\/\\\/wipconsulting.it\\\/en\\\/#organization\"},\"image\":{\"@id\":\"https:\\\/\\\/wipconsulting.it\\\/en\\\/intervista-ad-antonio-calabro-la-cultura-dimpresa-mancante-nel-made-in-italy\\\/#primaryimage\"},\"thumbnailUrl\":\"https:\\\/\\\/wipconsulting.it\\\/wp-content\\\/uploads\\\/2024\\\/05\\\/257-2.png\",\"articleSection\":[\"Mercato del Lavoro\"],\"inLanguage\":\"en-US\"},{\"@type\":\"WebPage\",\"@id\":\"https:\\\/\\\/wipconsulting.it\\\/en\\\/intervista-ad-antonio-calabro-la-cultura-dimpresa-mancante-nel-made-in-italy\\\/\",\"url\":\"https:\\\/\\\/wipconsulting.it\\\/en\\\/intervista-ad-antonio-calabro-la-cultura-dimpresa-mancante-nel-made-in-italy\\\/\",\"name\":\"Intervista ad Antonio Calabr\u00f2: la cultura d'impresa mancante nel Made in Italy - WIP Consulting | Consulenza strategica\",\"isPartOf\":{\"@id\":\"https:\\\/\\\/wipconsulting.it\\\/en\\\/#website\"},\"primaryImageOfPage\":{\"@id\":\"https:\\\/\\\/wipconsulting.it\\\/en\\\/intervista-ad-antonio-calabro-la-cultura-dimpresa-mancante-nel-made-in-italy\\\/#primaryimage\"},\"image\":{\"@id\":\"https:\\\/\\\/wipconsulting.it\\\/en\\\/intervista-ad-antonio-calabro-la-cultura-dimpresa-mancante-nel-made-in-italy\\\/#primaryimage\"},\"thumbnailUrl\":\"https:\\\/\\\/wipconsulting.it\\\/wp-content\\\/uploads\\\/2024\\\/05\\\/257-2.png\",\"datePublished\":\"2024-05-21T14:53:49+00:00\",\"dateModified\":\"2025-10-21T10:00:19+00:00\",\"breadcrumb\":{\"@id\":\"https:\\\/\\\/wipconsulting.it\\\/en\\\/intervista-ad-antonio-calabro-la-cultura-dimpresa-mancante-nel-made-in-italy\\\/#breadcrumb\"},\"inLanguage\":\"en-US\",\"potentialAction\":[{\"@type\":\"ReadAction\",\"target\":[\"https:\\\/\\\/wipconsulting.it\\\/en\\\/intervista-ad-antonio-calabro-la-cultura-dimpresa-mancante-nel-made-in-italy\\\/\"]}]},{\"@type\":\"ImageObject\",\"inLanguage\":\"en-US\",\"@id\":\"https:\\\/\\\/wipconsulting.it\\\/en\\\/intervista-ad-antonio-calabro-la-cultura-dimpresa-mancante-nel-made-in-italy\\\/#primaryimage\",\"url\":\"https:\\\/\\\/wipconsulting.it\\\/wp-content\\\/uploads\\\/2024\\\/05\\\/257-2.png\",\"contentUrl\":\"https:\\\/\\\/wipconsulting.it\\\/wp-content\\\/uploads\\\/2024\\\/05\\\/257-2.png\",\"width\":703,\"height\":376},{\"@type\":\"BreadcrumbList\",\"@id\":\"https:\\\/\\\/wipconsulting.it\\\/en\\\/intervista-ad-antonio-calabro-la-cultura-dimpresa-mancante-nel-made-in-italy\\\/#breadcrumb\",\"itemListElement\":[{\"@type\":\"ListItem\",\"position\":1,\"name\":\"Home\",\"item\":\"https:\\\/\\\/wipconsulting.it\\\/en\\\/home\\\/\"},{\"@type\":\"ListItem\",\"position\":2,\"name\":\"Intervista ad Antonio Calabr\u00f2: la cultura d&#8217;impresa mancante nel Made in Italy\"}]},{\"@type\":\"WebSite\",\"@id\":\"https:\\\/\\\/wipconsulting.it\\\/en\\\/#website\",\"url\":\"https:\\\/\\\/wipconsulting.it\\\/en\\\/\",\"name\":\"wipconsulting.it\",\"description\":\"Formazione alle imprese\",\"publisher\":{\"@id\":\"https:\\\/\\\/wipconsulting.it\\\/en\\\/#organization\"},\"potentialAction\":[{\"@type\":\"SearchAction\",\"target\":{\"@type\":\"EntryPoint\",\"urlTemplate\":\"https:\\\/\\\/wipconsulting.it\\\/en\\\/?s={search_term_string}\"},\"query-input\":{\"@type\":\"PropertyValueSpecification\",\"valueRequired\":true,\"valueName\":\"search_term_string\"}}],\"inLanguage\":\"en-US\"},{\"@type\":\"Organization\",\"@id\":\"https:\\\/\\\/wipconsulting.it\\\/en\\\/#organization\",\"name\":\"WIP Consulting\",\"url\":\"https:\\\/\\\/wipconsulting.it\\\/en\\\/\",\"logo\":{\"@type\":\"ImageObject\",\"inLanguage\":\"en-US\",\"@id\":\"https:\\\/\\\/wipconsulting.it\\\/en\\\/#\\\/schema\\\/logo\\\/image\\\/\",\"url\":\"https:\\\/\\\/wipconsulting.it\\\/wp-content\\\/uploads\\\/2023\\\/12\\\/logo_wip_consulting_2colori_Registered_v02.svg\",\"contentUrl\":\"https:\\\/\\\/wipconsulting.it\\\/wp-content\\\/uploads\\\/2023\\\/12\\\/logo_wip_consulting_2colori_Registered_v02.svg\",\"caption\":\"WIP Consulting\"},\"image\":{\"@id\":\"https:\\\/\\\/wipconsulting.it\\\/en\\\/#\\\/schema\\\/logo\\\/image\\\/\"}},{\"@type\":\"Person\",\"@id\":\"https:\\\/\\\/wipconsulting.it\\\/en\\\/#\\\/schema\\\/person\\\/f1f15031747fe6ee68cc6ff5dc3957c0\",\"name\":\"aina@wipconsulting.it\",\"image\":{\"@type\":\"ImageObject\",\"inLanguage\":\"en-US\",\"@id\":\"https:\\\/\\\/secure.gravatar.com\\\/avatar\\\/e618be2f279f283195b0f6280a54ad1aba295869e2567d09ddb10d3d67e75125?s=96&d=mm&r=g\",\"url\":\"https:\\\/\\\/secure.gravatar.com\\\/avatar\\\/e618be2f279f283195b0f6280a54ad1aba295869e2567d09ddb10d3d67e75125?s=96&d=mm&r=g\",\"contentUrl\":\"https:\\\/\\\/secure.gravatar.com\\\/avatar\\\/e618be2f279f283195b0f6280a54ad1aba295869e2567d09ddb10d3d67e75125?s=96&d=mm&r=g\",\"caption\":\"aina@wipconsulting.it\"},\"url\":\"https:\\\/\\\/wipconsulting.it\\\/en\\\/author\\\/ainawipconsulting-it\\\/\"}]}<\/script>\n<!-- \/ Yoast SEO plugin. -->","yoast_head_json":{"title":"Intervista ad Antonio Calabr\u00f2: la cultura d'impresa mancante nel Made in Italy - WIP Consulting | Consulenza strategica","robots":{"index":"index","follow":"follow","max-snippet":"max-snippet:-1","max-image-preview":"max-image-preview:large","max-video-preview":"max-video-preview:-1"},"canonical":"https:\/\/wipconsulting.it\/en\/intervista-ad-antonio-calabro-la-cultura-dimpresa-mancante-nel-made-in-italy\/","og_locale":"en_US","og_type":"article","og_title":"Intervista ad Antonio Calabr\u00f2: la cultura d'impresa mancante nel Made in Italy - WIP Consulting | Consulenza strategica","og_description":"Antonio Calabr\u00f2, presidente di Museimpresa e Senior Vice President di Pirelli per la Cultura, discute l&#8217;importanza delle filiere, delle reti e della cultura d&#8217;impresa in un&#8217;intervista con Benedetta Cosmi per l&#8217;Osservatorio Riparte l&#8217;Italia. Calabr\u00f2 sottolinea l&#8217;importanza delle filiere e delle reti, enfatizzando la competitivit\u00e0 come un progetto comune. Sottolinea la responsabilit\u00e0 delle grandi imprese nel [&hellip;]","og_url":"https:\/\/wipconsulting.it\/en\/intervista-ad-antonio-calabro-la-cultura-dimpresa-mancante-nel-made-in-italy\/","og_site_name":"WIP Consulting | Consulenza strategica","article_published_time":"2024-05-21T14:53:49+00:00","article_modified_time":"2025-10-21T10:00:19+00:00","og_image":[{"width":703,"height":376,"url":"https:\/\/wipconsulting.it\/wp-content\/uploads\/2024\/05\/257-2.png","type":"image\/png"}],"author":"aina@wipconsulting.it","twitter_card":"summary_large_image","twitter_misc":{"Written by":"aina@wipconsulting.it","Est. reading time":"2 minutes"},"schema":{"@context":"https:\/\/schema.org","@graph":[{"@type":"Article","@id":"https:\/\/wipconsulting.it\/en\/intervista-ad-antonio-calabro-la-cultura-dimpresa-mancante-nel-made-in-italy\/#article","isPartOf":{"@id":"https:\/\/wipconsulting.it\/en\/intervista-ad-antonio-calabro-la-cultura-dimpresa-mancante-nel-made-in-italy\/"},"author":{"name":"aina@wipconsulting.it","@id":"https:\/\/wipconsulting.it\/en\/#\/schema\/person\/f1f15031747fe6ee68cc6ff5dc3957c0"},"headline":"Intervista ad Antonio Calabr\u00f2: la cultura d&#8217;impresa mancante nel Made in Italy","datePublished":"2024-05-21T14:53:49+00:00","dateModified":"2025-10-21T10:00:19+00:00","mainEntityOfPage":{"@id":"https:\/\/wipconsulting.it\/en\/intervista-ad-antonio-calabro-la-cultura-dimpresa-mancante-nel-made-in-italy\/"},"wordCount":334,"publisher":{"@id":"https:\/\/wipconsulting.it\/en\/#organization"},"image":{"@id":"https:\/\/wipconsulting.it\/en\/intervista-ad-antonio-calabro-la-cultura-dimpresa-mancante-nel-made-in-italy\/#primaryimage"},"thumbnailUrl":"https:\/\/wipconsulting.it\/wp-content\/uploads\/2024\/05\/257-2.png","articleSection":["Mercato del Lavoro"],"inLanguage":"en-US"},{"@type":"WebPage","@id":"https:\/\/wipconsulting.it\/en\/intervista-ad-antonio-calabro-la-cultura-dimpresa-mancante-nel-made-in-italy\/","url":"https:\/\/wipconsulting.it\/en\/intervista-ad-antonio-calabro-la-cultura-dimpresa-mancante-nel-made-in-italy\/","name":"Intervista ad Antonio Calabr\u00f2: la cultura d'impresa mancante nel Made in Italy - WIP Consulting | Consulenza strategica","isPartOf":{"@id":"https:\/\/wipconsulting.it\/en\/#website"},"primaryImageOfPage":{"@id":"https:\/\/wipconsulting.it\/en\/intervista-ad-antonio-calabro-la-cultura-dimpresa-mancante-nel-made-in-italy\/#primaryimage"},"image":{"@id":"https:\/\/wipconsulting.it\/en\/intervista-ad-antonio-calabro-la-cultura-dimpresa-mancante-nel-made-in-italy\/#primaryimage"},"thumbnailUrl":"https:\/\/wipconsulting.it\/wp-content\/uploads\/2024\/05\/257-2.png","datePublished":"2024-05-21T14:53:49+00:00","dateModified":"2025-10-21T10:00:19+00:00","breadcrumb":{"@id":"https:\/\/wipconsulting.it\/en\/intervista-ad-antonio-calabro-la-cultura-dimpresa-mancante-nel-made-in-italy\/#breadcrumb"},"inLanguage":"en-US","potentialAction":[{"@type":"ReadAction","target":["https:\/\/wipconsulting.it\/en\/intervista-ad-antonio-calabro-la-cultura-dimpresa-mancante-nel-made-in-italy\/"]}]},{"@type":"ImageObject","inLanguage":"en-US","@id":"https:\/\/wipconsulting.it\/en\/intervista-ad-antonio-calabro-la-cultura-dimpresa-mancante-nel-made-in-italy\/#primaryimage","url":"https:\/\/wipconsulting.it\/wp-content\/uploads\/2024\/05\/257-2.png","contentUrl":"https:\/\/wipconsulting.it\/wp-content\/uploads\/2024\/05\/257-2.png","width":703,"height":376},{"@type":"BreadcrumbList","@id":"https:\/\/wipconsulting.it\/en\/intervista-ad-antonio-calabro-la-cultura-dimpresa-mancante-nel-made-in-italy\/#breadcrumb","itemListElement":[{"@type":"ListItem","position":1,"name":"Home","item":"https:\/\/wipconsulting.it\/en\/home\/"},{"@type":"ListItem","position":2,"name":"Intervista ad Antonio Calabr\u00f2: la cultura d&#8217;impresa mancante nel Made in Italy"}]},{"@type":"WebSite","@id":"https:\/\/wipconsulting.it\/en\/#website","url":"https:\/\/wipconsulting.it\/en\/","name":"wipconsulting.it","description":"Formazione alle imprese","publisher":{"@id":"https:\/\/wipconsulting.it\/en\/#organization"},"potentialAction":[{"@type":"SearchAction","target":{"@type":"EntryPoint","urlTemplate":"https:\/\/wipconsulting.it\/en\/?s={search_term_string}"},"query-input":{"@type":"PropertyValueSpecification","valueRequired":true,"valueName":"search_term_string"}}],"inLanguage":"en-US"},{"@type":"Organization","@id":"https:\/\/wipconsulting.it\/en\/#organization","name":"WIP Consulting","url":"https:\/\/wipconsulting.it\/en\/","logo":{"@type":"ImageObject","inLanguage":"en-US","@id":"https:\/\/wipconsulting.it\/en\/#\/schema\/logo\/image\/","url":"https:\/\/wipconsulting.it\/wp-content\/uploads\/2023\/12\/logo_wip_consulting_2colori_Registered_v02.svg","contentUrl":"https:\/\/wipconsulting.it\/wp-content\/uploads\/2023\/12\/logo_wip_consulting_2colori_Registered_v02.svg","caption":"WIP Consulting"},"image":{"@id":"https:\/\/wipconsulting.it\/en\/#\/schema\/logo\/image\/"}},{"@type":"Person","@id":"https:\/\/wipconsulting.it\/en\/#\/schema\/person\/f1f15031747fe6ee68cc6ff5dc3957c0","name":"aina@wipconsulting.it","image":{"@type":"ImageObject","inLanguage":"en-US","@id":"https:\/\/secure.gravatar.com\/avatar\/e618be2f279f283195b0f6280a54ad1aba295869e2567d09ddb10d3d67e75125?s=96&d=mm&r=g","url":"https:\/\/secure.gravatar.com\/avatar\/e618be2f279f283195b0f6280a54ad1aba295869e2567d09ddb10d3d67e75125?s=96&d=mm&r=g","contentUrl":"https:\/\/secure.gravatar.com\/avatar\/e618be2f279f283195b0f6280a54ad1aba295869e2567d09ddb10d3d67e75125?s=96&d=mm&r=g","caption":"aina@wipconsulting.it"},"url":"https:\/\/wipconsulting.it\/en\/author\/ainawipconsulting-it\/"}]}},"_links":{"self":[{"href":"https:\/\/wipconsulting.it\/en\/wp-json\/wp\/v2\/posts\/10632","targetHints":{"allow":["GET"]}}],"collection":[{"href":"https:\/\/wipconsulting.it\/en\/wp-json\/wp\/v2\/posts"}],"about":[{"href":"https:\/\/wipconsulting.it\/en\/wp-json\/wp\/v2\/types\/post"}],"author":[{"embeddable":true,"href":"https:\/\/wipconsulting.it\/en\/wp-json\/wp\/v2\/users\/20"}],"replies":[{"embeddable":true,"href":"https:\/\/wipconsulting.it\/en\/wp-json\/wp\/v2\/comments?post=10632"}],"version-history":[{"count":3,"href":"https:\/\/wipconsulting.it\/en\/wp-json\/wp\/v2\/posts\/10632\/revisions"}],"predecessor-version":[{"id":10677,"href":"https:\/\/wipconsulting.it\/en\/wp-json\/wp\/v2\/posts\/10632\/revisions\/10677"}],"wp:featuredmedia":[{"embeddable":true,"href":"https:\/\/wipconsulting.it\/en\/wp-json\/wp\/v2\/media\/10634"}],"wp:attachment":[{"href":"https:\/\/wipconsulting.it\/en\/wp-json\/wp\/v2\/media?parent=10632"}],"wp:term":[{"taxonomy":"category","embeddable":true,"href":"https:\/\/wipconsulting.it\/en\/wp-json\/wp\/v2\/categories?post=10632"},{"taxonomy":"post_tag","embeddable":true,"href":"https:\/\/wipconsulting.it\/en\/wp-json\/wp\/v2\/tags?post=10632"}],"curies":[{"name":"wp","href":"https:\/\/api.w.org\/{rel}","templated":true}]}}