{"id":16953,"date":"2026-01-19T12:27:59","date_gmt":"2026-01-19T11:27:59","guid":{"rendered":"https:\/\/wipconsulting.it\/?p=16953"},"modified":"2026-01-20T16:10:13","modified_gmt":"2026-01-20T15:10:13","slug":"siglato-lo-storico-accordo-ue-mercosur","status":"publish","type":"post","link":"https:\/\/wipconsulting.it\/en\/siglato-lo-storico-accordo-ue-mercosur\/","title":{"rendered":"UE-Mercosur, l&#8217;accordo \u00e8 firmato"},"content":{"rendered":"<p><span style=\"font-weight: 400;\">Sabato 17 Gennaio 2026 &#8211; In una cerimonia caratterizzata da discorsi sulla cooperazione e il multilateralismo, i leader dell\u2019Unione Europea e del Mercosur hanno firmato uno storico accordo commerciale dopo oltre 25 anni di negoziati.<\/span><\/p>\n<p><span style=\"font-weight: 400;\">Il trattato crea la pi\u00f9 grande area di libero scambio al mondo, integrando i mercati, riducendo le tariffe doganali e stimolando gli investimenti.<\/span><\/p>\n<p><span style=\"font-weight: 400;\">La cerimonia ha avuto luogo presso il Gran Teatro Jos\u00e9 Asunci\u00f3n Flores della Banca Centrale del Paraguay, ad Asunci\u00f3n, luogo in cui nel 1991 fu firmato il trattato istitutivo del Mercosur.<\/span><\/p>\n<p><span style=\"font-weight: 400;\">In rappresentanza del Mercosur erano presenti il \u200b\u200bPresidente del Paraguay Santiago Pe\u00f1a, il Presidente dell&#8217;Argentina Javier Milei, il Presidente dell&#8217;Uruguay Yamand\u00fa Orsi, il Presidente della Bolivia Rodrigo Paz e il Presidente di Panama, Jos\u00e9 Ra\u00fal Mulino. <\/span><span style=\"font-weight: 400;\">Il <\/span><span style=\"font-weight: 400;\"><a href=\"https:\/\/g1.globo.com\/politica\/noticia\/2026\/01\/16\/lula-nao-vai-participar-da-assinatura-oficial-do-acordo-entre-o-mercosul-e-a-uniao-europeia-entenda.ghtml\">Presidente Lula<\/a> era l&#8217;unico capo di Stato assente alla cerimonia ed \u00e8 per questo che il Brasile \u00e8 stato rappresentato dal Ministro degli Affari Esteri, Mauro Vieira.<\/span><\/p>\n<p><span style=\"font-weight: 400;\">A rappresentare l&#8217;<\/span><a href=\"https:\/\/g1.globo.com\/tudo-sobre\/uniao-europeia\/\"><span style=\"font-weight: 400;\">Unione Europea<\/span><\/a><span style=\"font-weight: 400;\"> c&#8217;erano la presidente della Commissione europea Ursula von der Leyen, e il presidente del Consiglio europeo, Ant\u00f3nio Costa. Nel corso della cerimonia, von der Leyen ha dichiarato che i due blocchi hanno scelto <em>&#8220;il partenariato anzich\u00e9 l&#8217;isolamento&#8221;<\/em> e <em>&#8220;il commercio equo anzich\u00e9 i dazi&#8221;<\/em>.<\/span><\/p>\n<p><span style=\"font-weight: 400;\"><em>&#8220;Oggi firmiamo un documento molto importante. \u00c8 il simbolo di una nuova partnership tra Mercosur ed Europa. Abbiamo scelto una partnership produttiva e duratura anzich\u00e9 l&#8217;isolamento e, soprattutto, intendiamo offrire benefici reali e tangibili&#8221;.<\/em><\/span><\/p>\n<p><span style=\"font-weight: 400;\">Il presidente del\u00a0<\/span><a href=\"https:\/\/g1.globo.com\/tudo-sobre\/paraguai\/\"><span style=\"font-weight: 400;\">Paraguay <\/span><\/a><span style=\"font-weight: 400;\">Santiago Pe\u00f1a, presidente pro tempore del\u00a0<\/span><a href=\"https:\/\/g1.globo.com\/tudo-sobre\/mercosul\/\"><span style=\"font-weight: 400;\">Mercosur<\/span><\/a><span style=\"font-weight: 400;\">, ha descritto il trattato come un <em>&#8220;successo storico&#8221;<\/em> e ha affermato che l&#8217;accordo invia un chiaro messaggio a favore del commercio internazionale, del dialogo e della cooperazione tra i paesi. <em>&#8220;Scommettiamo su un futuro con pi\u00f9 coraggio e audacia e approfondiamo la nostra Unione. In un mondo complesso, l&#8217;UE e il Sud America devono unirsi per indicare una strada diversa&#8221;<\/em>, ha sottolineato il presidente paraguaiano.<\/span><\/p>\n<p><span style=\"font-weight: 400;\">L&#8217;aspettativa \u00e8 che l&#8217;accordo commerciale integri meglio i mercati di entrambi i blocchi ed espanda il flusso di beni e investimenti tra il Sud America e l&#8217;Eurozona, creando un mercato comune di oltre 720 milioni di consumatori.<\/span><\/p>\n<p><span style=\"font-weight: 400;\">Secondo i dati della Commissione Europea, il Brasile rappresenta oltre l&#8217;82% di tutte le importazioni europee provenienti dal Mercosur e circa il 79% delle esportazioni del blocco sudamericano destinate al vecchio continente.<\/span><\/p>\n<p><span style=\"font-weight: 400;\">L&#8217;accordo prevede la\u00a0graduale riduzione o eliminazione dei dazi doganali sulle importazioni e sulle esportazioni, che rappresentano\u00a0oltre il 90% del commercio totale tra i due blocchi. Il testo stabilisce inoltre norme comuni per settori quali i beni industriali e agricoli, gli investimenti e gli standard normativi.<\/span><\/p>\n<p><span style=\"font-weight: 400;\">La firma, tuttavia, non conclude il processo:\u00a0affinch\u00e9 il trattato entri in vigore, il testo dovr\u00e0 ancora essere ratificato dai parlamenti dei paesi coinvolti, un percorso che tende a essere lungo e politicamente delicato, soprattutto all&#8217;interno dell&#8217;UE.\u00a0<\/span><\/p>\n<p><em>Contenuti protetti da copyright\u00a9. \u00c8 vietata la riproduzione, anche parziale, del testo con qualsiasi mezzo, senza autorizzazione.<\/em><\/p>\n","protected":false},"excerpt":{"rendered":"<p>Sabato 17 Gennaio 2026 &#8211; In una cerimonia caratterizzata da discorsi sulla cooperazione e il multilateralismo, i leader dell\u2019Unione Europea e del Mercosur hanno firmato uno storico accordo commerciale dopo oltre 25 anni di negoziati. Il trattato crea la pi\u00f9 grande area di libero scambio al mondo, integrando i mercati, riducendo le tariffe doganali e [&hellip;]<\/p>\n","protected":false},"author":27,"featured_media":16955,"comment_status":"closed","ping_status":"closed","sticky":false,"template":"","format":"standard","meta":{"footnotes":""},"categories":[73],"tags":[],"class_list":["post-16953","post","type-post","status-publish","format-standard","has-post-thumbnail","hentry","category-mercati-estero"],"yoast_head":"<!-- This site is optimized with the Yoast SEO plugin v27.5 - https:\/\/yoast.com\/product\/yoast-seo-wordpress\/ -->\n<title>UE-Mercosur, l&#039;accordo \u00e8 firmato - WIP Consulting | Consulenza strategica<\/title>\n<meta name=\"description\" content=\"UE e Mercosur firmano storico accordo di libero scambio: dopo 25 anni nasce la pi\u00f9 grande area commerciale, ora la ratifica.\" \/>\n<meta name=\"robots\" content=\"index, follow, max-snippet:-1, max-image-preview:large, max-video-preview:-1\" \/>\n<link rel=\"canonical\" href=\"https:\/\/wipconsulting.it\/en\/siglato-lo-storico-accordo-ue-mercosur\/\" \/>\n<meta property=\"og:locale\" content=\"en_US\" \/>\n<meta property=\"og:type\" content=\"article\" \/>\n<meta property=\"og:title\" content=\"UE-Mercosur, l&#039;accordo \u00e8 firmato - WIP Consulting | Consulenza strategica\" \/>\n<meta property=\"og:description\" content=\"UE e Mercosur firmano storico accordo di libero scambio: dopo 25 anni nasce la pi\u00f9 grande area commerciale, ora la ratifica.\" \/>\n<meta property=\"og:url\" content=\"https:\/\/wipconsulting.it\/en\/siglato-lo-storico-accordo-ue-mercosur\/\" \/>\n<meta property=\"og:site_name\" content=\"WIP Consulting | Consulenza strategica\" \/>\n<meta property=\"article:published_time\" content=\"2026-01-19T11:27:59+00:00\" \/>\n<meta property=\"article:modified_time\" content=\"2026-01-20T15:10:13+00:00\" \/>\n<meta property=\"og:image\" content=\"https:\/\/wipconsulting.it\/wp-content\/uploads\/2026\/01\/ue-mercosur-accordo-firmato-il-commercio-globale-volta-pagina.jpg\" \/>\n\t<meta property=\"og:image:width\" content=\"1656\" \/>\n\t<meta property=\"og:image:height\" content=\"1165\" \/>\n\t<meta property=\"og:image:type\" content=\"image\/jpeg\" \/>\n<meta name=\"author\" content=\"palumbo\" \/>\n<meta name=\"twitter:card\" content=\"summary_large_image\" \/>\n<meta name=\"twitter:label1\" content=\"Written by\" \/>\n\t<meta name=\"twitter:data1\" content=\"palumbo\" \/>\n\t<meta name=\"twitter:label2\" content=\"Est. reading time\" \/>\n\t<meta name=\"twitter:data2\" content=\"3 minutes\" \/>\n<script type=\"application\/ld+json\" class=\"yoast-schema-graph\">{\"@context\":\"https:\\\/\\\/schema.org\",\"@graph\":[{\"@type\":\"Article\",\"@id\":\"https:\\\/\\\/wipconsulting.it\\\/en\\\/siglato-lo-storico-accordo-ue-mercosur\\\/#article\",\"isPartOf\":{\"@id\":\"https:\\\/\\\/wipconsulting.it\\\/en\\\/siglato-lo-storico-accordo-ue-mercosur\\\/\"},\"author\":{\"name\":\"palumbo\",\"@id\":\"https:\\\/\\\/wipconsulting.it\\\/en\\\/#\\\/schema\\\/person\\\/8de2db90898f864a55eadefdb8cc6e10\"},\"headline\":\"UE-Mercosur, l&#8217;accordo \u00e8 firmato\",\"datePublished\":\"2026-01-19T11:27:59+00:00\",\"dateModified\":\"2026-01-20T15:10:13+00:00\",\"mainEntityOfPage\":{\"@id\":\"https:\\\/\\\/wipconsulting.it\\\/en\\\/siglato-lo-storico-accordo-ue-mercosur\\\/\"},\"wordCount\":480,\"publisher\":{\"@id\":\"https:\\\/\\\/wipconsulting.it\\\/en\\\/#organization\"},\"image\":{\"@id\":\"https:\\\/\\\/wipconsulting.it\\\/en\\\/siglato-lo-storico-accordo-ue-mercosur\\\/#primaryimage\"},\"thumbnailUrl\":\"https:\\\/\\\/wipconsulting.it\\\/wp-content\\\/uploads\\\/2026\\\/01\\\/ue-mercosur-accordo-firmato-il-commercio-globale-volta-pagina.jpg\",\"articleSection\":[\"Mercati estero\"],\"inLanguage\":\"en-US\"},{\"@type\":\"WebPage\",\"@id\":\"https:\\\/\\\/wipconsulting.it\\\/en\\\/siglato-lo-storico-accordo-ue-mercosur\\\/\",\"url\":\"https:\\\/\\\/wipconsulting.it\\\/en\\\/siglato-lo-storico-accordo-ue-mercosur\\\/\",\"name\":\"UE-Mercosur, l'accordo \u00e8 firmato - WIP Consulting | Consulenza strategica\",\"isPartOf\":{\"@id\":\"https:\\\/\\\/wipconsulting.it\\\/en\\\/#website\"},\"primaryImageOfPage\":{\"@id\":\"https:\\\/\\\/wipconsulting.it\\\/en\\\/siglato-lo-storico-accordo-ue-mercosur\\\/#primaryimage\"},\"image\":{\"@id\":\"https:\\\/\\\/wipconsulting.it\\\/en\\\/siglato-lo-storico-accordo-ue-mercosur\\\/#primaryimage\"},\"thumbnailUrl\":\"https:\\\/\\\/wipconsulting.it\\\/wp-content\\\/uploads\\\/2026\\\/01\\\/ue-mercosur-accordo-firmato-il-commercio-globale-volta-pagina.jpg\",\"datePublished\":\"2026-01-19T11:27:59+00:00\",\"dateModified\":\"2026-01-20T15:10:13+00:00\",\"description\":\"UE e Mercosur firmano storico accordo di libero scambio: dopo 25 anni nasce la pi\u00f9 grande area commerciale, ora la ratifica.\",\"breadcrumb\":{\"@id\":\"https:\\\/\\\/wipconsulting.it\\\/en\\\/siglato-lo-storico-accordo-ue-mercosur\\\/#breadcrumb\"},\"inLanguage\":\"en-US\",\"potentialAction\":[{\"@type\":\"ReadAction\",\"target\":[\"https:\\\/\\\/wipconsulting.it\\\/en\\\/siglato-lo-storico-accordo-ue-mercosur\\\/\"]}]},{\"@type\":\"ImageObject\",\"inLanguage\":\"en-US\",\"@id\":\"https:\\\/\\\/wipconsulting.it\\\/en\\\/siglato-lo-storico-accordo-ue-mercosur\\\/#primaryimage\",\"url\":\"https:\\\/\\\/wipconsulting.it\\\/wp-content\\\/uploads\\\/2026\\\/01\\\/ue-mercosur-accordo-firmato-il-commercio-globale-volta-pagina.jpg\",\"contentUrl\":\"https:\\\/\\\/wipconsulting.it\\\/wp-content\\\/uploads\\\/2026\\\/01\\\/ue-mercosur-accordo-firmato-il-commercio-globale-volta-pagina.jpg\",\"width\":1656,\"height\":1165},{\"@type\":\"BreadcrumbList\",\"@id\":\"https:\\\/\\\/wipconsulting.it\\\/en\\\/siglato-lo-storico-accordo-ue-mercosur\\\/#breadcrumb\",\"itemListElement\":[{\"@type\":\"ListItem\",\"position\":1,\"name\":\"Home\",\"item\":\"https:\\\/\\\/wipconsulting.it\\\/en\\\/home\\\/\"},{\"@type\":\"ListItem\",\"position\":2,\"name\":\"UE-Mercosur, l&#8217;accordo \u00e8 firmato\"}]},{\"@type\":\"WebSite\",\"@id\":\"https:\\\/\\\/wipconsulting.it\\\/en\\\/#website\",\"url\":\"https:\\\/\\\/wipconsulting.it\\\/en\\\/\",\"name\":\"wipconsulting.it\",\"description\":\"Formazione alle imprese\",\"publisher\":{\"@id\":\"https:\\\/\\\/wipconsulting.it\\\/en\\\/#organization\"},\"potentialAction\":[{\"@type\":\"SearchAction\",\"target\":{\"@type\":\"EntryPoint\",\"urlTemplate\":\"https:\\\/\\\/wipconsulting.it\\\/en\\\/?s={search_term_string}\"},\"query-input\":{\"@type\":\"PropertyValueSpecification\",\"valueRequired\":true,\"valueName\":\"search_term_string\"}}],\"inLanguage\":\"en-US\"},{\"@type\":\"Organization\",\"@id\":\"https:\\\/\\\/wipconsulting.it\\\/en\\\/#organization\",\"name\":\"WIP Consulting\",\"url\":\"https:\\\/\\\/wipconsulting.it\\\/en\\\/\",\"logo\":{\"@type\":\"ImageObject\",\"inLanguage\":\"en-US\",\"@id\":\"https:\\\/\\\/wipconsulting.it\\\/en\\\/#\\\/schema\\\/logo\\\/image\\\/\",\"url\":\"https:\\\/\\\/wipconsulting.it\\\/wp-content\\\/uploads\\\/2023\\\/12\\\/logo_wip_consulting_2colori_Registered_v02.svg\",\"contentUrl\":\"https:\\\/\\\/wipconsulting.it\\\/wp-content\\\/uploads\\\/2023\\\/12\\\/logo_wip_consulting_2colori_Registered_v02.svg\",\"caption\":\"WIP Consulting\"},\"image\":{\"@id\":\"https:\\\/\\\/wipconsulting.it\\\/en\\\/#\\\/schema\\\/logo\\\/image\\\/\"}},{\"@type\":\"Person\",\"@id\":\"https:\\\/\\\/wipconsulting.it\\\/en\\\/#\\\/schema\\\/person\\\/8de2db90898f864a55eadefdb8cc6e10\",\"name\":\"palumbo\",\"image\":{\"@type\":\"ImageObject\",\"inLanguage\":\"en-US\",\"@id\":\"https:\\\/\\\/secure.gravatar.com\\\/avatar\\\/493654915231df341dbf19a0af4e4d667d639ce2a66582f1c6e9fdd2ae0fa99e?s=96&d=mm&r=g\",\"url\":\"https:\\\/\\\/secure.gravatar.com\\\/avatar\\\/493654915231df341dbf19a0af4e4d667d639ce2a66582f1c6e9fdd2ae0fa99e?s=96&d=mm&r=g\",\"contentUrl\":\"https:\\\/\\\/secure.gravatar.com\\\/avatar\\\/493654915231df341dbf19a0af4e4d667d639ce2a66582f1c6e9fdd2ae0fa99e?s=96&d=mm&r=g\",\"caption\":\"palumbo\"},\"url\":\"https:\\\/\\\/wipconsulting.it\\\/en\\\/author\\\/palumbo\\\/\"}]}<\/script>\n<!-- \/ Yoast SEO plugin. -->","yoast_head_json":{"title":"UE-Mercosur, l'accordo \u00e8 firmato - WIP Consulting | Consulenza strategica","description":"UE e Mercosur firmano storico accordo di libero scambio: dopo 25 anni nasce la pi\u00f9 grande area commerciale, ora la ratifica.","robots":{"index":"index","follow":"follow","max-snippet":"max-snippet:-1","max-image-preview":"max-image-preview:large","max-video-preview":"max-video-preview:-1"},"canonical":"https:\/\/wipconsulting.it\/en\/siglato-lo-storico-accordo-ue-mercosur\/","og_locale":"en_US","og_type":"article","og_title":"UE-Mercosur, l'accordo \u00e8 firmato - WIP Consulting | Consulenza strategica","og_description":"UE e Mercosur firmano storico accordo di libero scambio: dopo 25 anni nasce la pi\u00f9 grande area commerciale, ora la ratifica.","og_url":"https:\/\/wipconsulting.it\/en\/siglato-lo-storico-accordo-ue-mercosur\/","og_site_name":"WIP Consulting | Consulenza strategica","article_published_time":"2026-01-19T11:27:59+00:00","article_modified_time":"2026-01-20T15:10:13+00:00","og_image":[{"width":1656,"height":1165,"url":"https:\/\/wipconsulting.it\/wp-content\/uploads\/2026\/01\/ue-mercosur-accordo-firmato-il-commercio-globale-volta-pagina.jpg","type":"image\/jpeg"}],"author":"palumbo","twitter_card":"summary_large_image","twitter_misc":{"Written by":"palumbo","Est. reading time":"3 minutes"},"schema":{"@context":"https:\/\/schema.org","@graph":[{"@type":"Article","@id":"https:\/\/wipconsulting.it\/en\/siglato-lo-storico-accordo-ue-mercosur\/#article","isPartOf":{"@id":"https:\/\/wipconsulting.it\/en\/siglato-lo-storico-accordo-ue-mercosur\/"},"author":{"name":"palumbo","@id":"https:\/\/wipconsulting.it\/en\/#\/schema\/person\/8de2db90898f864a55eadefdb8cc6e10"},"headline":"UE-Mercosur, l&#8217;accordo \u00e8 firmato","datePublished":"2026-01-19T11:27:59+00:00","dateModified":"2026-01-20T15:10:13+00:00","mainEntityOfPage":{"@id":"https:\/\/wipconsulting.it\/en\/siglato-lo-storico-accordo-ue-mercosur\/"},"wordCount":480,"publisher":{"@id":"https:\/\/wipconsulting.it\/en\/#organization"},"image":{"@id":"https:\/\/wipconsulting.it\/en\/siglato-lo-storico-accordo-ue-mercosur\/#primaryimage"},"thumbnailUrl":"https:\/\/wipconsulting.it\/wp-content\/uploads\/2026\/01\/ue-mercosur-accordo-firmato-il-commercio-globale-volta-pagina.jpg","articleSection":["Mercati estero"],"inLanguage":"en-US"},{"@type":"WebPage","@id":"https:\/\/wipconsulting.it\/en\/siglato-lo-storico-accordo-ue-mercosur\/","url":"https:\/\/wipconsulting.it\/en\/siglato-lo-storico-accordo-ue-mercosur\/","name":"UE-Mercosur, l'accordo \u00e8 firmato - WIP Consulting | Consulenza strategica","isPartOf":{"@id":"https:\/\/wipconsulting.it\/en\/#website"},"primaryImageOfPage":{"@id":"https:\/\/wipconsulting.it\/en\/siglato-lo-storico-accordo-ue-mercosur\/#primaryimage"},"image":{"@id":"https:\/\/wipconsulting.it\/en\/siglato-lo-storico-accordo-ue-mercosur\/#primaryimage"},"thumbnailUrl":"https:\/\/wipconsulting.it\/wp-content\/uploads\/2026\/01\/ue-mercosur-accordo-firmato-il-commercio-globale-volta-pagina.jpg","datePublished":"2026-01-19T11:27:59+00:00","dateModified":"2026-01-20T15:10:13+00:00","description":"UE e Mercosur firmano storico accordo di libero scambio: dopo 25 anni nasce la pi\u00f9 grande area commerciale, ora la ratifica.","breadcrumb":{"@id":"https:\/\/wipconsulting.it\/en\/siglato-lo-storico-accordo-ue-mercosur\/#breadcrumb"},"inLanguage":"en-US","potentialAction":[{"@type":"ReadAction","target":["https:\/\/wipconsulting.it\/en\/siglato-lo-storico-accordo-ue-mercosur\/"]}]},{"@type":"ImageObject","inLanguage":"en-US","@id":"https:\/\/wipconsulting.it\/en\/siglato-lo-storico-accordo-ue-mercosur\/#primaryimage","url":"https:\/\/wipconsulting.it\/wp-content\/uploads\/2026\/01\/ue-mercosur-accordo-firmato-il-commercio-globale-volta-pagina.jpg","contentUrl":"https:\/\/wipconsulting.it\/wp-content\/uploads\/2026\/01\/ue-mercosur-accordo-firmato-il-commercio-globale-volta-pagina.jpg","width":1656,"height":1165},{"@type":"BreadcrumbList","@id":"https:\/\/wipconsulting.it\/en\/siglato-lo-storico-accordo-ue-mercosur\/#breadcrumb","itemListElement":[{"@type":"ListItem","position":1,"name":"Home","item":"https:\/\/wipconsulting.it\/en\/home\/"},{"@type":"ListItem","position":2,"name":"UE-Mercosur, l&#8217;accordo \u00e8 firmato"}]},{"@type":"WebSite","@id":"https:\/\/wipconsulting.it\/en\/#website","url":"https:\/\/wipconsulting.it\/en\/","name":"wipconsulting.it","description":"Formazione alle imprese","publisher":{"@id":"https:\/\/wipconsulting.it\/en\/#organization"},"potentialAction":[{"@type":"SearchAction","target":{"@type":"EntryPoint","urlTemplate":"https:\/\/wipconsulting.it\/en\/?s={search_term_string}"},"query-input":{"@type":"PropertyValueSpecification","valueRequired":true,"valueName":"search_term_string"}}],"inLanguage":"en-US"},{"@type":"Organization","@id":"https:\/\/wipconsulting.it\/en\/#organization","name":"WIP Consulting","url":"https:\/\/wipconsulting.it\/en\/","logo":{"@type":"ImageObject","inLanguage":"en-US","@id":"https:\/\/wipconsulting.it\/en\/#\/schema\/logo\/image\/","url":"https:\/\/wipconsulting.it\/wp-content\/uploads\/2023\/12\/logo_wip_consulting_2colori_Registered_v02.svg","contentUrl":"https:\/\/wipconsulting.it\/wp-content\/uploads\/2023\/12\/logo_wip_consulting_2colori_Registered_v02.svg","caption":"WIP Consulting"},"image":{"@id":"https:\/\/wipconsulting.it\/en\/#\/schema\/logo\/image\/"}},{"@type":"Person","@id":"https:\/\/wipconsulting.it\/en\/#\/schema\/person\/8de2db90898f864a55eadefdb8cc6e10","name":"palumbo","image":{"@type":"ImageObject","inLanguage":"en-US","@id":"https:\/\/secure.gravatar.com\/avatar\/493654915231df341dbf19a0af4e4d667d639ce2a66582f1c6e9fdd2ae0fa99e?s=96&d=mm&r=g","url":"https:\/\/secure.gravatar.com\/avatar\/493654915231df341dbf19a0af4e4d667d639ce2a66582f1c6e9fdd2ae0fa99e?s=96&d=mm&r=g","contentUrl":"https:\/\/secure.gravatar.com\/avatar\/493654915231df341dbf19a0af4e4d667d639ce2a66582f1c6e9fdd2ae0fa99e?s=96&d=mm&r=g","caption":"palumbo"},"url":"https:\/\/wipconsulting.it\/en\/author\/palumbo\/"}]}},"_links":{"self":[{"href":"https:\/\/wipconsulting.it\/en\/wp-json\/wp\/v2\/posts\/16953","targetHints":{"allow":["GET"]}}],"collection":[{"href":"https:\/\/wipconsulting.it\/en\/wp-json\/wp\/v2\/posts"}],"about":[{"href":"https:\/\/wipconsulting.it\/en\/wp-json\/wp\/v2\/types\/post"}],"author":[{"embeddable":true,"href":"https:\/\/wipconsulting.it\/en\/wp-json\/wp\/v2\/users\/27"}],"replies":[{"embeddable":true,"href":"https:\/\/wipconsulting.it\/en\/wp-json\/wp\/v2\/comments?post=16953"}],"version-history":[{"count":3,"href":"https:\/\/wipconsulting.it\/en\/wp-json\/wp\/v2\/posts\/16953\/revisions"}],"predecessor-version":[{"id":17128,"href":"https:\/\/wipconsulting.it\/en\/wp-json\/wp\/v2\/posts\/16953\/revisions\/17128"}],"wp:featuredmedia":[{"embeddable":true,"href":"https:\/\/wipconsulting.it\/en\/wp-json\/wp\/v2\/media\/16955"}],"wp:attachment":[{"href":"https:\/\/wipconsulting.it\/en\/wp-json\/wp\/v2\/media?parent=16953"}],"wp:term":[{"taxonomy":"category","embeddable":true,"href":"https:\/\/wipconsulting.it\/en\/wp-json\/wp\/v2\/categories?post=16953"},{"taxonomy":"post_tag","embeddable":true,"href":"https:\/\/wipconsulting.it\/en\/wp-json\/wp\/v2\/tags?post=16953"}],"curies":[{"name":"wp","href":"https:\/\/api.w.org\/{rel}","templated":true}]}}