{"id":2646,"date":"2021-11-12T10:50:48","date_gmt":"2021-11-12T10:50:48","guid":{"rendered":"https:\/\/www.wipconsulting.it\/?p=2646"},"modified":"2024-05-24T19:02:03","modified_gmt":"2024-05-24T17:02:03","slug":"il-patto-della-dirigenza-per-litalia-allassemblea-annuale-di-federmanager","status":"publish","type":"post","link":"https:\/\/wipconsulting.it\/en\/il-patto-della-dirigenza-per-litalia-allassemblea-annuale-di-federmanager\/","title":{"rendered":"Il Patto della dirigenza per l\u2019Italia all\u2019Assemblea annuale di Federmanager"},"content":{"rendered":"<p class=\"acss2f015\" style=\"text-align: center;\"><strong>Stefano Cuzzilla: \u201c\u00c8 il nostro impegno a collaborare con tutte le forze del<\/strong><\/p>\n<p class=\"acss2f015\" style=\"text-align: center;\"><strong>Paese per un nuovo rinascimento italiano\u201d.<\/strong><\/p>\n<p class=\"acss2f015\" style=\"text-align: center;\"><strong>Sostenibilit\u00e0, inclusivit\u00e0, competenze e legalit\u00e0:<\/strong><\/p>\n<p class=\"acss2f015\" style=\"text-align: center;\"><strong>i quattro pilastri per guidare la ripresa.<\/strong><\/p>\n<p class=\"acss2f015\" style=\"text-align: center;\"><strong>In netta risalita la domanda di manager da parte delle imprese:<\/strong><\/p>\n<p class=\"acss2f015\" style=\"text-align: center;\"><strong>+ 50% rispetto a un anno fa.<\/strong><\/p>\n<p>Roma, 12 novembre 2021 \u2013 Un\u00a0<strong>Patto della dirigenza per l\u2019Italia<\/strong>, quello delineato dal\u00a0<strong>presidente di <a href=\"https:\/\/www.federmanager.it\/\">Federmanager<\/a><\/strong>\u00a0<strong>Stefano Cuzzilla<\/strong>\u00a0oggi a Roma di fronte a oltre 600 tra dirigenti d\u2019impresa e rappresentanti delle istituzioni, per costruire una crescita economica robusta e duratura, basata su occupazione, inclusivit\u00e0, welfare, transizione ecologica e trasformazione digitale.<\/p>\n<p>Oltre al presidente\u00a0<strong>Stefano Cuzzilla<\/strong>, l\u2019Assemblea annuale di Federmanager ha visto la presenza del ministro degli Esteri\u00a0<strong>Luigi Di Maio<\/strong>, del ministro per le Pari opportunit\u00e0\u00a0<strong>Elena Bonetti<\/strong>\u00a0e del ministro della Difesa\u00a0<strong>Lorenzo<\/strong>\u00a0<strong>Guerini.\u00a0<\/strong>Un particolare saluto di indirizzo \u00e8 stato portato dal commissario straordinario per l\u2019emergenza Covid\u00a0<strong>Francesco Paolo Figliuolo<\/strong>.<\/p>\n<p>Al centro dei lavori, il Patto della dirigenza per l\u2019Italia per il rilancio economico del Paese, a partire dalla \u201cmessa a terra\u201d degli interventi previsti dal Pnrr.<\/p>\n<p>\u00ab\u00c8 il nostro impegno a collaborare con tutte le forze del Paese per un nuovo rinascimento italiano e realizzare un sistema economicamente pi\u00f9 competitivo, socialmente pi\u00f9 equo ed ambientalmente pi\u00f9 sostenibile \u2013 ha dichiarato\u00a0<strong>Stefano Cuzzilla<\/strong>\u00a0nel suo intervento di apertura \u2013 I manager italiani hanno gi\u00e0 dimostrato di detenere strumenti concreti e metodo d\u2019attuazione che hanno salvato le nostre imprese nel periodo pi\u00f9 buio della pandemia. Ora siamo pronti per concretizzare il piano pi\u00f9 ambizioso di riforme ed investimenti che si ricordi dal dopoguerra\u00bb.<\/p>\n<p>Oltre 222 miliardi di euro che sommati alle altre risorse nazionali ed europee, configurano una capacit\u00e0 di spesa 10 volte maggiore di quella sperimentata finora. Una tale improvvisa e massiccia iniezione di denaro rischia di agire come un doping sul sistema, se non si ha chiarezza su quali debbano essere gli obiettivi e su come raggiungerli.<\/p>\n<p>\u00abRisorse da spendere bene, proteggendole con rigore da illegalit\u00e0, corruzione, e da un\u2019evasione fiscale che da sola vale oltre 100 miliardi l\u2019anno, riconoscendo che la cultura manageriale \u00e8 una risorsa strategica per mettere la competenza al centro della gestione \u2013 ha affermato\u00a0<strong>Cuzzilla<\/strong>\u00a0\u2013 sottolineando l\u2019importanza che i\u00a0<strong>dirigenti d\u2019impresa siano chiamati a collaborare ai tavoli decisionali per l\u2019attuazione del Pnrr<\/strong><strong>\u00bb.<\/strong><\/p>\n<p>Secondo le stime di Federmanager e i dati dell\u2019Osservatorio 4.Manager la centralit\u00e0 del ruolo dei dirigenti \u00e8 sempre pi\u00f9 riconosciuta dal sistema d\u2019impresa italiano, cos\u00ec come lo \u00e8 stata nella fase peggiore della pandemia. Secondo l\u2019indagine Federmanager sulle risoluzioni dei rapporti con contratto da dirigente\u00a0<strong>nel 2020 il numero di manager uscito dalle imprese \u00e8 stato del 15% inferiore rispetto al 2019, e a ottobre 2021 la domanda di nuovi manager \u00e8 risultata del 50% superiore a quella dello stesso mese del 2020.<\/strong><\/p>\n<p>Oggi le imprese chiedono competenze nuove, specialistiche e ad alto valore aggiunto. Una tendenza che trova riscontro nei dati forniti dall\u2019Osservatorio 4.Manager che descrivono una difficolt\u00e0 di reperimento in crescita che oggi riguarda il 36,4% del totale nuove assunzioni e che sale al 48,4% per i dirigenti. Esiste quindi un gap ancora da colmare in quanto\u00a0<strong>l\u2019offerta di profili manageriali non riesce a soddisfare la domanda<\/strong>.<\/p>\n<p>\u00abFedermanager \u00e8 profondamente impegnata nello sviluppare piani di aggiornamento professionale e del definire i nuovi profili manageriali necessari al mercato \u2013 ha affermato Cuzzilla -. Prepariamo squadre di manager dell\u2019innovazione, mobility manager, export manager, energy manager, digital cfo e manager per la sostenibilit\u00e0 necessari per massimizzare la ripresa economica.\u00a0 Oggi chiediamo al Governo di sostenere questo sforzo. Chiediamo di confermare il voucher per gli innovation manager e di prevedere strumenti simili per l\u2019inserimento delle altre figure, a partire dai manager per la sostenibilit\u00e0, oltre a sgravi fiscali che incentiveranno le imprese a investire nel nuovo che serve\u00bb.<\/p>\n<p>Un tema, quello delle competenze, che riguarda l\u2019intero sistema produttivo e certamente anche il pubblico e i soggetti a capitale pubblico. \u00abDavvero si pensa che il limite alle retribuzioni dei manager nella pubblica amministrazione o nelle societ\u00e0 partecipate non abbia effetto sulla loro selezione e, quindi, sulle performance aziendali? \u2013 ha affermato\u00a0<strong>Cuzzilla<\/strong>\u00a0nel suo intervento -. \u00a0Che sia possibile, a ogni cambio di maggioranza politica, sostituire la dirigenza senza effetti negativi sull\u2019efficacia della Pa? Perch\u00e9 mai un progetto pubblico dovrebbe rappresentare un sacrificio economico, quasi una crociata piena di insidie? Occorre smetterla di nascondersi dietro a un dito: ragioni di equit\u00e0 e ragioni di opportunit\u00e0 rendono questi limiti controproducenti\u00bb.<\/p>\n<p>Infine, ma non per questo ultimo per importanza, il tema delle\u00a0<strong>riforme fiscali e previdenziali<\/strong>. Federmanager sostiene la richiesta delle imprese di abbattimento del cuneo fiscale e richiama l\u2019urgenza di una riforma dell\u2019Irpef che tuteli i redditi da lavoro e semplifichi gli adempimenti.<\/p>\n<p>I conti pubblici della previdenza e dell\u2019assistenza vanno separati. Cos\u00ec come non \u00e8 pensabile che ancora si sottovaluti l\u2019importanza della\u00a0<strong>previdenza complementare<\/strong>: si sottolinea che, da pi\u00f9 di 20 anni, il limite per la deducibilit\u00e0 fiscale per chi si iscrive a un fondo pensione sia rimasto invariato. Infine, Federmanager considera inammissibile che si proponga di eliminare la tassazione sui rendimenti e di portare a tassazione ordinaria ci\u00f2 che oggi \u00e8 gi\u00e0 tassato al 15%, disincentivando ci\u00f2 che dovrebbe essere incentivato.<\/p>\n<p>I fondi di previdenza complementare raccolgono un risparmio potenzialmente strategico e andrebbero considerati nel loro ruolo di investitori istituzionali. Un ruolo che stanno dimostrando di esercitare, iniziando a investire nell\u2019economia reale, sostenendo settori come infrastrutture, Pmi, real estate. Un ruolo strategico che pu\u00f2 andare a beneficio del nostro Paese, che oggi ha oltre 1.000 miliardi di euro di risparmio privato parcheggiati sui conti correnti.<\/p>\n","protected":false},"excerpt":{"rendered":"<p>Stefano Cuzzilla: \u201c\u00c8 il nostro impegno a collaborare con tutte le forze del Paese per un nuovo rinascimento italiano\u201d. Sostenibilit\u00e0, inclusivit\u00e0, competenze e legalit\u00e0: i quattro pilastri per guidare la ripresa. In netta risalita la domanda di manager da parte delle imprese: + 50% rispetto a un anno fa. Roma, 12 novembre 2021 \u2013 Un\u00a0Patto [&hellip;]<\/p>\n","protected":false},"author":1,"featured_media":2647,"comment_status":"closed","ping_status":"closed","sticky":false,"template":"","format":"standard","meta":{"footnotes":""},"categories":[47,48],"tags":[],"class_list":["post-2646","post","type-post","status-publish","format-standard","has-post-thumbnail","hentry","category-comunicazione","category-mercato-del-lavoro"],"yoast_head":"<!-- This site is optimized with the Yoast SEO plugin v27.5 - https:\/\/yoast.com\/product\/yoast-seo-wordpress\/ -->\n<title>Il Patto della dirigenza per l\u2019Italia all\u2019Assemblea annuale di Federmanager<\/title>\n<meta name=\"description\" content=\"Un\u00a0Patto della dirigenza per l\u2019Italia, quello delineato dal\u00a0presidente di Federmanager\u00a0Stefano Cuzzilla\u00a0oggi a Roma durante l&#039;assemblea annuale\" \/>\n<meta name=\"robots\" content=\"index, follow, max-snippet:-1, max-image-preview:large, max-video-preview:-1\" \/>\n<link rel=\"canonical\" href=\"https:\/\/wipconsulting.it\/en\/il-patto-della-dirigenza-per-litalia-allassemblea-annuale-di-federmanager\/\" \/>\n<meta property=\"og:locale\" content=\"en_US\" \/>\n<meta property=\"og:type\" content=\"article\" \/>\n<meta property=\"og:title\" content=\"Il Patto della dirigenza per l\u2019Italia all\u2019Assemblea annuale di Federmanager\" \/>\n<meta property=\"og:description\" content=\"Un\u00a0Patto della dirigenza per l\u2019Italia, quello delineato dal\u00a0presidente di Federmanager\u00a0Stefano Cuzzilla\u00a0oggi a Roma durante l&#039;assemblea annuale\" \/>\n<meta property=\"og:url\" content=\"https:\/\/wipconsulting.it\/en\/il-patto-della-dirigenza-per-litalia-allassemblea-annuale-di-federmanager\/\" \/>\n<meta property=\"og:site_name\" content=\"WIP Consulting | Consulenza strategica\" \/>\n<meta property=\"article:published_time\" content=\"2021-11-12T10:50:48+00:00\" \/>\n<meta property=\"article:modified_time\" content=\"2024-05-24T17:02:03+00:00\" \/>\n<meta property=\"og:image\" content=\"https:\/\/wipconsulting.it\/wp-content\/uploads\/2021\/11\/osservatorio.png\" \/>\n\t<meta property=\"og:image:width\" content=\"1349\" \/>\n\t<meta property=\"og:image:height\" content=\"553\" \/>\n\t<meta property=\"og:image:type\" content=\"image\/png\" \/>\n<meta name=\"author\" content=\"admin\" \/>\n<meta name=\"twitter:card\" content=\"summary_large_image\" \/>\n<meta name=\"twitter:label1\" content=\"Written by\" \/>\n\t<meta name=\"twitter:data1\" content=\"admin\" \/>\n\t<meta name=\"twitter:label2\" content=\"Est. reading time\" \/>\n\t<meta name=\"twitter:data2\" content=\"5 minutes\" \/>\n<script type=\"application\/ld+json\" class=\"yoast-schema-graph\">{\"@context\":\"https:\\\/\\\/schema.org\",\"@graph\":[{\"@type\":\"Article\",\"@id\":\"https:\\\/\\\/wipconsulting.it\\\/en\\\/il-patto-della-dirigenza-per-litalia-allassemblea-annuale-di-federmanager\\\/#article\",\"isPartOf\":{\"@id\":\"https:\\\/\\\/wipconsulting.it\\\/en\\\/il-patto-della-dirigenza-per-litalia-allassemblea-annuale-di-federmanager\\\/\"},\"author\":{\"name\":\"admin\",\"@id\":\"https:\\\/\\\/wipconsulting.it\\\/en\\\/#\\\/schema\\\/person\\\/318ff9a7b71624aa81b8b0df2c70d8bd\"},\"headline\":\"Il Patto della dirigenza per l\u2019Italia all\u2019Assemblea annuale di Federmanager\",\"datePublished\":\"2021-11-12T10:50:48+00:00\",\"dateModified\":\"2024-05-24T17:02:03+00:00\",\"mainEntityOfPage\":{\"@id\":\"https:\\\/\\\/wipconsulting.it\\\/en\\\/il-patto-della-dirigenza-per-litalia-allassemblea-annuale-di-federmanager\\\/\"},\"wordCount\":925,\"publisher\":{\"@id\":\"https:\\\/\\\/wipconsulting.it\\\/en\\\/#organization\"},\"image\":{\"@id\":\"https:\\\/\\\/wipconsulting.it\\\/en\\\/il-patto-della-dirigenza-per-litalia-allassemblea-annuale-di-federmanager\\\/#primaryimage\"},\"thumbnailUrl\":\"https:\\\/\\\/wipconsulting.it\\\/wp-content\\\/uploads\\\/2021\\\/11\\\/osservatorio.png\",\"articleSection\":[\"Comunicazione\",\"Mercato del Lavoro\"],\"inLanguage\":\"en-US\"},{\"@type\":\"WebPage\",\"@id\":\"https:\\\/\\\/wipconsulting.it\\\/en\\\/il-patto-della-dirigenza-per-litalia-allassemblea-annuale-di-federmanager\\\/\",\"url\":\"https:\\\/\\\/wipconsulting.it\\\/en\\\/il-patto-della-dirigenza-per-litalia-allassemblea-annuale-di-federmanager\\\/\",\"name\":\"Il Patto della dirigenza per l\u2019Italia all\u2019Assemblea annuale di Federmanager\",\"isPartOf\":{\"@id\":\"https:\\\/\\\/wipconsulting.it\\\/en\\\/#website\"},\"primaryImageOfPage\":{\"@id\":\"https:\\\/\\\/wipconsulting.it\\\/en\\\/il-patto-della-dirigenza-per-litalia-allassemblea-annuale-di-federmanager\\\/#primaryimage\"},\"image\":{\"@id\":\"https:\\\/\\\/wipconsulting.it\\\/en\\\/il-patto-della-dirigenza-per-litalia-allassemblea-annuale-di-federmanager\\\/#primaryimage\"},\"thumbnailUrl\":\"https:\\\/\\\/wipconsulting.it\\\/wp-content\\\/uploads\\\/2021\\\/11\\\/osservatorio.png\",\"datePublished\":\"2021-11-12T10:50:48+00:00\",\"dateModified\":\"2024-05-24T17:02:03+00:00\",\"description\":\"Un\u00a0Patto della dirigenza per l\u2019Italia, quello delineato dal\u00a0presidente di Federmanager\u00a0Stefano Cuzzilla\u00a0oggi a Roma durante l'assemblea annuale\",\"breadcrumb\":{\"@id\":\"https:\\\/\\\/wipconsulting.it\\\/en\\\/il-patto-della-dirigenza-per-litalia-allassemblea-annuale-di-federmanager\\\/#breadcrumb\"},\"inLanguage\":\"en-US\",\"potentialAction\":[{\"@type\":\"ReadAction\",\"target\":[\"https:\\\/\\\/wipconsulting.it\\\/en\\\/il-patto-della-dirigenza-per-litalia-allassemblea-annuale-di-federmanager\\\/\"]}]},{\"@type\":\"ImageObject\",\"inLanguage\":\"en-US\",\"@id\":\"https:\\\/\\\/wipconsulting.it\\\/en\\\/il-patto-della-dirigenza-per-litalia-allassemblea-annuale-di-federmanager\\\/#primaryimage\",\"url\":\"https:\\\/\\\/wipconsulting.it\\\/wp-content\\\/uploads\\\/2021\\\/11\\\/osservatorio.png\",\"contentUrl\":\"https:\\\/\\\/wipconsulting.it\\\/wp-content\\\/uploads\\\/2021\\\/11\\\/osservatorio.png\",\"width\":1349,\"height\":553},{\"@type\":\"BreadcrumbList\",\"@id\":\"https:\\\/\\\/wipconsulting.it\\\/en\\\/il-patto-della-dirigenza-per-litalia-allassemblea-annuale-di-federmanager\\\/#breadcrumb\",\"itemListElement\":[{\"@type\":\"ListItem\",\"position\":1,\"name\":\"Home\",\"item\":\"https:\\\/\\\/wipconsulting.it\\\/en\\\/home\\\/\"},{\"@type\":\"ListItem\",\"position\":2,\"name\":\"Il Patto della dirigenza per l\u2019Italia all\u2019Assemblea annuale di Federmanager\"}]},{\"@type\":\"WebSite\",\"@id\":\"https:\\\/\\\/wipconsulting.it\\\/en\\\/#website\",\"url\":\"https:\\\/\\\/wipconsulting.it\\\/en\\\/\",\"name\":\"wipconsulting.it\",\"description\":\"Formazione alle imprese\",\"publisher\":{\"@id\":\"https:\\\/\\\/wipconsulting.it\\\/en\\\/#organization\"},\"potentialAction\":[{\"@type\":\"SearchAction\",\"target\":{\"@type\":\"EntryPoint\",\"urlTemplate\":\"https:\\\/\\\/wipconsulting.it\\\/en\\\/?s={search_term_string}\"},\"query-input\":{\"@type\":\"PropertyValueSpecification\",\"valueRequired\":true,\"valueName\":\"search_term_string\"}}],\"inLanguage\":\"en-US\"},{\"@type\":\"Organization\",\"@id\":\"https:\\\/\\\/wipconsulting.it\\\/en\\\/#organization\",\"name\":\"WIP Consulting\",\"url\":\"https:\\\/\\\/wipconsulting.it\\\/en\\\/\",\"logo\":{\"@type\":\"ImageObject\",\"inLanguage\":\"en-US\",\"@id\":\"https:\\\/\\\/wipconsulting.it\\\/en\\\/#\\\/schema\\\/logo\\\/image\\\/\",\"url\":\"https:\\\/\\\/wipconsulting.it\\\/wp-content\\\/uploads\\\/2023\\\/12\\\/logo_wip_consulting_2colori_Registered_v02.svg\",\"contentUrl\":\"https:\\\/\\\/wipconsulting.it\\\/wp-content\\\/uploads\\\/2023\\\/12\\\/logo_wip_consulting_2colori_Registered_v02.svg\",\"caption\":\"WIP Consulting\"},\"image\":{\"@id\":\"https:\\\/\\\/wipconsulting.it\\\/en\\\/#\\\/schema\\\/logo\\\/image\\\/\"}},{\"@type\":\"Person\",\"@id\":\"https:\\\/\\\/wipconsulting.it\\\/en\\\/#\\\/schema\\\/person\\\/318ff9a7b71624aa81b8b0df2c70d8bd\",\"name\":\"admin\",\"image\":{\"@type\":\"ImageObject\",\"inLanguage\":\"en-US\",\"@id\":\"https:\\\/\\\/secure.gravatar.com\\\/avatar\\\/2abbf81cef02f96903b67cd91eed09563af3527b400364162912f7584e891ae3?s=96&d=mm&r=g\",\"url\":\"https:\\\/\\\/secure.gravatar.com\\\/avatar\\\/2abbf81cef02f96903b67cd91eed09563af3527b400364162912f7584e891ae3?s=96&d=mm&r=g\",\"contentUrl\":\"https:\\\/\\\/secure.gravatar.com\\\/avatar\\\/2abbf81cef02f96903b67cd91eed09563af3527b400364162912f7584e891ae3?s=96&d=mm&r=g\",\"caption\":\"admin\"},\"sameAs\":[\"https:\\\/\\\/wipconsulting.it\"],\"url\":\"https:\\\/\\\/wipconsulting.it\\\/en\\\/author\\\/admin\\\/\"}]}<\/script>\n<!-- \/ Yoast SEO plugin. -->","yoast_head_json":{"title":"Il Patto della dirigenza per l\u2019Italia all\u2019Assemblea annuale di Federmanager","description":"Un\u00a0Patto della dirigenza per l\u2019Italia, quello delineato dal\u00a0presidente di Federmanager\u00a0Stefano Cuzzilla\u00a0oggi a Roma durante l'assemblea annuale","robots":{"index":"index","follow":"follow","max-snippet":"max-snippet:-1","max-image-preview":"max-image-preview:large","max-video-preview":"max-video-preview:-1"},"canonical":"https:\/\/wipconsulting.it\/en\/il-patto-della-dirigenza-per-litalia-allassemblea-annuale-di-federmanager\/","og_locale":"en_US","og_type":"article","og_title":"Il Patto della dirigenza per l\u2019Italia all\u2019Assemblea annuale di Federmanager","og_description":"Un\u00a0Patto della dirigenza per l\u2019Italia, quello delineato dal\u00a0presidente di Federmanager\u00a0Stefano Cuzzilla\u00a0oggi a Roma durante l'assemblea annuale","og_url":"https:\/\/wipconsulting.it\/en\/il-patto-della-dirigenza-per-litalia-allassemblea-annuale-di-federmanager\/","og_site_name":"WIP Consulting | Consulenza strategica","article_published_time":"2021-11-12T10:50:48+00:00","article_modified_time":"2024-05-24T17:02:03+00:00","og_image":[{"width":1349,"height":553,"url":"https:\/\/wipconsulting.it\/wp-content\/uploads\/2021\/11\/osservatorio.png","type":"image\/png"}],"author":"admin","twitter_card":"summary_large_image","twitter_misc":{"Written by":"admin","Est. reading time":"5 minutes"},"schema":{"@context":"https:\/\/schema.org","@graph":[{"@type":"Article","@id":"https:\/\/wipconsulting.it\/en\/il-patto-della-dirigenza-per-litalia-allassemblea-annuale-di-federmanager\/#article","isPartOf":{"@id":"https:\/\/wipconsulting.it\/en\/il-patto-della-dirigenza-per-litalia-allassemblea-annuale-di-federmanager\/"},"author":{"name":"admin","@id":"https:\/\/wipconsulting.it\/en\/#\/schema\/person\/318ff9a7b71624aa81b8b0df2c70d8bd"},"headline":"Il Patto della dirigenza per l\u2019Italia all\u2019Assemblea annuale di Federmanager","datePublished":"2021-11-12T10:50:48+00:00","dateModified":"2024-05-24T17:02:03+00:00","mainEntityOfPage":{"@id":"https:\/\/wipconsulting.it\/en\/il-patto-della-dirigenza-per-litalia-allassemblea-annuale-di-federmanager\/"},"wordCount":925,"publisher":{"@id":"https:\/\/wipconsulting.it\/en\/#organization"},"image":{"@id":"https:\/\/wipconsulting.it\/en\/il-patto-della-dirigenza-per-litalia-allassemblea-annuale-di-federmanager\/#primaryimage"},"thumbnailUrl":"https:\/\/wipconsulting.it\/wp-content\/uploads\/2021\/11\/osservatorio.png","articleSection":["Comunicazione","Mercato del Lavoro"],"inLanguage":"en-US"},{"@type":"WebPage","@id":"https:\/\/wipconsulting.it\/en\/il-patto-della-dirigenza-per-litalia-allassemblea-annuale-di-federmanager\/","url":"https:\/\/wipconsulting.it\/en\/il-patto-della-dirigenza-per-litalia-allassemblea-annuale-di-federmanager\/","name":"Il Patto della dirigenza per l\u2019Italia all\u2019Assemblea annuale di Federmanager","isPartOf":{"@id":"https:\/\/wipconsulting.it\/en\/#website"},"primaryImageOfPage":{"@id":"https:\/\/wipconsulting.it\/en\/il-patto-della-dirigenza-per-litalia-allassemblea-annuale-di-federmanager\/#primaryimage"},"image":{"@id":"https:\/\/wipconsulting.it\/en\/il-patto-della-dirigenza-per-litalia-allassemblea-annuale-di-federmanager\/#primaryimage"},"thumbnailUrl":"https:\/\/wipconsulting.it\/wp-content\/uploads\/2021\/11\/osservatorio.png","datePublished":"2021-11-12T10:50:48+00:00","dateModified":"2024-05-24T17:02:03+00:00","description":"Un\u00a0Patto della dirigenza per l\u2019Italia, quello delineato dal\u00a0presidente di Federmanager\u00a0Stefano Cuzzilla\u00a0oggi a Roma durante l'assemblea annuale","breadcrumb":{"@id":"https:\/\/wipconsulting.it\/en\/il-patto-della-dirigenza-per-litalia-allassemblea-annuale-di-federmanager\/#breadcrumb"},"inLanguage":"en-US","potentialAction":[{"@type":"ReadAction","target":["https:\/\/wipconsulting.it\/en\/il-patto-della-dirigenza-per-litalia-allassemblea-annuale-di-federmanager\/"]}]},{"@type":"ImageObject","inLanguage":"en-US","@id":"https:\/\/wipconsulting.it\/en\/il-patto-della-dirigenza-per-litalia-allassemblea-annuale-di-federmanager\/#primaryimage","url":"https:\/\/wipconsulting.it\/wp-content\/uploads\/2021\/11\/osservatorio.png","contentUrl":"https:\/\/wipconsulting.it\/wp-content\/uploads\/2021\/11\/osservatorio.png","width":1349,"height":553},{"@type":"BreadcrumbList","@id":"https:\/\/wipconsulting.it\/en\/il-patto-della-dirigenza-per-litalia-allassemblea-annuale-di-federmanager\/#breadcrumb","itemListElement":[{"@type":"ListItem","position":1,"name":"Home","item":"https:\/\/wipconsulting.it\/en\/home\/"},{"@type":"ListItem","position":2,"name":"Il Patto della dirigenza per l\u2019Italia all\u2019Assemblea annuale di Federmanager"}]},{"@type":"WebSite","@id":"https:\/\/wipconsulting.it\/en\/#website","url":"https:\/\/wipconsulting.it\/en\/","name":"wipconsulting.it","description":"Formazione alle imprese","publisher":{"@id":"https:\/\/wipconsulting.it\/en\/#organization"},"potentialAction":[{"@type":"SearchAction","target":{"@type":"EntryPoint","urlTemplate":"https:\/\/wipconsulting.it\/en\/?s={search_term_string}"},"query-input":{"@type":"PropertyValueSpecification","valueRequired":true,"valueName":"search_term_string"}}],"inLanguage":"en-US"},{"@type":"Organization","@id":"https:\/\/wipconsulting.it\/en\/#organization","name":"WIP Consulting","url":"https:\/\/wipconsulting.it\/en\/","logo":{"@type":"ImageObject","inLanguage":"en-US","@id":"https:\/\/wipconsulting.it\/en\/#\/schema\/logo\/image\/","url":"https:\/\/wipconsulting.it\/wp-content\/uploads\/2023\/12\/logo_wip_consulting_2colori_Registered_v02.svg","contentUrl":"https:\/\/wipconsulting.it\/wp-content\/uploads\/2023\/12\/logo_wip_consulting_2colori_Registered_v02.svg","caption":"WIP Consulting"},"image":{"@id":"https:\/\/wipconsulting.it\/en\/#\/schema\/logo\/image\/"}},{"@type":"Person","@id":"https:\/\/wipconsulting.it\/en\/#\/schema\/person\/318ff9a7b71624aa81b8b0df2c70d8bd","name":"admin","image":{"@type":"ImageObject","inLanguage":"en-US","@id":"https:\/\/secure.gravatar.com\/avatar\/2abbf81cef02f96903b67cd91eed09563af3527b400364162912f7584e891ae3?s=96&d=mm&r=g","url":"https:\/\/secure.gravatar.com\/avatar\/2abbf81cef02f96903b67cd91eed09563af3527b400364162912f7584e891ae3?s=96&d=mm&r=g","contentUrl":"https:\/\/secure.gravatar.com\/avatar\/2abbf81cef02f96903b67cd91eed09563af3527b400364162912f7584e891ae3?s=96&d=mm&r=g","caption":"admin"},"sameAs":["https:\/\/wipconsulting.it"],"url":"https:\/\/wipconsulting.it\/en\/author\/admin\/"}]}},"_links":{"self":[{"href":"https:\/\/wipconsulting.it\/en\/wp-json\/wp\/v2\/posts\/2646","targetHints":{"allow":["GET"]}}],"collection":[{"href":"https:\/\/wipconsulting.it\/en\/wp-json\/wp\/v2\/posts"}],"about":[{"href":"https:\/\/wipconsulting.it\/en\/wp-json\/wp\/v2\/types\/post"}],"author":[{"embeddable":true,"href":"https:\/\/wipconsulting.it\/en\/wp-json\/wp\/v2\/users\/1"}],"replies":[{"embeddable":true,"href":"https:\/\/wipconsulting.it\/en\/wp-json\/wp\/v2\/comments?post=2646"}],"version-history":[{"count":1,"href":"https:\/\/wipconsulting.it\/en\/wp-json\/wp\/v2\/posts\/2646\/revisions"}],"predecessor-version":[{"id":10422,"href":"https:\/\/wipconsulting.it\/en\/wp-json\/wp\/v2\/posts\/2646\/revisions\/10422"}],"wp:featuredmedia":[{"embeddable":true,"href":"https:\/\/wipconsulting.it\/en\/wp-json\/wp\/v2\/media\/2647"}],"wp:attachment":[{"href":"https:\/\/wipconsulting.it\/en\/wp-json\/wp\/v2\/media?parent=2646"}],"wp:term":[{"taxonomy":"category","embeddable":true,"href":"https:\/\/wipconsulting.it\/en\/wp-json\/wp\/v2\/categories?post=2646"},{"taxonomy":"post_tag","embeddable":true,"href":"https:\/\/wipconsulting.it\/en\/wp-json\/wp\/v2\/tags?post=2646"}],"curies":[{"name":"wp","href":"https:\/\/api.w.org\/{rel}","templated":true}]}}