{"id":3770,"date":"2018-09-01T00:00:00","date_gmt":"2018-09-01T00:00:00","guid":{"rendered":"https:\/\/wip.stefanobonetti.it\/2018\/09\/01\/il-mercato-delle-pr-tra-necessita-e-buoni-propositi\/"},"modified":"2024-05-24T19:29:40","modified_gmt":"2024-05-24T17:29:40","slug":"il-mercato-delle-pr-tra-necessita-e-buoni-propositi","status":"publish","type":"post","link":"https:\/\/wipconsulting.it\/en\/il-mercato-delle-pr-tra-necessita-e-buoni-propositi\/","title":{"rendered":"Il mercato delle PR, tra necessit\u00e0 e buoni propositi"},"content":{"rendered":"<p>Agli inizi di gennaio non si pu\u00f2 prescindere dal fare il bilancio degli ultimi 12 mesi appena trascorsi. Per la nostra professione il 2016 \u00e8 stato un altro anno di profondi cambiamenti. E non solo per le costanti e meravigliose innovazioni tecnologiche che siano chiamati a capire e a gestire.<\/p>\n<p>La sfida che siamo costretti ad affrontare riguarda l\u2019etica e il rigore professionale, ma anche \u2013 se non soprattutto \u2013 la rivalutazione del valore generato dal nostro lavoro. Si tratta di una vera e propria scommessa: trasformare l\u2019impatto economico (negativo) che l\u2019ultimo decennio ha generato, in un nuovo modello di affermazione e rilancio della nostra professione.<\/p>\n<p>Alcuni dati. Tra il 2011 e il 2015 le imprese attive del settore della comunicazione in Italia \u2013 tra liberi professionisti, ditte individuali e societ\u00e0 di capitali \u2013 sono state mediamente 27,5 mila: 27.884 nel 2011, 27.872 nel 2012, 27.538 nel 2013, 27.174 nel 2014, 27.516 nel 2015.\u00a0 In quel quinquennio sono scomparsi dal mercato, definitivamente, 3.044 operatori della comunicazione, registrando una media di \u201cmorte\u201d d\u2019impresa di 609 aziende all\u2019anno, 61 cessazioni irreversibili al mese.\u00a0 Di quei 27,5 mila attori della comunicazione, Il 57% \u00e8 rappresentato da professionisti, che hanno resistito alla crisi pagando un caro prezzo, imparando a convivere con la precariet\u00e0 e saltuariet\u00e0 degli incarichi, accettando il deprezzamento della prestazione d\u2019opera, la svalutazione del valore economico di una professione che costa fatica e che necessita di competenze e di formazione continua.<\/p>\n<p>Una professione che, nonostante tutto, \u00e8 centrale per l\u2019economia del nostro Paese.<\/p>\n<p>Da una ricerca di ottobre 2016, presentata da Confcommercio Professioni in occasione della pubblicazione del \u201cManifesto per la competitivit\u00e0 dei professionisti nell\u2019economia dei servizi\u201d emergono dati significativi:<\/p>\n<ul>\n<li>in Italia 1\/4 degli occupati complessivi sono lavoratori autonomi; il doppio rispetto a Francia e Germania.<\/li>\n<li>crescono i professionisti, soprattutto i non ordinistici (+48,8% in 5 anni), in controtendenza rispetto al calo delle altre componenti occupazionali.<\/li>\n<li>il 99% dei professionisti non ordinistici lavorano nei servizi.<\/li>\n<li>i professionisti dei servizi di informazione e comunicazione hanno un reddito pro capite medio di oltre 20mila euro.<\/li>\n<\/ul>\n<p>La chiave di volta per la ripresa nazionale \u00e8 quindi il terziario avanzato, servizi ad alto contenuto tecnologico che vedono in prima linea le professioni.<\/p>\n<p>Professioni che in Europa gi\u00e0 sono considerate giuridicamente alla stregua di un\u2019impresa che produce lavoro e valore per il Paese.<\/p>\n<p>Ferpi gi\u00e0 vanta l\u2019iscrizione nell\u2019Albo Professioni non organizzate in ordini o collegi \u2013 legge n.4\/2013 \u2013 grazie al suo statuto e al rispetto delle regole di aggiornamento professionale. Ma vogliamo e dobbiamo fare di pi\u00f9, per essere attenti a ci\u00f2 che accade a livello normativo, fiscale e contrattuale, per analizzare le dinamiche del mercato, per \u201ccombattere\u201d una vera e propria rivoluzione culturale, che vada al di l\u00e0 della crisi economica.<\/p>\n<p>In questa rubrica si affronteranno le questioni pi\u00f9 attuali del mercato della comunicazione da un\u2019angolazione economica e si ospiteranno contributi di soci e colleghi. Con un unico obiettivo: confrontarci e individuare gli strumenti istituzionali, culturali e normativi utili allo sviluppo del nostro settore.<br \/>\n<img decoding=\"async\" src=\"https:\/\/wipconsulting.it\/wp-content\/uploads\/2021\/08\/report-cisl-sul-lavoro.jpg\" \/><\/p>\n<p><a title=\" www.ferpi.it\" href=\"http:\/\/%20www.ferpi.it\">www.ferpi.it<\/a><\/p>\n<p>&nbsp;<\/p>\n","protected":false},"excerpt":{"rendered":"<p>Agli inizi di gennaio non si pu\u00f2 prescindere dal fare il bilancio degli ultimi 12 mesi appena trascorsi. Per la nostra professione il 2016 \u00e8 stato un altro anno di profondi cambiamenti. E non solo per le costanti e meravigliose innovazioni tecnologiche che siano chiamati a capire e a gestire. La sfida che siamo costretti [&hellip;]<\/p>\n","protected":false},"author":1,"featured_media":1935,"comment_status":"closed","ping_status":"closed","sticky":false,"template":"","format":"standard","meta":{"footnotes":""},"categories":[47,24],"tags":[],"class_list":["post-3770","post","type-post","status-publish","format-standard","has-post-thumbnail","hentry","category-comunicazione","category-trend"],"yoast_head":"<!-- This site is optimized with the Yoast SEO plugin v27.5 - https:\/\/yoast.com\/product\/yoast-seo-wordpress\/ -->\n<title>Il mercato delle PR, tra necessit\u00e0 e buoni propositi<\/title>\n<meta name=\"description\" content=\"Per le PR il 2016 \u00e8 stato un altro anno di profondi cambiamenti. E non solo per le costanti e meravigliose innovazioni tecnologiche che siano chiamati a capire e a gestire.\" \/>\n<meta name=\"robots\" content=\"index, follow, max-snippet:-1, max-image-preview:large, max-video-preview:-1\" \/>\n<link rel=\"canonical\" href=\"https:\/\/wipconsulting.it\/en\/il-mercato-delle-pr-tra-necessita-e-buoni-propositi\/\" \/>\n<meta property=\"og:locale\" content=\"en_US\" \/>\n<meta property=\"og:type\" content=\"article\" \/>\n<meta property=\"og:title\" content=\"Il mercato delle PR, tra necessit\u00e0 e buoni propositi\" \/>\n<meta property=\"og:description\" content=\"Per le PR il 2016 \u00e8 stato un altro anno di profondi cambiamenti. E non solo per le costanti e meravigliose innovazioni tecnologiche che siano chiamati a capire e a gestire.\" \/>\n<meta property=\"og:url\" content=\"https:\/\/wipconsulting.it\/en\/il-mercato-delle-pr-tra-necessita-e-buoni-propositi\/\" \/>\n<meta property=\"og:site_name\" content=\"WIP Consulting | Consulenza strategica\" \/>\n<meta property=\"article:published_time\" content=\"2018-09-01T00:00:00+00:00\" \/>\n<meta property=\"article:modified_time\" content=\"2024-05-24T17:29:40+00:00\" \/>\n<meta property=\"og:image\" content=\"https:\/\/wipconsulting.it\/wp-content\/uploads\/2021\/08\/report-cisl-sul-lavoro.jpg\" \/>\n\t<meta property=\"og:image:width\" content=\"930\" \/>\n\t<meta property=\"og:image:height\" content=\"620\" \/>\n\t<meta property=\"og:image:type\" content=\"image\/jpeg\" \/>\n<meta name=\"author\" content=\"admin\" \/>\n<meta name=\"twitter:card\" content=\"summary_large_image\" \/>\n<meta name=\"twitter:label1\" content=\"Written by\" \/>\n\t<meta name=\"twitter:data1\" content=\"admin\" \/>\n\t<meta name=\"twitter:label2\" content=\"Est. reading time\" \/>\n\t<meta name=\"twitter:data2\" content=\"3 minutes\" \/>\n<script type=\"application\/ld+json\" class=\"yoast-schema-graph\">{\"@context\":\"https:\\\/\\\/schema.org\",\"@graph\":[{\"@type\":\"Article\",\"@id\":\"https:\\\/\\\/wipconsulting.it\\\/en\\\/il-mercato-delle-pr-tra-necessita-e-buoni-propositi\\\/#article\",\"isPartOf\":{\"@id\":\"https:\\\/\\\/wipconsulting.it\\\/en\\\/il-mercato-delle-pr-tra-necessita-e-buoni-propositi\\\/\"},\"author\":{\"name\":\"admin\",\"@id\":\"https:\\\/\\\/wipconsulting.it\\\/en\\\/#\\\/schema\\\/person\\\/318ff9a7b71624aa81b8b0df2c70d8bd\"},\"headline\":\"Il mercato delle PR, tra necessit\u00e0 e buoni propositi\",\"datePublished\":\"2018-09-01T00:00:00+00:00\",\"dateModified\":\"2024-05-24T17:29:40+00:00\",\"mainEntityOfPage\":{\"@id\":\"https:\\\/\\\/wipconsulting.it\\\/en\\\/il-mercato-delle-pr-tra-necessita-e-buoni-propositi\\\/\"},\"wordCount\":489,\"publisher\":{\"@id\":\"https:\\\/\\\/wipconsulting.it\\\/en\\\/#organization\"},\"image\":{\"@id\":\"https:\\\/\\\/wipconsulting.it\\\/en\\\/il-mercato-delle-pr-tra-necessita-e-buoni-propositi\\\/#primaryimage\"},\"thumbnailUrl\":\"https:\\\/\\\/wipconsulting.it\\\/wp-content\\\/uploads\\\/2021\\\/08\\\/report-cisl-sul-lavoro.jpg\",\"articleSection\":[\"Comunicazione\",\"trend\"],\"inLanguage\":\"en-US\"},{\"@type\":\"WebPage\",\"@id\":\"https:\\\/\\\/wipconsulting.it\\\/en\\\/il-mercato-delle-pr-tra-necessita-e-buoni-propositi\\\/\",\"url\":\"https:\\\/\\\/wipconsulting.it\\\/en\\\/il-mercato-delle-pr-tra-necessita-e-buoni-propositi\\\/\",\"name\":\"Il mercato delle PR, tra necessit\u00e0 e buoni propositi\",\"isPartOf\":{\"@id\":\"https:\\\/\\\/wipconsulting.it\\\/en\\\/#website\"},\"primaryImageOfPage\":{\"@id\":\"https:\\\/\\\/wipconsulting.it\\\/en\\\/il-mercato-delle-pr-tra-necessita-e-buoni-propositi\\\/#primaryimage\"},\"image\":{\"@id\":\"https:\\\/\\\/wipconsulting.it\\\/en\\\/il-mercato-delle-pr-tra-necessita-e-buoni-propositi\\\/#primaryimage\"},\"thumbnailUrl\":\"https:\\\/\\\/wipconsulting.it\\\/wp-content\\\/uploads\\\/2021\\\/08\\\/report-cisl-sul-lavoro.jpg\",\"datePublished\":\"2018-09-01T00:00:00+00:00\",\"dateModified\":\"2024-05-24T17:29:40+00:00\",\"description\":\"Per le PR il 2016 \u00e8 stato un altro anno di profondi cambiamenti. E non solo per le costanti e meravigliose innovazioni tecnologiche che siano chiamati a capire e a gestire.\",\"breadcrumb\":{\"@id\":\"https:\\\/\\\/wipconsulting.it\\\/en\\\/il-mercato-delle-pr-tra-necessita-e-buoni-propositi\\\/#breadcrumb\"},\"inLanguage\":\"en-US\",\"potentialAction\":[{\"@type\":\"ReadAction\",\"target\":[\"https:\\\/\\\/wipconsulting.it\\\/en\\\/il-mercato-delle-pr-tra-necessita-e-buoni-propositi\\\/\"]}]},{\"@type\":\"ImageObject\",\"inLanguage\":\"en-US\",\"@id\":\"https:\\\/\\\/wipconsulting.it\\\/en\\\/il-mercato-delle-pr-tra-necessita-e-buoni-propositi\\\/#primaryimage\",\"url\":\"https:\\\/\\\/wipconsulting.it\\\/wp-content\\\/uploads\\\/2021\\\/08\\\/report-cisl-sul-lavoro.jpg\",\"contentUrl\":\"https:\\\/\\\/wipconsulting.it\\\/wp-content\\\/uploads\\\/2021\\\/08\\\/report-cisl-sul-lavoro.jpg\",\"width\":930,\"height\":620},{\"@type\":\"BreadcrumbList\",\"@id\":\"https:\\\/\\\/wipconsulting.it\\\/en\\\/il-mercato-delle-pr-tra-necessita-e-buoni-propositi\\\/#breadcrumb\",\"itemListElement\":[{\"@type\":\"ListItem\",\"position\":1,\"name\":\"Home\",\"item\":\"https:\\\/\\\/wipconsulting.it\\\/en\\\/home\\\/\"},{\"@type\":\"ListItem\",\"position\":2,\"name\":\"Il mercato delle PR, tra necessit\u00e0 e buoni propositi\"}]},{\"@type\":\"WebSite\",\"@id\":\"https:\\\/\\\/wipconsulting.it\\\/en\\\/#website\",\"url\":\"https:\\\/\\\/wipconsulting.it\\\/en\\\/\",\"name\":\"wipconsulting.it\",\"description\":\"Formazione alle imprese\",\"publisher\":{\"@id\":\"https:\\\/\\\/wipconsulting.it\\\/en\\\/#organization\"},\"potentialAction\":[{\"@type\":\"SearchAction\",\"target\":{\"@type\":\"EntryPoint\",\"urlTemplate\":\"https:\\\/\\\/wipconsulting.it\\\/en\\\/?s={search_term_string}\"},\"query-input\":{\"@type\":\"PropertyValueSpecification\",\"valueRequired\":true,\"valueName\":\"search_term_string\"}}],\"inLanguage\":\"en-US\"},{\"@type\":\"Organization\",\"@id\":\"https:\\\/\\\/wipconsulting.it\\\/en\\\/#organization\",\"name\":\"WIP Consulting\",\"url\":\"https:\\\/\\\/wipconsulting.it\\\/en\\\/\",\"logo\":{\"@type\":\"ImageObject\",\"inLanguage\":\"en-US\",\"@id\":\"https:\\\/\\\/wipconsulting.it\\\/en\\\/#\\\/schema\\\/logo\\\/image\\\/\",\"url\":\"https:\\\/\\\/wipconsulting.it\\\/wp-content\\\/uploads\\\/2023\\\/12\\\/logo_wip_consulting_2colori_Registered_v02.svg\",\"contentUrl\":\"https:\\\/\\\/wipconsulting.it\\\/wp-content\\\/uploads\\\/2023\\\/12\\\/logo_wip_consulting_2colori_Registered_v02.svg\",\"caption\":\"WIP Consulting\"},\"image\":{\"@id\":\"https:\\\/\\\/wipconsulting.it\\\/en\\\/#\\\/schema\\\/logo\\\/image\\\/\"}},{\"@type\":\"Person\",\"@id\":\"https:\\\/\\\/wipconsulting.it\\\/en\\\/#\\\/schema\\\/person\\\/318ff9a7b71624aa81b8b0df2c70d8bd\",\"name\":\"admin\",\"image\":{\"@type\":\"ImageObject\",\"inLanguage\":\"en-US\",\"@id\":\"https:\\\/\\\/secure.gravatar.com\\\/avatar\\\/2abbf81cef02f96903b67cd91eed09563af3527b400364162912f7584e891ae3?s=96&d=mm&r=g\",\"url\":\"https:\\\/\\\/secure.gravatar.com\\\/avatar\\\/2abbf81cef02f96903b67cd91eed09563af3527b400364162912f7584e891ae3?s=96&d=mm&r=g\",\"contentUrl\":\"https:\\\/\\\/secure.gravatar.com\\\/avatar\\\/2abbf81cef02f96903b67cd91eed09563af3527b400364162912f7584e891ae3?s=96&d=mm&r=g\",\"caption\":\"admin\"},\"sameAs\":[\"https:\\\/\\\/wipconsulting.it\"],\"url\":\"https:\\\/\\\/wipconsulting.it\\\/en\\\/author\\\/admin\\\/\"}]}<\/script>\n<!-- \/ Yoast SEO plugin. -->","yoast_head_json":{"title":"Il mercato delle PR, tra necessit\u00e0 e buoni propositi","description":"Per le PR il 2016 \u00e8 stato un altro anno di profondi cambiamenti. E non solo per le costanti e meravigliose innovazioni tecnologiche che siano chiamati a capire e a gestire.","robots":{"index":"index","follow":"follow","max-snippet":"max-snippet:-1","max-image-preview":"max-image-preview:large","max-video-preview":"max-video-preview:-1"},"canonical":"https:\/\/wipconsulting.it\/en\/il-mercato-delle-pr-tra-necessita-e-buoni-propositi\/","og_locale":"en_US","og_type":"article","og_title":"Il mercato delle PR, tra necessit\u00e0 e buoni propositi","og_description":"Per le PR il 2016 \u00e8 stato un altro anno di profondi cambiamenti. E non solo per le costanti e meravigliose innovazioni tecnologiche che siano chiamati a capire e a gestire.","og_url":"https:\/\/wipconsulting.it\/en\/il-mercato-delle-pr-tra-necessita-e-buoni-propositi\/","og_site_name":"WIP Consulting | Consulenza strategica","article_published_time":"2018-09-01T00:00:00+00:00","article_modified_time":"2024-05-24T17:29:40+00:00","og_image":[{"width":930,"height":620,"url":"https:\/\/wipconsulting.it\/wp-content\/uploads\/2021\/08\/report-cisl-sul-lavoro.jpg","type":"image\/jpeg"}],"author":"admin","twitter_card":"summary_large_image","twitter_misc":{"Written by":"admin","Est. reading time":"3 minutes"},"schema":{"@context":"https:\/\/schema.org","@graph":[{"@type":"Article","@id":"https:\/\/wipconsulting.it\/en\/il-mercato-delle-pr-tra-necessita-e-buoni-propositi\/#article","isPartOf":{"@id":"https:\/\/wipconsulting.it\/en\/il-mercato-delle-pr-tra-necessita-e-buoni-propositi\/"},"author":{"name":"admin","@id":"https:\/\/wipconsulting.it\/en\/#\/schema\/person\/318ff9a7b71624aa81b8b0df2c70d8bd"},"headline":"Il mercato delle PR, tra necessit\u00e0 e buoni propositi","datePublished":"2018-09-01T00:00:00+00:00","dateModified":"2024-05-24T17:29:40+00:00","mainEntityOfPage":{"@id":"https:\/\/wipconsulting.it\/en\/il-mercato-delle-pr-tra-necessita-e-buoni-propositi\/"},"wordCount":489,"publisher":{"@id":"https:\/\/wipconsulting.it\/en\/#organization"},"image":{"@id":"https:\/\/wipconsulting.it\/en\/il-mercato-delle-pr-tra-necessita-e-buoni-propositi\/#primaryimage"},"thumbnailUrl":"https:\/\/wipconsulting.it\/wp-content\/uploads\/2021\/08\/report-cisl-sul-lavoro.jpg","articleSection":["Comunicazione","trend"],"inLanguage":"en-US"},{"@type":"WebPage","@id":"https:\/\/wipconsulting.it\/en\/il-mercato-delle-pr-tra-necessita-e-buoni-propositi\/","url":"https:\/\/wipconsulting.it\/en\/il-mercato-delle-pr-tra-necessita-e-buoni-propositi\/","name":"Il mercato delle PR, tra necessit\u00e0 e buoni propositi","isPartOf":{"@id":"https:\/\/wipconsulting.it\/en\/#website"},"primaryImageOfPage":{"@id":"https:\/\/wipconsulting.it\/en\/il-mercato-delle-pr-tra-necessita-e-buoni-propositi\/#primaryimage"},"image":{"@id":"https:\/\/wipconsulting.it\/en\/il-mercato-delle-pr-tra-necessita-e-buoni-propositi\/#primaryimage"},"thumbnailUrl":"https:\/\/wipconsulting.it\/wp-content\/uploads\/2021\/08\/report-cisl-sul-lavoro.jpg","datePublished":"2018-09-01T00:00:00+00:00","dateModified":"2024-05-24T17:29:40+00:00","description":"Per le PR il 2016 \u00e8 stato un altro anno di profondi cambiamenti. E non solo per le costanti e meravigliose innovazioni tecnologiche che siano chiamati a capire e a gestire.","breadcrumb":{"@id":"https:\/\/wipconsulting.it\/en\/il-mercato-delle-pr-tra-necessita-e-buoni-propositi\/#breadcrumb"},"inLanguage":"en-US","potentialAction":[{"@type":"ReadAction","target":["https:\/\/wipconsulting.it\/en\/il-mercato-delle-pr-tra-necessita-e-buoni-propositi\/"]}]},{"@type":"ImageObject","inLanguage":"en-US","@id":"https:\/\/wipconsulting.it\/en\/il-mercato-delle-pr-tra-necessita-e-buoni-propositi\/#primaryimage","url":"https:\/\/wipconsulting.it\/wp-content\/uploads\/2021\/08\/report-cisl-sul-lavoro.jpg","contentUrl":"https:\/\/wipconsulting.it\/wp-content\/uploads\/2021\/08\/report-cisl-sul-lavoro.jpg","width":930,"height":620},{"@type":"BreadcrumbList","@id":"https:\/\/wipconsulting.it\/en\/il-mercato-delle-pr-tra-necessita-e-buoni-propositi\/#breadcrumb","itemListElement":[{"@type":"ListItem","position":1,"name":"Home","item":"https:\/\/wipconsulting.it\/en\/home\/"},{"@type":"ListItem","position":2,"name":"Il mercato delle PR, tra necessit\u00e0 e buoni propositi"}]},{"@type":"WebSite","@id":"https:\/\/wipconsulting.it\/en\/#website","url":"https:\/\/wipconsulting.it\/en\/","name":"wipconsulting.it","description":"Formazione alle imprese","publisher":{"@id":"https:\/\/wipconsulting.it\/en\/#organization"},"potentialAction":[{"@type":"SearchAction","target":{"@type":"EntryPoint","urlTemplate":"https:\/\/wipconsulting.it\/en\/?s={search_term_string}"},"query-input":{"@type":"PropertyValueSpecification","valueRequired":true,"valueName":"search_term_string"}}],"inLanguage":"en-US"},{"@type":"Organization","@id":"https:\/\/wipconsulting.it\/en\/#organization","name":"WIP Consulting","url":"https:\/\/wipconsulting.it\/en\/","logo":{"@type":"ImageObject","inLanguage":"en-US","@id":"https:\/\/wipconsulting.it\/en\/#\/schema\/logo\/image\/","url":"https:\/\/wipconsulting.it\/wp-content\/uploads\/2023\/12\/logo_wip_consulting_2colori_Registered_v02.svg","contentUrl":"https:\/\/wipconsulting.it\/wp-content\/uploads\/2023\/12\/logo_wip_consulting_2colori_Registered_v02.svg","caption":"WIP Consulting"},"image":{"@id":"https:\/\/wipconsulting.it\/en\/#\/schema\/logo\/image\/"}},{"@type":"Person","@id":"https:\/\/wipconsulting.it\/en\/#\/schema\/person\/318ff9a7b71624aa81b8b0df2c70d8bd","name":"admin","image":{"@type":"ImageObject","inLanguage":"en-US","@id":"https:\/\/secure.gravatar.com\/avatar\/2abbf81cef02f96903b67cd91eed09563af3527b400364162912f7584e891ae3?s=96&d=mm&r=g","url":"https:\/\/secure.gravatar.com\/avatar\/2abbf81cef02f96903b67cd91eed09563af3527b400364162912f7584e891ae3?s=96&d=mm&r=g","contentUrl":"https:\/\/secure.gravatar.com\/avatar\/2abbf81cef02f96903b67cd91eed09563af3527b400364162912f7584e891ae3?s=96&d=mm&r=g","caption":"admin"},"sameAs":["https:\/\/wipconsulting.it"],"url":"https:\/\/wipconsulting.it\/en\/author\/admin\/"}]}},"_links":{"self":[{"href":"https:\/\/wipconsulting.it\/en\/wp-json\/wp\/v2\/posts\/3770","targetHints":{"allow":["GET"]}}],"collection":[{"href":"https:\/\/wipconsulting.it\/en\/wp-json\/wp\/v2\/posts"}],"about":[{"href":"https:\/\/wipconsulting.it\/en\/wp-json\/wp\/v2\/types\/post"}],"author":[{"embeddable":true,"href":"https:\/\/wipconsulting.it\/en\/wp-json\/wp\/v2\/users\/1"}],"replies":[{"embeddable":true,"href":"https:\/\/wipconsulting.it\/en\/wp-json\/wp\/v2\/comments?post=3770"}],"version-history":[{"count":1,"href":"https:\/\/wipconsulting.it\/en\/wp-json\/wp\/v2\/posts\/3770\/revisions"}],"predecessor-version":[{"id":10541,"href":"https:\/\/wipconsulting.it\/en\/wp-json\/wp\/v2\/posts\/3770\/revisions\/10541"}],"wp:featuredmedia":[{"embeddable":true,"href":"https:\/\/wipconsulting.it\/en\/wp-json\/wp\/v2\/media\/1935"}],"wp:attachment":[{"href":"https:\/\/wipconsulting.it\/en\/wp-json\/wp\/v2\/media?parent=3770"}],"wp:term":[{"taxonomy":"category","embeddable":true,"href":"https:\/\/wipconsulting.it\/en\/wp-json\/wp\/v2\/categories?post=3770"},{"taxonomy":"post_tag","embeddable":true,"href":"https:\/\/wipconsulting.it\/en\/wp-json\/wp\/v2\/tags?post=3770"}],"curies":[{"name":"wp","href":"https:\/\/api.w.org\/{rel}","templated":true}]}}