{"id":3771,"date":"2018-09-02T00:00:00","date_gmt":"2018-09-02T00:00:00","guid":{"rendered":"https:\/\/wip.stefanobonetti.it\/2018\/09\/02\/bandi-gare-pubbliche-e-fondi-europei-i-liberi-professionisti-come-le-pmi\/"},"modified":"2025-05-16T11:39:18","modified_gmt":"2025-05-16T09:39:18","slug":"bandi-gare-pubbliche-e-fondi-europei-i-liberi-professionisti-come-le-pmi","status":"publish","type":"post","link":"https:\/\/wipconsulting.it\/en\/bandi-gare-pubbliche-e-fondi-europei-i-liberi-professionisti-come-le-pmi\/","title":{"rendered":"Bandi, gare pubbliche e fondi europei: i liberi professionisti come le pmi"},"content":{"rendered":"<p>Prima l\u2019equiparazione dei liberi professionisti alle PMI, oggi la possibilit\u00e0 di accedere ai fondi europei. Grazie alla Legge 208\/2015, la cosiddetta <strong>Legge di Stabilit\u00e0<\/strong>, i <strong>professionisti<\/strong>, cos\u00ec come le piccole e medie imprese, possono accedere ai <strong>fondi strutturali<\/strong> <strong>europei<\/strong>, ossia quegli strumenti per la politica di coesione dell\u2019Unione Europea, pensati per\u00a0 favorire la crescita economica e occupazionale degli stati membri, stanziati per il periodo 2014\/2020.<\/p>\n<p>In particolare, la Legge di Stabilit\u00e0 ha introdotto, anche per coloro che svolgono la libera professione, la possibilit\u00e0 di accesso ai fondi FESR (Fondo Europeo di Sviluppo Regionale) e FSE (Fondo Sociale Europeo) nonch\u00e9 ai Piani operativi PON (Programma Operativo Nazionale) e POR (Piano Operativo Regionale).<\/p>\n<p>In base alla <strong>Regione<\/strong> di appartenenza, inoltre, sono previsti specifici <strong>bandi<\/strong> per esempio per l\u2019accesso al microcredito (anche se nel 2018 cambieranno le norme e le percentuali a garanzia del credito concesso) o il\u00a0 finanziamento per le nuove attivit\u00e0.<\/p>\n<p>Prima di questa norma i professionisti potevano partecipare a gare ed appalti solo attraverso un contratto con un\u2019impresa, che una volta aggiudicata una gara, aveva facolt\u00e0 di coinvolgere professionisti specializzati per la realizzazione di parti del progetto.<\/p>\n<p>Oggi invece per i lavoratori autonomi \u00e8 possibile partecipare sia singolarmente sia con formule di aggregazione temporanea con altri professionisti, ovvero <strong>in rete con le imprese<\/strong> oppure <strong>in consorzi<\/strong>, cos\u00ec come regolato dalla norma contenuta nell\u2019articolo 12 legge 81\/2017, il cosiddetto <strong>Jobs Act<\/strong>, che consente la partecipazione dei lavoratori autonomi agli appalti pubblici stabilendone le regole.<\/p>\n<p>La norma \u00e8 in vigore dal 14 giugno 2017, ma non ancora molto pubblicizzata. Le Pubbliche Amministrazioni, infine, sono tenute a favorire l\u2019accesso alle informazioni sulle <strong>gare pubbliche<\/strong> dei lavoratori autonomi e dei professionisti e la loro partecipazione alle procedure di aggiudicazione.<\/p>\n<p><a href=\"http:\/\/www.ferpi.it\">www.ferpi.it<\/a><\/p>\n","protected":false},"excerpt":{"rendered":"<p>Prima l\u2019equiparazione dei liberi professionisti alle PMI, oggi la possibilit\u00e0 di accedere ai fondi europei. Grazie alla Legge 208\/2015, la cosiddetta Legge di Stabilit\u00e0, i professionisti, cos\u00ec come le piccole e medie imprese, possono accedere ai fondi strutturali europei, ossia quegli strumenti per la politica di coesione dell\u2019Unione Europea, pensati per\u00a0 favorire la crescita economica [&hellip;]<\/p>\n","protected":false},"author":1,"featured_media":1934,"comment_status":"closed","ping_status":"closed","sticky":false,"template":"","format":"standard","meta":{"footnotes":""},"categories":[47],"tags":[],"class_list":["post-3771","post","type-post","status-publish","format-standard","has-post-thumbnail","hentry","category-comunicazione"],"yoast_head":"<!-- This site is optimized with the Yoast SEO plugin v27.5 - https:\/\/yoast.com\/product\/yoast-seo-wordpress\/ -->\n<title>Bandi, gare pubbliche e fondi europei: i liberi professionisti come le PMI<\/title>\n<meta name=\"description\" content=\"Prima l\u2019equiparazione dei liberi professionisti alle PMI, oggi la possibilit\u00e0 di accedere ai fondi europei.\" \/>\n<meta name=\"robots\" content=\"index, follow, max-snippet:-1, max-image-preview:large, max-video-preview:-1\" \/>\n<link rel=\"canonical\" href=\"https:\/\/wipconsulting.it\/en\/bandi-gare-pubbliche-e-fondi-europei-i-liberi-professionisti-come-le-pmi\/\" \/>\n<meta property=\"og:locale\" content=\"en_US\" \/>\n<meta property=\"og:type\" content=\"article\" \/>\n<meta property=\"og:title\" content=\"Bandi, gare pubbliche e fondi europei: i liberi professionisti come le PMI\" \/>\n<meta property=\"og:description\" content=\"Prima l\u2019equiparazione dei liberi professionisti alle PMI, oggi la possibilit\u00e0 di accedere ai fondi europei.\" \/>\n<meta property=\"og:url\" content=\"https:\/\/wipconsulting.it\/en\/bandi-gare-pubbliche-e-fondi-europei-i-liberi-professionisti-come-le-pmi\/\" \/>\n<meta property=\"og:site_name\" content=\"WIP Consulting | Consulenza strategica\" \/>\n<meta property=\"article:published_time\" content=\"2018-09-02T00:00:00+00:00\" \/>\n<meta property=\"article:modified_time\" content=\"2025-05-16T09:39:18+00:00\" \/>\n<meta property=\"og:image\" content=\"https:\/\/wipconsulting.it\/wp-content\/uploads\/2021\/08\/thinkstockphotos-506815322.jpg\" \/>\n\t<meta property=\"og:image:width\" content=\"788\" \/>\n\t<meta property=\"og:image:height\" content=\"443\" \/>\n\t<meta property=\"og:image:type\" content=\"image\/jpeg\" \/>\n<meta name=\"author\" content=\"admin\" \/>\n<meta name=\"twitter:card\" content=\"summary_large_image\" \/>\n<meta name=\"twitter:label1\" content=\"Written by\" \/>\n\t<meta name=\"twitter:data1\" content=\"admin\" \/>\n\t<meta name=\"twitter:label2\" content=\"Est. reading time\" \/>\n\t<meta name=\"twitter:data2\" content=\"2 minutes\" \/>\n<script type=\"application\/ld+json\" class=\"yoast-schema-graph\">{\"@context\":\"https:\\\/\\\/schema.org\",\"@graph\":[{\"@type\":\"Article\",\"@id\":\"https:\\\/\\\/wipconsulting.it\\\/en\\\/bandi-gare-pubbliche-e-fondi-europei-i-liberi-professionisti-come-le-pmi\\\/#article\",\"isPartOf\":{\"@id\":\"https:\\\/\\\/wipconsulting.it\\\/en\\\/bandi-gare-pubbliche-e-fondi-europei-i-liberi-professionisti-come-le-pmi\\\/\"},\"author\":{\"name\":\"admin\",\"@id\":\"https:\\\/\\\/wipconsulting.it\\\/en\\\/#\\\/schema\\\/person\\\/318ff9a7b71624aa81b8b0df2c70d8bd\"},\"headline\":\"Bandi, gare pubbliche e fondi europei: i liberi professionisti come le pmi\",\"datePublished\":\"2018-09-02T00:00:00+00:00\",\"dateModified\":\"2025-05-16T09:39:18+00:00\",\"mainEntityOfPage\":{\"@id\":\"https:\\\/\\\/wipconsulting.it\\\/en\\\/bandi-gare-pubbliche-e-fondi-europei-i-liberi-professionisti-come-le-pmi\\\/\"},\"wordCount\":297,\"publisher\":{\"@id\":\"https:\\\/\\\/wipconsulting.it\\\/en\\\/#organization\"},\"image\":{\"@id\":\"https:\\\/\\\/wipconsulting.it\\\/en\\\/bandi-gare-pubbliche-e-fondi-europei-i-liberi-professionisti-come-le-pmi\\\/#primaryimage\"},\"thumbnailUrl\":\"https:\\\/\\\/wipconsulting.it\\\/wp-content\\\/uploads\\\/2021\\\/08\\\/thinkstockphotos-506815322.jpg\",\"articleSection\":[\"Comunicazione\"],\"inLanguage\":\"en-US\"},{\"@type\":\"WebPage\",\"@id\":\"https:\\\/\\\/wipconsulting.it\\\/en\\\/bandi-gare-pubbliche-e-fondi-europei-i-liberi-professionisti-come-le-pmi\\\/\",\"url\":\"https:\\\/\\\/wipconsulting.it\\\/en\\\/bandi-gare-pubbliche-e-fondi-europei-i-liberi-professionisti-come-le-pmi\\\/\",\"name\":\"Bandi, gare pubbliche e fondi europei: i liberi professionisti come le PMI\",\"isPartOf\":{\"@id\":\"https:\\\/\\\/wipconsulting.it\\\/en\\\/#website\"},\"primaryImageOfPage\":{\"@id\":\"https:\\\/\\\/wipconsulting.it\\\/en\\\/bandi-gare-pubbliche-e-fondi-europei-i-liberi-professionisti-come-le-pmi\\\/#primaryimage\"},\"image\":{\"@id\":\"https:\\\/\\\/wipconsulting.it\\\/en\\\/bandi-gare-pubbliche-e-fondi-europei-i-liberi-professionisti-come-le-pmi\\\/#primaryimage\"},\"thumbnailUrl\":\"https:\\\/\\\/wipconsulting.it\\\/wp-content\\\/uploads\\\/2021\\\/08\\\/thinkstockphotos-506815322.jpg\",\"datePublished\":\"2018-09-02T00:00:00+00:00\",\"dateModified\":\"2025-05-16T09:39:18+00:00\",\"description\":\"Prima l\u2019equiparazione dei liberi professionisti alle PMI, oggi la possibilit\u00e0 di accedere ai fondi europei.\",\"breadcrumb\":{\"@id\":\"https:\\\/\\\/wipconsulting.it\\\/en\\\/bandi-gare-pubbliche-e-fondi-europei-i-liberi-professionisti-come-le-pmi\\\/#breadcrumb\"},\"inLanguage\":\"en-US\",\"potentialAction\":[{\"@type\":\"ReadAction\",\"target\":[\"https:\\\/\\\/wipconsulting.it\\\/en\\\/bandi-gare-pubbliche-e-fondi-europei-i-liberi-professionisti-come-le-pmi\\\/\"]}]},{\"@type\":\"ImageObject\",\"inLanguage\":\"en-US\",\"@id\":\"https:\\\/\\\/wipconsulting.it\\\/en\\\/bandi-gare-pubbliche-e-fondi-europei-i-liberi-professionisti-come-le-pmi\\\/#primaryimage\",\"url\":\"https:\\\/\\\/wipconsulting.it\\\/wp-content\\\/uploads\\\/2021\\\/08\\\/thinkstockphotos-506815322.jpg\",\"contentUrl\":\"https:\\\/\\\/wipconsulting.it\\\/wp-content\\\/uploads\\\/2021\\\/08\\\/thinkstockphotos-506815322.jpg\",\"width\":788,\"height\":443},{\"@type\":\"BreadcrumbList\",\"@id\":\"https:\\\/\\\/wipconsulting.it\\\/en\\\/bandi-gare-pubbliche-e-fondi-europei-i-liberi-professionisti-come-le-pmi\\\/#breadcrumb\",\"itemListElement\":[{\"@type\":\"ListItem\",\"position\":1,\"name\":\"Home\",\"item\":\"https:\\\/\\\/wipconsulting.it\\\/en\\\/home\\\/\"},{\"@type\":\"ListItem\",\"position\":2,\"name\":\"Bandi, gare pubbliche e fondi europei: i liberi professionisti come le pmi\"}]},{\"@type\":\"WebSite\",\"@id\":\"https:\\\/\\\/wipconsulting.it\\\/en\\\/#website\",\"url\":\"https:\\\/\\\/wipconsulting.it\\\/en\\\/\",\"name\":\"wipconsulting.it\",\"description\":\"Formazione alle imprese\",\"publisher\":{\"@id\":\"https:\\\/\\\/wipconsulting.it\\\/en\\\/#organization\"},\"potentialAction\":[{\"@type\":\"SearchAction\",\"target\":{\"@type\":\"EntryPoint\",\"urlTemplate\":\"https:\\\/\\\/wipconsulting.it\\\/en\\\/?s={search_term_string}\"},\"query-input\":{\"@type\":\"PropertyValueSpecification\",\"valueRequired\":true,\"valueName\":\"search_term_string\"}}],\"inLanguage\":\"en-US\"},{\"@type\":\"Organization\",\"@id\":\"https:\\\/\\\/wipconsulting.it\\\/en\\\/#organization\",\"name\":\"WIP Consulting\",\"url\":\"https:\\\/\\\/wipconsulting.it\\\/en\\\/\",\"logo\":{\"@type\":\"ImageObject\",\"inLanguage\":\"en-US\",\"@id\":\"https:\\\/\\\/wipconsulting.it\\\/en\\\/#\\\/schema\\\/logo\\\/image\\\/\",\"url\":\"https:\\\/\\\/wipconsulting.it\\\/wp-content\\\/uploads\\\/2023\\\/12\\\/logo_wip_consulting_2colori_Registered_v02.svg\",\"contentUrl\":\"https:\\\/\\\/wipconsulting.it\\\/wp-content\\\/uploads\\\/2023\\\/12\\\/logo_wip_consulting_2colori_Registered_v02.svg\",\"caption\":\"WIP Consulting\"},\"image\":{\"@id\":\"https:\\\/\\\/wipconsulting.it\\\/en\\\/#\\\/schema\\\/logo\\\/image\\\/\"}},{\"@type\":\"Person\",\"@id\":\"https:\\\/\\\/wipconsulting.it\\\/en\\\/#\\\/schema\\\/person\\\/318ff9a7b71624aa81b8b0df2c70d8bd\",\"name\":\"admin\",\"image\":{\"@type\":\"ImageObject\",\"inLanguage\":\"en-US\",\"@id\":\"https:\\\/\\\/secure.gravatar.com\\\/avatar\\\/2abbf81cef02f96903b67cd91eed09563af3527b400364162912f7584e891ae3?s=96&d=mm&r=g\",\"url\":\"https:\\\/\\\/secure.gravatar.com\\\/avatar\\\/2abbf81cef02f96903b67cd91eed09563af3527b400364162912f7584e891ae3?s=96&d=mm&r=g\",\"contentUrl\":\"https:\\\/\\\/secure.gravatar.com\\\/avatar\\\/2abbf81cef02f96903b67cd91eed09563af3527b400364162912f7584e891ae3?s=96&d=mm&r=g\",\"caption\":\"admin\"},\"sameAs\":[\"https:\\\/\\\/wipconsulting.it\"],\"url\":\"https:\\\/\\\/wipconsulting.it\\\/en\\\/author\\\/admin\\\/\"}]}<\/script>\n<!-- \/ Yoast SEO plugin. -->","yoast_head_json":{"title":"Bandi, gare pubbliche e fondi europei: i liberi professionisti come le PMI","description":"Prima l\u2019equiparazione dei liberi professionisti alle PMI, oggi la possibilit\u00e0 di accedere ai fondi europei.","robots":{"index":"index","follow":"follow","max-snippet":"max-snippet:-1","max-image-preview":"max-image-preview:large","max-video-preview":"max-video-preview:-1"},"canonical":"https:\/\/wipconsulting.it\/en\/bandi-gare-pubbliche-e-fondi-europei-i-liberi-professionisti-come-le-pmi\/","og_locale":"en_US","og_type":"article","og_title":"Bandi, gare pubbliche e fondi europei: i liberi professionisti come le PMI","og_description":"Prima l\u2019equiparazione dei liberi professionisti alle PMI, oggi la possibilit\u00e0 di accedere ai fondi europei.","og_url":"https:\/\/wipconsulting.it\/en\/bandi-gare-pubbliche-e-fondi-europei-i-liberi-professionisti-come-le-pmi\/","og_site_name":"WIP Consulting | Consulenza strategica","article_published_time":"2018-09-02T00:00:00+00:00","article_modified_time":"2025-05-16T09:39:18+00:00","og_image":[{"width":788,"height":443,"url":"https:\/\/wipconsulting.it\/wp-content\/uploads\/2021\/08\/thinkstockphotos-506815322.jpg","type":"image\/jpeg"}],"author":"admin","twitter_card":"summary_large_image","twitter_misc":{"Written by":"admin","Est. reading time":"2 minutes"},"schema":{"@context":"https:\/\/schema.org","@graph":[{"@type":"Article","@id":"https:\/\/wipconsulting.it\/en\/bandi-gare-pubbliche-e-fondi-europei-i-liberi-professionisti-come-le-pmi\/#article","isPartOf":{"@id":"https:\/\/wipconsulting.it\/en\/bandi-gare-pubbliche-e-fondi-europei-i-liberi-professionisti-come-le-pmi\/"},"author":{"name":"admin","@id":"https:\/\/wipconsulting.it\/en\/#\/schema\/person\/318ff9a7b71624aa81b8b0df2c70d8bd"},"headline":"Bandi, gare pubbliche e fondi europei: i liberi professionisti come le pmi","datePublished":"2018-09-02T00:00:00+00:00","dateModified":"2025-05-16T09:39:18+00:00","mainEntityOfPage":{"@id":"https:\/\/wipconsulting.it\/en\/bandi-gare-pubbliche-e-fondi-europei-i-liberi-professionisti-come-le-pmi\/"},"wordCount":297,"publisher":{"@id":"https:\/\/wipconsulting.it\/en\/#organization"},"image":{"@id":"https:\/\/wipconsulting.it\/en\/bandi-gare-pubbliche-e-fondi-europei-i-liberi-professionisti-come-le-pmi\/#primaryimage"},"thumbnailUrl":"https:\/\/wipconsulting.it\/wp-content\/uploads\/2021\/08\/thinkstockphotos-506815322.jpg","articleSection":["Comunicazione"],"inLanguage":"en-US"},{"@type":"WebPage","@id":"https:\/\/wipconsulting.it\/en\/bandi-gare-pubbliche-e-fondi-europei-i-liberi-professionisti-come-le-pmi\/","url":"https:\/\/wipconsulting.it\/en\/bandi-gare-pubbliche-e-fondi-europei-i-liberi-professionisti-come-le-pmi\/","name":"Bandi, gare pubbliche e fondi europei: i liberi professionisti come le PMI","isPartOf":{"@id":"https:\/\/wipconsulting.it\/en\/#website"},"primaryImageOfPage":{"@id":"https:\/\/wipconsulting.it\/en\/bandi-gare-pubbliche-e-fondi-europei-i-liberi-professionisti-come-le-pmi\/#primaryimage"},"image":{"@id":"https:\/\/wipconsulting.it\/en\/bandi-gare-pubbliche-e-fondi-europei-i-liberi-professionisti-come-le-pmi\/#primaryimage"},"thumbnailUrl":"https:\/\/wipconsulting.it\/wp-content\/uploads\/2021\/08\/thinkstockphotos-506815322.jpg","datePublished":"2018-09-02T00:00:00+00:00","dateModified":"2025-05-16T09:39:18+00:00","description":"Prima l\u2019equiparazione dei liberi professionisti alle PMI, oggi la possibilit\u00e0 di accedere ai fondi europei.","breadcrumb":{"@id":"https:\/\/wipconsulting.it\/en\/bandi-gare-pubbliche-e-fondi-europei-i-liberi-professionisti-come-le-pmi\/#breadcrumb"},"inLanguage":"en-US","potentialAction":[{"@type":"ReadAction","target":["https:\/\/wipconsulting.it\/en\/bandi-gare-pubbliche-e-fondi-europei-i-liberi-professionisti-come-le-pmi\/"]}]},{"@type":"ImageObject","inLanguage":"en-US","@id":"https:\/\/wipconsulting.it\/en\/bandi-gare-pubbliche-e-fondi-europei-i-liberi-professionisti-come-le-pmi\/#primaryimage","url":"https:\/\/wipconsulting.it\/wp-content\/uploads\/2021\/08\/thinkstockphotos-506815322.jpg","contentUrl":"https:\/\/wipconsulting.it\/wp-content\/uploads\/2021\/08\/thinkstockphotos-506815322.jpg","width":788,"height":443},{"@type":"BreadcrumbList","@id":"https:\/\/wipconsulting.it\/en\/bandi-gare-pubbliche-e-fondi-europei-i-liberi-professionisti-come-le-pmi\/#breadcrumb","itemListElement":[{"@type":"ListItem","position":1,"name":"Home","item":"https:\/\/wipconsulting.it\/en\/home\/"},{"@type":"ListItem","position":2,"name":"Bandi, gare pubbliche e fondi europei: i liberi professionisti come le pmi"}]},{"@type":"WebSite","@id":"https:\/\/wipconsulting.it\/en\/#website","url":"https:\/\/wipconsulting.it\/en\/","name":"wipconsulting.it","description":"Formazione alle imprese","publisher":{"@id":"https:\/\/wipconsulting.it\/en\/#organization"},"potentialAction":[{"@type":"SearchAction","target":{"@type":"EntryPoint","urlTemplate":"https:\/\/wipconsulting.it\/en\/?s={search_term_string}"},"query-input":{"@type":"PropertyValueSpecification","valueRequired":true,"valueName":"search_term_string"}}],"inLanguage":"en-US"},{"@type":"Organization","@id":"https:\/\/wipconsulting.it\/en\/#organization","name":"WIP Consulting","url":"https:\/\/wipconsulting.it\/en\/","logo":{"@type":"ImageObject","inLanguage":"en-US","@id":"https:\/\/wipconsulting.it\/en\/#\/schema\/logo\/image\/","url":"https:\/\/wipconsulting.it\/wp-content\/uploads\/2023\/12\/logo_wip_consulting_2colori_Registered_v02.svg","contentUrl":"https:\/\/wipconsulting.it\/wp-content\/uploads\/2023\/12\/logo_wip_consulting_2colori_Registered_v02.svg","caption":"WIP Consulting"},"image":{"@id":"https:\/\/wipconsulting.it\/en\/#\/schema\/logo\/image\/"}},{"@type":"Person","@id":"https:\/\/wipconsulting.it\/en\/#\/schema\/person\/318ff9a7b71624aa81b8b0df2c70d8bd","name":"admin","image":{"@type":"ImageObject","inLanguage":"en-US","@id":"https:\/\/secure.gravatar.com\/avatar\/2abbf81cef02f96903b67cd91eed09563af3527b400364162912f7584e891ae3?s=96&d=mm&r=g","url":"https:\/\/secure.gravatar.com\/avatar\/2abbf81cef02f96903b67cd91eed09563af3527b400364162912f7584e891ae3?s=96&d=mm&r=g","contentUrl":"https:\/\/secure.gravatar.com\/avatar\/2abbf81cef02f96903b67cd91eed09563af3527b400364162912f7584e891ae3?s=96&d=mm&r=g","caption":"admin"},"sameAs":["https:\/\/wipconsulting.it"],"url":"https:\/\/wipconsulting.it\/en\/author\/admin\/"}]}},"_links":{"self":[{"href":"https:\/\/wipconsulting.it\/en\/wp-json\/wp\/v2\/posts\/3771","targetHints":{"allow":["GET"]}}],"collection":[{"href":"https:\/\/wipconsulting.it\/en\/wp-json\/wp\/v2\/posts"}],"about":[{"href":"https:\/\/wipconsulting.it\/en\/wp-json\/wp\/v2\/types\/post"}],"author":[{"embeddable":true,"href":"https:\/\/wipconsulting.it\/en\/wp-json\/wp\/v2\/users\/1"}],"replies":[{"embeddable":true,"href":"https:\/\/wipconsulting.it\/en\/wp-json\/wp\/v2\/comments?post=3771"}],"version-history":[{"count":1,"href":"https:\/\/wipconsulting.it\/en\/wp-json\/wp\/v2\/posts\/3771\/revisions"}],"predecessor-version":[{"id":10540,"href":"https:\/\/wipconsulting.it\/en\/wp-json\/wp\/v2\/posts\/3771\/revisions\/10540"}],"wp:featuredmedia":[{"embeddable":true,"href":"https:\/\/wipconsulting.it\/en\/wp-json\/wp\/v2\/media\/1934"}],"wp:attachment":[{"href":"https:\/\/wipconsulting.it\/en\/wp-json\/wp\/v2\/media?parent=3771"}],"wp:term":[{"taxonomy":"category","embeddable":true,"href":"https:\/\/wipconsulting.it\/en\/wp-json\/wp\/v2\/categories?post=3771"},{"taxonomy":"post_tag","embeddable":true,"href":"https:\/\/wipconsulting.it\/en\/wp-json\/wp\/v2\/tags?post=3771"}],"curies":[{"name":"wp","href":"https:\/\/api.w.org\/{rel}","templated":true}]}}