{"id":3774,"date":"2018-10-02T00:00:00","date_gmt":"2018-10-02T00:00:00","guid":{"rendered":"https:\/\/wip.stefanobonetti.it\/2018\/02\/10\/daniele-chieffi-laeordine-dei-giornalisti-a%c2%a8-morto\/"},"modified":"2024-05-24T19:28:29","modified_gmt":"2024-05-24T17:28:29","slug":"daniele-chieffi-laeordine-dei-giornalisti-a%c2%a8-morto","status":"publish","type":"post","link":"https:\/\/wipconsulting.it\/en\/daniele-chieffi-laeordine-dei-giornalisti-a%c2%a8-morto\/","title":{"rendered":"Daniele Chieffi: l&#8217;Ordine (dei giornalisti) \u00e8 morto&#8230;"},"content":{"rendered":"<p style=\"box-sizing: border-box; margin-top: 0px; font-family: Verdana, Geneva, sans-serif; line-height: 24px; color: #222222; margin-bottom: 24px;\">di Daniele Chieffi<\/p>\n<p style=\"box-sizing: border-box; margin-top: 0px; font-family: Verdana, Geneva, sans-serif; line-height: 24px; color: #222222; margin-bottom: 24px;\">Un social media manager che gestisce la diffusione degli articoli di un quotidiano online \u00e8 un giornalista o no? Un brand journalist, che usa tecniche appunto giornalistiche per la comunicazione corporate \u00e8 un giornalista o no? E un addetto stampa deve essere un giornalista o meno? Non esiste una singola risposta, non esiste la possibilit\u00e0 di un s\u00ec o no, netti e indiscutibili, semplicemente perch\u00e9 la domanda \u00e8 mal posta e nasce da una confusione, forse voluta, forse no, fra due piani diversi: il ruolo e le peculiarit\u00e0 della professione giornalistica da un lato, la sua regolamentazione e organizzazione normativa e previdenziale dall\u2019altro. Un discorso che va oltre il dibattito sull\u2019abolizione o meno dell\u2019Ordine dei Giornalisti.<\/p>\n<p style=\"box-sizing: border-box; margin-top: 0px; font-family: Verdana, Geneva, sans-serif; line-height: 24px; color: #222222; margin-bottom: 24px;\">Questo s\u2018intreccia con i destini di decine di nuove figure professionali \u201cdigitali\u201d \u2013 di cui il social media manager e il brand journalist sono solo due esempi -. \u00c8 forse arrivato il momento di accettare che il mondo \u00e8 cambiato da quel lontano 1948 (legge sulla stampa) come da quel 1963 (legge sulla professione giornalistica) ma anche dal 2000 (legge 150 sulle attivit\u00e0 di comunicazione della PA) e finanche dal 2013 (legge 4 sulle professioni non riconosciute). \u00c8 necessario considerare il mondo della comunicazione per quel che \u00e8: un ecosistema complessivo del quale siamo tutti abitanti: media, comunicatori, giornalisti, pubblicitari, community manager, addetti stampa, ecc. Tutti profondamente interdipendenti quanto portatori ciascuno di peculiarit\u00e0 e singolarit\u00e0 profonde, ma uniti da unico comun denominatore: comunichiamo, produciamo informazione, sia pure con scopi diversi.<\/p>\n<p style=\"box-sizing: border-box; margin-top: 0px; font-family: Verdana, Geneva, sans-serif; line-height: 24px; color: #222222; margin-bottom: 24px;\">Pensare di risolvere questo problema \u2013 come da alcune parti si sente dire \u2013 gonfiando la definizione di \u201cgiornalista\u201d, trasformandola in una categoria \u201combrello\u201d omnicomprensiva, \u00e8 deleterio innanzitutto proprio per la professione giornalistica stessa, perch\u00e9 finirebbe per minarne definitivamente l\u2019identit\u00e0 e il ruolo. Dall\u2019altra parte costringerebbe altre figure professionali in un ruolo che definire contraddittorio \u00e8 poco: \u00e8 possibile immaginare un comunicatore o un digital strategist obbligati a prendere il tesserino dell\u2019Ordine oppure a versare i contributi all\u2019Istituto Nazionale di Previdenza dei Giornalisti?<\/p>\n<p style=\"box-sizing: border-box; margin-top: 0px; font-family: Verdana, Geneva, sans-serif; line-height: 24px; color: #222222; margin-bottom: 24px;\">\u00c8 necessario viceversa iniziare a ragionare in un\u2019ottica complessiva, quella di un \u201ccomparto della comunicazione\u201d, in grado di raccogliere e normare tutte le figure professionali che in quest\u2019ambito operano, dare a tutte \u2013 salvaguardandone peculiarit\u00e0 e specificit\u00e0 \u2013 organizzazione, regolamentazione, tutele e regole deontologiche ed etiche, un sistema previdenziale comune. Questo permetterebbe, infine, di creare un sistema solido e articolato di garanzia e tutela per chi la comunicazione la fruisce, che siano lettori, utenti o clienti. Un sistema unico, costruito per\u00f2 su un assunto preciso: salvaguardare la differenza di scopo.<\/p>\n<p style=\"box-sizing: border-box; margin-top: 0px; font-family: Verdana, Geneva, sans-serif; line-height: 24px; color: #222222; margin-bottom: 24px;\">Non \u00e8 un giornalista, infatti, chi produce informazione, indipendentemente dal fatto che lo faccia in maniera disintermediata o intermediata. Quindi non \u00e8 un giornalista il social media manager, non \u00e8 un giornalista l\u2019addetto stampa, non \u00e8 un giornalista il copy di un\u2019agenzia pubblicitaria e via elencando. Non sono giornalisti semplicemente perch\u00e9 non svolgono un\u2019attivit\u00e0 che si possa ricondurre all\u2019articolo 21 della Costituzione, al diritto-dovere d\u2019informare, in maniera indipendente, per creare una coscienza critica nella popolazione e svolgere quel ruolo di garanzia della legalit\u00e0 e del buon esercizio del Potere.<\/p>\n<p style=\"box-sizing: border-box; margin-top: 0px; font-family: Verdana, Geneva, sans-serif; line-height: 24px; color: #222222; margin-bottom: 24px;\">\u00c8 proprio la differenza di scopo la chiave di tutto: il giornalista svolge un\u2019attivit\u00e0 garantita dalla Costituzione, quindi d\u2019interesse pubblico; chiunque altro faccia qualsiasi altra forma di comunicazione e informazione lo fa per sostenere e veicolare interessi particolari e \u201cprivati\u201d. Il problema nasce evidentemente, come dicevamo prima, quando si inizia a parlare del fatto che chi svolga altre attivit\u00e0 \u2013 il dibattito si \u00e8 concentrato su chi svolge attivit\u00e0 di comunicazione nelle aziende o nella Pubblica Amministrazione \u2013 debba essere ricondotto entro il sistema normativo giornalistico: iscrizione all\u2019Ordine, adesione all\u2019Inpgi, alla Casagit, ecc.<\/p>\n<p style=\"box-sizing: border-box; margin-top: 0px; font-family: Verdana, Geneva, sans-serif; line-height: 24px; color: #222222; margin-bottom: 24px;\">La contraddizione \u00e8 evidente: strumenti normativi nati e pensati per la professione giornalistica applicati a quanti questa professione, nel senso spiegato sopra, non la svolgono. Ma perch\u00e9 propendere per questa soluzione che appare evidentemente illogica? Non \u00e8 un ragionamento legato al cambiamento degli scenari della comunicazione, si tratta meramente di soldi. Il sistema dei media \u00e8 in crisi da anni: i giornalisti regolarmente assunti che quindi versano i contributi sono sempre meno, mentre i pensionati sempre di pi\u00f9, Questo sta aprendo una voragine nei conti dell\u2019Inpgi. La soluzione di cui si inizia a discutere piuttosto insistentemente? Imbarchiamo i comunicatori d\u2019azienda, trasformiamoli obbligatoriamente in giornalisti, cos\u00ec saniamo i conti.<\/p>\n<p style=\"box-sizing: border-box; margin-top: 0px; font-family: Verdana, Geneva, sans-serif; line-height: 24px; color: #222222; margin-bottom: 24px;\">La soluzione deve essere diversa, e deve passare da un ripensamento complessivo di tutto il comparto della comunicazione, anche e soprattutto alla luce dei cambiamenti portati dal digitale. Ha senso quindi parlare di un \u201ccomparto della comunicazione\u201d, per dirla con linguaggio sindacale? S\u00ec, ha grande senso. Siamo in un ecosistema, dicevamo. La disintermediazione che la rivoluzione digitale ha comportato, e che di questo ecosistema \u00e8 il segno identitario, comporta un profondo ampliamento di problemi etici e deontologici e della necessit\u00e0 di garantire al pubblico, a tutti noi, che l\u2019informazione prodotta in questo ecosistema sia corretta, realizzata secondo criteri professionali precisi, prestabiliti e che chi non li segua venga sanzionato. I giornalisti questo sistema di garanzia lo hanno, si chiama Ordine. Anche i comunicatori e si chiama Ferpi.<\/p>\n<p style=\"box-sizing: border-box; margin-top: 0px; font-family: Verdana, Geneva, sans-serif; line-height: 24px; color: #222222; margin-bottom: 24px;\"><span style=\"caret-color: #444444;\">Ha senso quindi pensare di mappare tutte le professioni della comunicazione, identificare le loro peculiarit\u00e0 tecniche e poi promuovere per ciascuna una forma associativa che ne tuteli gli interessi e, contemporaneamente, ne garantisca l\u2019etica e la deontologia, ne certifichi la professionalit\u00e0, come forma di tutela verso il pubblico e, perch\u00e9 no, anche verso i clienti? S\u00ec, ha molto senso.\u00a0<\/span><\/p>\n<p style=\"box-sizing: border-box; margin-top: 0px; font-family: Verdana, Geneva, sans-serif; line-height: 24px; color: #222222; margin-bottom: 24px;\"><span style=\"caret-color: #444444;\">Parliamo quindi di immaginare un unico \u201ccomparto della comunicazione\u201d, all\u2019interno del quale ogni singola famiglia professionale abbia una forma associativa in grado di tutelarne gli interessi, regolamentarne l\u2019accesso e la pratica e di certificarne la professionalit\u00e0 presso gli stakeholders.<\/span><\/p>\n<p style=\"box-sizing: border-box; margin-top: 0px; font-family: Verdana, Geneva, sans-serif; line-height: 24px; color: #222222; margin-bottom: 24px;\"><span style=\"caret-color: #444444;\">In questo contesto non ci sarebbe nulla di illogico o sbagliato nell\u2019immaginare una regolamentazione previdenziale unica per tutti gli operatori della comunicazione: un\u2019unica Cassa che certo non si potrebbe pi\u00f9 chiamare \u201cIstituto Nazionale di Previdenza dei giornalisti\u201d.<\/span><\/p>\n<p style=\"box-sizing: border-box; margin-top: 0px; font-family: Verdana, Geneva, sans-serif; line-height: 24px; color: #222222; margin-bottom: 24px;\"><span style=\"caret-color: #444444;\">Riconoscimento e tutela delle nuove professioni, un sistema previdenziale solido e garanzie per gli utenti, lettori, clienti. \u00c8 una soluzione che chiede per\u00f2 importanti interventi legislativi. Innanzitutto una mappatura precisa di quali siano le professioni della comunicazione, soprattutto di quelle nuove, native digitali \u2013 un tavolo, in questo senso, \u00e8 gi\u00e0 stato aperto -. Definirne le caratteristiche, le esigenze e le regolamentazioni di cui necessitano per garantire i destinatari finali della propria attivit\u00e0. Da qui la definizione normativa di un comparto professionale della comunicazione, entro cui dare finalmente soluzione a una serie importante di problemi aperti: la sostenibilit\u00e0 del sistema previdenziale dei giornalisti, il riconoscimento e la regolamentazione delle nuove figure professionali digitali e una tutela ampia e articolata degli utenti, dei lettori, dei clienti. In breve, di tutti noi.<\/span><\/p>\n<p style=\"box-sizing: border-box; margin-top: 0px; font-family: Verdana, Geneva, sans-serif; line-height: 24px; color: #222222; margin-bottom: 24px;\"><a href=\"http:\/\/www.danielechieffi.it\/lordine-dei-giornalisti-e-morto-viva-lordine-ovvero-per-una-riforma-complessiva-delle-professioni-della-comunicazione\/\">www.danielechieffi.it<\/a><\/p>\n<footer style=\"font-style: normal; font-variant-caps: normal; font-weight: normal; letter-spacing: normal; orphans: auto; text-align: start; text-indent: 0px; text-transform: none; white-space: normal; widows: auto; word-spacing: 0px; -webkit-text-size-adjust: auto; -webkit-text-stroke-width: 0px; text-decoration: none; box-sizing: border-box; display: block; clear: both; caret-color: #444444; color: #444444; font-family: Verdana, Geneva, sans-serif; font-size: 12px;\">\n<div class=\"td-post-source-tags td-pb-padding-side\" style=\"box-sizing: border-box; padding: 0px 17px; margin: 11px 0px 14px;\"><\/div>\n<\/footer>\n","protected":false},"excerpt":{"rendered":"<p>di Daniele Chieffi Un social media manager che gestisce la diffusione degli articoli di un quotidiano online \u00e8 un giornalista o no? Un brand journalist, che usa tecniche appunto giornalistiche per la comunicazione corporate \u00e8 un giornalista o no? E un addetto stampa deve essere un giornalista o meno? Non esiste una singola risposta, non [&hellip;]<\/p>\n","protected":false},"author":1,"featured_media":1933,"comment_status":"closed","ping_status":"closed","sticky":false,"template":"","format":"standard","meta":{"footnotes":""},"categories":[47],"tags":[],"class_list":["post-3774","post","type-post","status-publish","format-standard","has-post-thumbnail","hentry","category-comunicazione"],"yoast_head":"<!-- This site is optimized with the Yoast SEO plugin v27.5 - https:\/\/yoast.com\/product\/yoast-seo-wordpress\/ -->\n<title>Daniele Chieffi: l&#039;Ordine (dei giornalisti) \u00e8 morto...<\/title>\n<meta name=\"description\" content=\"Un social media manager che gestisce la diffusione degli articoli di un quotidiano online \u00e8 un giornalista o no?\" \/>\n<meta name=\"robots\" content=\"index, follow, max-snippet:-1, max-image-preview:large, max-video-preview:-1\" \/>\n<link rel=\"canonical\" href=\"https:\/\/wipconsulting.it\/en\/daniele-chieffi-laeordine-dei-giornalisti-a%c2%a8-morto\/\" \/>\n<meta property=\"og:locale\" content=\"en_US\" \/>\n<meta property=\"og:type\" content=\"article\" \/>\n<meta property=\"og:title\" content=\"Daniele Chieffi: l&#039;Ordine (dei giornalisti) \u00e8 morto...\" \/>\n<meta property=\"og:description\" content=\"Un social media manager che gestisce la diffusione degli articoli di un quotidiano online \u00e8 un giornalista o no?\" \/>\n<meta property=\"og:url\" content=\"https:\/\/wipconsulting.it\/en\/daniele-chieffi-laeordine-dei-giornalisti-a%c2%a8-morto\/\" \/>\n<meta property=\"og:site_name\" content=\"WIP Consulting | Consulenza strategica\" \/>\n<meta property=\"article:published_time\" content=\"2018-10-02T00:00:00+00:00\" \/>\n<meta property=\"article:modified_time\" content=\"2024-05-24T17:28:29+00:00\" \/>\n<meta property=\"og:image\" content=\"https:\/\/wipconsulting.it\/wp-content\/uploads\/2021\/08\/rivoluzione.jpg\" \/>\n\t<meta property=\"og:image:width\" content=\"600\" \/>\n\t<meta property=\"og:image:height\" content=\"478\" \/>\n\t<meta property=\"og:image:type\" content=\"image\/jpeg\" \/>\n<meta name=\"author\" content=\"admin\" \/>\n<meta name=\"twitter:card\" content=\"summary_large_image\" \/>\n<meta name=\"twitter:label1\" content=\"Written by\" \/>\n\t<meta name=\"twitter:data1\" content=\"admin\" \/>\n\t<meta name=\"twitter:label2\" content=\"Est. reading time\" \/>\n\t<meta name=\"twitter:data2\" content=\"6 minutes\" \/>\n<script type=\"application\/ld+json\" class=\"yoast-schema-graph\">{\"@context\":\"https:\\\/\\\/schema.org\",\"@graph\":[{\"@type\":\"Article\",\"@id\":\"https:\\\/\\\/wipconsulting.it\\\/en\\\/daniele-chieffi-laeordine-dei-giornalisti-a%c2%a8-morto\\\/#article\",\"isPartOf\":{\"@id\":\"https:\\\/\\\/wipconsulting.it\\\/en\\\/daniele-chieffi-laeordine-dei-giornalisti-a%c2%a8-morto\\\/\"},\"author\":{\"name\":\"admin\",\"@id\":\"https:\\\/\\\/wipconsulting.it\\\/en\\\/#\\\/schema\\\/person\\\/318ff9a7b71624aa81b8b0df2c70d8bd\"},\"headline\":\"Daniele Chieffi: l&#8217;Ordine (dei giornalisti) \u00e8 morto&#8230;\",\"datePublished\":\"2018-10-02T00:00:00+00:00\",\"dateModified\":\"2024-05-24T17:28:29+00:00\",\"mainEntityOfPage\":{\"@id\":\"https:\\\/\\\/wipconsulting.it\\\/en\\\/daniele-chieffi-laeordine-dei-giornalisti-a%c2%a8-morto\\\/\"},\"wordCount\":1102,\"publisher\":{\"@id\":\"https:\\\/\\\/wipconsulting.it\\\/en\\\/#organization\"},\"image\":{\"@id\":\"https:\\\/\\\/wipconsulting.it\\\/en\\\/daniele-chieffi-laeordine-dei-giornalisti-a%c2%a8-morto\\\/#primaryimage\"},\"thumbnailUrl\":\"https:\\\/\\\/wipconsulting.it\\\/wp-content\\\/uploads\\\/2021\\\/08\\\/rivoluzione.jpg\",\"articleSection\":[\"Comunicazione\"],\"inLanguage\":\"en-US\"},{\"@type\":\"WebPage\",\"@id\":\"https:\\\/\\\/wipconsulting.it\\\/en\\\/daniele-chieffi-laeordine-dei-giornalisti-a%c2%a8-morto\\\/\",\"url\":\"https:\\\/\\\/wipconsulting.it\\\/en\\\/daniele-chieffi-laeordine-dei-giornalisti-a%c2%a8-morto\\\/\",\"name\":\"Daniele Chieffi: l'Ordine (dei giornalisti) \u00e8 morto...\",\"isPartOf\":{\"@id\":\"https:\\\/\\\/wipconsulting.it\\\/en\\\/#website\"},\"primaryImageOfPage\":{\"@id\":\"https:\\\/\\\/wipconsulting.it\\\/en\\\/daniele-chieffi-laeordine-dei-giornalisti-a%c2%a8-morto\\\/#primaryimage\"},\"image\":{\"@id\":\"https:\\\/\\\/wipconsulting.it\\\/en\\\/daniele-chieffi-laeordine-dei-giornalisti-a%c2%a8-morto\\\/#primaryimage\"},\"thumbnailUrl\":\"https:\\\/\\\/wipconsulting.it\\\/wp-content\\\/uploads\\\/2021\\\/08\\\/rivoluzione.jpg\",\"datePublished\":\"2018-10-02T00:00:00+00:00\",\"dateModified\":\"2024-05-24T17:28:29+00:00\",\"description\":\"Un social media manager che gestisce la diffusione degli articoli di un quotidiano online \u00e8 un giornalista o no?\",\"breadcrumb\":{\"@id\":\"https:\\\/\\\/wipconsulting.it\\\/en\\\/daniele-chieffi-laeordine-dei-giornalisti-a%c2%a8-morto\\\/#breadcrumb\"},\"inLanguage\":\"en-US\",\"potentialAction\":[{\"@type\":\"ReadAction\",\"target\":[\"https:\\\/\\\/wipconsulting.it\\\/en\\\/daniele-chieffi-laeordine-dei-giornalisti-a%c2%a8-morto\\\/\"]}]},{\"@type\":\"ImageObject\",\"inLanguage\":\"en-US\",\"@id\":\"https:\\\/\\\/wipconsulting.it\\\/en\\\/daniele-chieffi-laeordine-dei-giornalisti-a%c2%a8-morto\\\/#primaryimage\",\"url\":\"https:\\\/\\\/wipconsulting.it\\\/wp-content\\\/uploads\\\/2021\\\/08\\\/rivoluzione.jpg\",\"contentUrl\":\"https:\\\/\\\/wipconsulting.it\\\/wp-content\\\/uploads\\\/2021\\\/08\\\/rivoluzione.jpg\",\"width\":600,\"height\":478},{\"@type\":\"BreadcrumbList\",\"@id\":\"https:\\\/\\\/wipconsulting.it\\\/en\\\/daniele-chieffi-laeordine-dei-giornalisti-a%c2%a8-morto\\\/#breadcrumb\",\"itemListElement\":[{\"@type\":\"ListItem\",\"position\":1,\"name\":\"Home\",\"item\":\"https:\\\/\\\/wipconsulting.it\\\/en\\\/home\\\/\"},{\"@type\":\"ListItem\",\"position\":2,\"name\":\"Daniele Chieffi: l&#8217;Ordine (dei giornalisti) \u00e8 morto&#8230;\"}]},{\"@type\":\"WebSite\",\"@id\":\"https:\\\/\\\/wipconsulting.it\\\/en\\\/#website\",\"url\":\"https:\\\/\\\/wipconsulting.it\\\/en\\\/\",\"name\":\"wipconsulting.it\",\"description\":\"Formazione alle imprese\",\"publisher\":{\"@id\":\"https:\\\/\\\/wipconsulting.it\\\/en\\\/#organization\"},\"potentialAction\":[{\"@type\":\"SearchAction\",\"target\":{\"@type\":\"EntryPoint\",\"urlTemplate\":\"https:\\\/\\\/wipconsulting.it\\\/en\\\/?s={search_term_string}\"},\"query-input\":{\"@type\":\"PropertyValueSpecification\",\"valueRequired\":true,\"valueName\":\"search_term_string\"}}],\"inLanguage\":\"en-US\"},{\"@type\":\"Organization\",\"@id\":\"https:\\\/\\\/wipconsulting.it\\\/en\\\/#organization\",\"name\":\"WIP Consulting\",\"url\":\"https:\\\/\\\/wipconsulting.it\\\/en\\\/\",\"logo\":{\"@type\":\"ImageObject\",\"inLanguage\":\"en-US\",\"@id\":\"https:\\\/\\\/wipconsulting.it\\\/en\\\/#\\\/schema\\\/logo\\\/image\\\/\",\"url\":\"https:\\\/\\\/wipconsulting.it\\\/wp-content\\\/uploads\\\/2023\\\/12\\\/logo_wip_consulting_2colori_Registered_v02.svg\",\"contentUrl\":\"https:\\\/\\\/wipconsulting.it\\\/wp-content\\\/uploads\\\/2023\\\/12\\\/logo_wip_consulting_2colori_Registered_v02.svg\",\"caption\":\"WIP Consulting\"},\"image\":{\"@id\":\"https:\\\/\\\/wipconsulting.it\\\/en\\\/#\\\/schema\\\/logo\\\/image\\\/\"}},{\"@type\":\"Person\",\"@id\":\"https:\\\/\\\/wipconsulting.it\\\/en\\\/#\\\/schema\\\/person\\\/318ff9a7b71624aa81b8b0df2c70d8bd\",\"name\":\"admin\",\"image\":{\"@type\":\"ImageObject\",\"inLanguage\":\"en-US\",\"@id\":\"https:\\\/\\\/secure.gravatar.com\\\/avatar\\\/2abbf81cef02f96903b67cd91eed09563af3527b400364162912f7584e891ae3?s=96&d=mm&r=g\",\"url\":\"https:\\\/\\\/secure.gravatar.com\\\/avatar\\\/2abbf81cef02f96903b67cd91eed09563af3527b400364162912f7584e891ae3?s=96&d=mm&r=g\",\"contentUrl\":\"https:\\\/\\\/secure.gravatar.com\\\/avatar\\\/2abbf81cef02f96903b67cd91eed09563af3527b400364162912f7584e891ae3?s=96&d=mm&r=g\",\"caption\":\"admin\"},\"sameAs\":[\"https:\\\/\\\/wipconsulting.it\"],\"url\":\"https:\\\/\\\/wipconsulting.it\\\/en\\\/author\\\/admin\\\/\"}]}<\/script>\n<!-- \/ Yoast SEO plugin. -->","yoast_head_json":{"title":"Daniele Chieffi: l'Ordine (dei giornalisti) \u00e8 morto...","description":"Un social media manager che gestisce la diffusione degli articoli di un quotidiano online \u00e8 un giornalista o no?","robots":{"index":"index","follow":"follow","max-snippet":"max-snippet:-1","max-image-preview":"max-image-preview:large","max-video-preview":"max-video-preview:-1"},"canonical":"https:\/\/wipconsulting.it\/en\/daniele-chieffi-laeordine-dei-giornalisti-a%c2%a8-morto\/","og_locale":"en_US","og_type":"article","og_title":"Daniele Chieffi: l'Ordine (dei giornalisti) \u00e8 morto...","og_description":"Un social media manager che gestisce la diffusione degli articoli di un quotidiano online \u00e8 un giornalista o no?","og_url":"https:\/\/wipconsulting.it\/en\/daniele-chieffi-laeordine-dei-giornalisti-a%c2%a8-morto\/","og_site_name":"WIP Consulting | Consulenza strategica","article_published_time":"2018-10-02T00:00:00+00:00","article_modified_time":"2024-05-24T17:28:29+00:00","og_image":[{"width":600,"height":478,"url":"https:\/\/wipconsulting.it\/wp-content\/uploads\/2021\/08\/rivoluzione.jpg","type":"image\/jpeg"}],"author":"admin","twitter_card":"summary_large_image","twitter_misc":{"Written by":"admin","Est. reading time":"6 minutes"},"schema":{"@context":"https:\/\/schema.org","@graph":[{"@type":"Article","@id":"https:\/\/wipconsulting.it\/en\/daniele-chieffi-laeordine-dei-giornalisti-a%c2%a8-morto\/#article","isPartOf":{"@id":"https:\/\/wipconsulting.it\/en\/daniele-chieffi-laeordine-dei-giornalisti-a%c2%a8-morto\/"},"author":{"name":"admin","@id":"https:\/\/wipconsulting.it\/en\/#\/schema\/person\/318ff9a7b71624aa81b8b0df2c70d8bd"},"headline":"Daniele Chieffi: l&#8217;Ordine (dei giornalisti) \u00e8 morto&#8230;","datePublished":"2018-10-02T00:00:00+00:00","dateModified":"2024-05-24T17:28:29+00:00","mainEntityOfPage":{"@id":"https:\/\/wipconsulting.it\/en\/daniele-chieffi-laeordine-dei-giornalisti-a%c2%a8-morto\/"},"wordCount":1102,"publisher":{"@id":"https:\/\/wipconsulting.it\/en\/#organization"},"image":{"@id":"https:\/\/wipconsulting.it\/en\/daniele-chieffi-laeordine-dei-giornalisti-a%c2%a8-morto\/#primaryimage"},"thumbnailUrl":"https:\/\/wipconsulting.it\/wp-content\/uploads\/2021\/08\/rivoluzione.jpg","articleSection":["Comunicazione"],"inLanguage":"en-US"},{"@type":"WebPage","@id":"https:\/\/wipconsulting.it\/en\/daniele-chieffi-laeordine-dei-giornalisti-a%c2%a8-morto\/","url":"https:\/\/wipconsulting.it\/en\/daniele-chieffi-laeordine-dei-giornalisti-a%c2%a8-morto\/","name":"Daniele Chieffi: l'Ordine (dei giornalisti) \u00e8 morto...","isPartOf":{"@id":"https:\/\/wipconsulting.it\/en\/#website"},"primaryImageOfPage":{"@id":"https:\/\/wipconsulting.it\/en\/daniele-chieffi-laeordine-dei-giornalisti-a%c2%a8-morto\/#primaryimage"},"image":{"@id":"https:\/\/wipconsulting.it\/en\/daniele-chieffi-laeordine-dei-giornalisti-a%c2%a8-morto\/#primaryimage"},"thumbnailUrl":"https:\/\/wipconsulting.it\/wp-content\/uploads\/2021\/08\/rivoluzione.jpg","datePublished":"2018-10-02T00:00:00+00:00","dateModified":"2024-05-24T17:28:29+00:00","description":"Un social media manager che gestisce la diffusione degli articoli di un quotidiano online \u00e8 un giornalista o no?","breadcrumb":{"@id":"https:\/\/wipconsulting.it\/en\/daniele-chieffi-laeordine-dei-giornalisti-a%c2%a8-morto\/#breadcrumb"},"inLanguage":"en-US","potentialAction":[{"@type":"ReadAction","target":["https:\/\/wipconsulting.it\/en\/daniele-chieffi-laeordine-dei-giornalisti-a%c2%a8-morto\/"]}]},{"@type":"ImageObject","inLanguage":"en-US","@id":"https:\/\/wipconsulting.it\/en\/daniele-chieffi-laeordine-dei-giornalisti-a%c2%a8-morto\/#primaryimage","url":"https:\/\/wipconsulting.it\/wp-content\/uploads\/2021\/08\/rivoluzione.jpg","contentUrl":"https:\/\/wipconsulting.it\/wp-content\/uploads\/2021\/08\/rivoluzione.jpg","width":600,"height":478},{"@type":"BreadcrumbList","@id":"https:\/\/wipconsulting.it\/en\/daniele-chieffi-laeordine-dei-giornalisti-a%c2%a8-morto\/#breadcrumb","itemListElement":[{"@type":"ListItem","position":1,"name":"Home","item":"https:\/\/wipconsulting.it\/en\/home\/"},{"@type":"ListItem","position":2,"name":"Daniele Chieffi: l&#8217;Ordine (dei giornalisti) \u00e8 morto&#8230;"}]},{"@type":"WebSite","@id":"https:\/\/wipconsulting.it\/en\/#website","url":"https:\/\/wipconsulting.it\/en\/","name":"wipconsulting.it","description":"Formazione alle imprese","publisher":{"@id":"https:\/\/wipconsulting.it\/en\/#organization"},"potentialAction":[{"@type":"SearchAction","target":{"@type":"EntryPoint","urlTemplate":"https:\/\/wipconsulting.it\/en\/?s={search_term_string}"},"query-input":{"@type":"PropertyValueSpecification","valueRequired":true,"valueName":"search_term_string"}}],"inLanguage":"en-US"},{"@type":"Organization","@id":"https:\/\/wipconsulting.it\/en\/#organization","name":"WIP Consulting","url":"https:\/\/wipconsulting.it\/en\/","logo":{"@type":"ImageObject","inLanguage":"en-US","@id":"https:\/\/wipconsulting.it\/en\/#\/schema\/logo\/image\/","url":"https:\/\/wipconsulting.it\/wp-content\/uploads\/2023\/12\/logo_wip_consulting_2colori_Registered_v02.svg","contentUrl":"https:\/\/wipconsulting.it\/wp-content\/uploads\/2023\/12\/logo_wip_consulting_2colori_Registered_v02.svg","caption":"WIP Consulting"},"image":{"@id":"https:\/\/wipconsulting.it\/en\/#\/schema\/logo\/image\/"}},{"@type":"Person","@id":"https:\/\/wipconsulting.it\/en\/#\/schema\/person\/318ff9a7b71624aa81b8b0df2c70d8bd","name":"admin","image":{"@type":"ImageObject","inLanguage":"en-US","@id":"https:\/\/secure.gravatar.com\/avatar\/2abbf81cef02f96903b67cd91eed09563af3527b400364162912f7584e891ae3?s=96&d=mm&r=g","url":"https:\/\/secure.gravatar.com\/avatar\/2abbf81cef02f96903b67cd91eed09563af3527b400364162912f7584e891ae3?s=96&d=mm&r=g","contentUrl":"https:\/\/secure.gravatar.com\/avatar\/2abbf81cef02f96903b67cd91eed09563af3527b400364162912f7584e891ae3?s=96&d=mm&r=g","caption":"admin"},"sameAs":["https:\/\/wipconsulting.it"],"url":"https:\/\/wipconsulting.it\/en\/author\/admin\/"}]}},"_links":{"self":[{"href":"https:\/\/wipconsulting.it\/en\/wp-json\/wp\/v2\/posts\/3774","targetHints":{"allow":["GET"]}}],"collection":[{"href":"https:\/\/wipconsulting.it\/en\/wp-json\/wp\/v2\/posts"}],"about":[{"href":"https:\/\/wipconsulting.it\/en\/wp-json\/wp\/v2\/types\/post"}],"author":[{"embeddable":true,"href":"https:\/\/wipconsulting.it\/en\/wp-json\/wp\/v2\/users\/1"}],"replies":[{"embeddable":true,"href":"https:\/\/wipconsulting.it\/en\/wp-json\/wp\/v2\/comments?post=3774"}],"version-history":[{"count":1,"href":"https:\/\/wipconsulting.it\/en\/wp-json\/wp\/v2\/posts\/3774\/revisions"}],"predecessor-version":[{"id":10535,"href":"https:\/\/wipconsulting.it\/en\/wp-json\/wp\/v2\/posts\/3774\/revisions\/10535"}],"wp:featuredmedia":[{"embeddable":true,"href":"https:\/\/wipconsulting.it\/en\/wp-json\/wp\/v2\/media\/1933"}],"wp:attachment":[{"href":"https:\/\/wipconsulting.it\/en\/wp-json\/wp\/v2\/media?parent=3774"}],"wp:term":[{"taxonomy":"category","embeddable":true,"href":"https:\/\/wipconsulting.it\/en\/wp-json\/wp\/v2\/categories?post=3774"},{"taxonomy":"post_tag","embeddable":true,"href":"https:\/\/wipconsulting.it\/en\/wp-json\/wp\/v2\/tags?post=3774"}],"curies":[{"name":"wp","href":"https:\/\/api.w.org\/{rel}","templated":true}]}}