{"id":3775,"date":"2018-10-07T00:00:00","date_gmt":"2018-10-07T00:00:00","guid":{"rendered":"https:\/\/wip.stefanobonetti.it\/2018\/07\/10\/il-racconto-del-lavoro-che-cambia\/"},"modified":"2024-05-24T19:28:24","modified_gmt":"2024-05-24T17:28:24","slug":"il-racconto-del-lavoro-che-cambia","status":"publish","type":"post","link":"https:\/\/wipconsulting.it\/en\/il-racconto-del-lavoro-che-cambia\/","title":{"rendered":"Il racconto del lavoro che cambia"},"content":{"rendered":"<p style=\"margin: 0px 0px 15px; padding: 0px; border: 0px; outline: 0px; font-family: 'Trebuchet MS', Arial, Helvetica, sans-serif; vertical-align: baseline; color: #57565b; line-height: 17px;\"><span style=\"margin: 0px; padding: 0px; border: 0px; outline: 0px; font-family: inherit; vertical-align: baseline; font-style: italic !important;\">Rita Palumbo questa settimana, nella sua rubrica #MercatoLavoro pubblicata nel portale <a href=\"http:\/\/www.ferpi.it\">www.ferpi.it<\/a>, ospita una riflessione di Luca Bizzarri, Direttore ufficio politiche giovanili della Provincia autonoma di Bolzano. Bizzarri ha partecipato \u00a0al gruppo di lavoro Ferpi &#8220;Comunicare le professioni intellettuali&#8221; al recente Festival delle Professioni di Trento. E da quel palcoscenico ha lanciato una sfida: le nuove \u00a0professioni hanno bisogno dei comunicatori per raccontare il cambiamento.<\/span><\/p>\n<p style=\"margin: 0px 0px 15px; padding: 0px; border: 0px; outline: 0px; font-family: 'Trebuchet MS', Arial, Helvetica, sans-serif; vertical-align: baseline; color: #57565b; line-height: 17px;\"><span style=\"margin: 0px; padding: 0px; border: 0px; outline: 0px; font-family: inherit; vertical-align: baseline; font-style: italic !important;\">Il 4 ottobre, a Trento, si \u00e8 svolta, con il patrocinio di Ferpi, la settima edizione del Festival delle Professioni, l\u2019unico appuntamento italiano interamente dedicato al mondo dei professionisti. Il Gruppo Ferpi \u201cComunicare le professioni intellettuali\u201d, forte dell\u2019esperienza del percorso che ha portato la Federazione al riconoscimento tra le professioni non regolamentate, ha proposto un approfondimento\u00a0<\/span><span style=\"margin: 0px; padding: 0px; border: 0px; outline: 0px; font-family: inherit; vertical-align: baseline; font-style: italic !important;\">dedicato al mondo del lavoro e a tutte le nuove professioni intellettuali che oggi nascono nel nome del cambiamento e della novit\u00e0 e che necessitano trovare, nella societ\u00e0, adeguati percorsi di legittimazione.<\/span><\/p>\n<p style=\"margin: 0px 0px 15px; padding: 0px; border: 0px; outline: 0px; font-family: 'Trebuchet MS', Arial, Helvetica, sans-serif; vertical-align: baseline; color: #57565b; line-height: 17px;\"><span style=\"margin: 0px; padding: 0px; border: 0px; outline: 0px; font-family: inherit; vertical-align: baseline; font-style: italic !important;\">A Luca Bizzarri,\u00a0<\/span><span style=\"margin: 0px; padding: 0px; border: 0px; outline: 0px; font-family: inherit; vertical-align: baseline; font-style: italic !important;\">Direttore Ufficio Politiche Giovanili della Provincia autonoma di Bolzano e co-direttore della collana New fabric (Pacini editore) abbiamo chiesto una riflessione di scenario e una valutazione dell\u2019interessante percorso che ha visto individuare, tra le nuove professioni, alcuni tratti ricorrenti; una serie di \u201cricorrenze\u201d, come le definisce, che dialogano fra di loro in maniera costante. Ai professionisti del mondo della comunicazione viene offerta l\u2019opportunit\u00e0 e responsabilit\u00e0 di recepire questi aspetti e di raccontarli. \u201cPerch\u00e9 \u00e8 proprio attraverso la narrazione che si accredita nell\u2019opinione pubblica l\u2019idea che, qualora presenti, queste ricorrenze delimitano profili professionali che hanno il diritto a un riconoscimento\u201d.<\/span><\/p>\n<p style=\"margin: 0px 0px 15px; padding: 0px; border: 0px; outline: 0px; font-family: 'Trebuchet MS', Arial, Helvetica, sans-serif; vertical-align: baseline; color: #57565b; line-height: 17px;\">\n<p style=\"margin: 0px 0px 15px; padding: 0px; border: 0px; outline: 0px; font-family: 'Trebuchet MS', Arial, Helvetica, sans-serif; vertical-align: baseline; color: #57565b; line-height: 17px;\">di Luca Bizzarri<\/p>\n<p style=\"margin: 0px 0px 15px; padding: 0px; border: 0px; outline: 0px; font-family: 'Trebuchet MS', Arial, Helvetica, sans-serif; vertical-align: baseline; color: #57565b; line-height: 17px;\">Uno degli aspetti, certamente non secondari, rispetto al profondo mutamento del mercato del lavoro, cui abbiamo assistito in questo decennio e rispetto a una reazione di coraggio alla drammatica situazione di disoccupazione giovanile che ha colpito il Paese, riguarda la nascita di nuovi profili professionali, inaspettati e molte volte non riconosciuti a livello sociale.<\/p>\n<p style=\"margin: 0px 0px 15px; padding: 0px; border: 0px; outline: 0px; font-family: 'Trebuchet MS', Arial, Helvetica, sans-serif; vertical-align: baseline; color: #57565b; line-height: 17px;\">L\u2019antagonismo generazionale \u2013 che tradizionalmente contraddistingue il mondo del lavoro \u2013 \u00e8 esploso in una galassia di professioni dai contorni sempre pi\u00f9 indefiniti e dalle operativit\u00e0 pi\u00f9 disparate. Risultato, quest\u2019ultimo, dettato oltretutto dalla pervasivit\u00e0 delle nuove tecnologie che hanno disintermediato l\u2019approccio classico alla produzione industriale e desertificato gran parte dei luoghi di produzione costruiti negli anni Sessanta e Settanta ai margini delle citt\u00e0.<\/p>\n<p style=\"margin: 0px 0px 15px; padding: 0px; border: 0px; outline: 0px; font-family: 'Trebuchet MS', Arial, Helvetica, sans-serif; vertical-align: baseline; color: #57565b; line-height: 17px;\">Da questo \u201cZabriskie Point\u201d qualcosa si \u00e8 mosso e continua a muoversi. Alla crisi si \u00e8 risposto con la collaborazione e con attivit\u00e0 mirate a rigenerare spazi e situazioni rimaste per molto tempo vittime di gestioni tradizionali, che hanno funzionato fintanto che le condizioni sociali e economiche reggevano.<\/p>\n<p style=\"margin: 0px 0px 15px; padding: 0px; border: 0px; outline: 0px; font-family: 'Trebuchet MS', Arial, Helvetica, sans-serif; vertical-align: baseline; color: #57565b; line-height: 17px;\">La pubblica amministrazione non sempre ha reagito con prontezza al malcontento promuovendo nuovi modelli gestionali partecipativi e sostenibili e ha lasciato lo spazio a soluzioni creative che hanno generato nel tempo nuovi profili professionali. Tra queste troviamo professioni, anche tradizionali, che hanno dovuto reinventarsi per sopravvivere: penso alla grande quantit\u00e0 di architetti o di designer che si sono prestati con successo in questi ultimi anni alla realizzazione di progetti di rigenerazione urbana, dove accanto alle competenze formali proprie di interventi strutturali sui luoghi hanno sviluppato competenze di altro genere volte alla creazione e alla gestione di comunit\u00e0 attive. O ancora alle fondamentali figure dei\u00a0<span style=\"margin: 0px; padding: 0px; border: 0px; outline: 0px; font-family: inherit; vertical-align: baseline; font-style: italic !important;\">community manager<\/span>\u00a0che oggi in Italia gestiscono i nuovi spazi del lavoro collaborativo (<span style=\"margin: 0px; padding: 0px; border: 0px; outline: 0px; font-family: inherit; vertical-align: baseline; font-style: italic !important;\">coworking<\/span>) e che hanno dovuto fare sintesi nel loro mestieri di competenze anche molto distanti fra di loro che vanno dall\u2019organizzazione delle comunit\u00e0 dei\u00a0<span style=\"margin: 0px; padding: 0px; border: 0px; outline: 0px; font-family: inherit; vertical-align: baseline; font-style: italic !important;\">coworker<\/span>\u00a0alla capacit\u00e0 di individuare finanziamenti per la sostenibilit\u00e0 dell\u2019impresa, dalle occasioni di scambio fra i professionisti al dialogo con le istituzioni. Oppure pensiamo alla categoria degli imprenditori culturali e creativi, che ancora oggi si battono per un riconoscimento di settore che li emancipi finalmente dall\u2019idea che la cultura si fa solo a costo zero e che li doti di strumenti normativi, di azione e di tutela, per fare della cultura un\u2019impresa di sviluppo del territorio che sia tale a pieno titolo.<\/p>\n<p style=\"margin: 0px 0px 15px; padding: 0px; border: 0px; outline: 0px; font-family: 'Trebuchet MS', Arial, Helvetica, sans-serif; vertical-align: baseline; color: #57565b; line-height: 17px;\">Di questo e di tanto altro abbiamo cercato di dare conto in una felice pubblicazione uscita nel 2017 per la Pacini editore dal titolo \u201c<a style=\"margin: 0px; padding: 0px; border: 0px; outline: 0px; font-style: inherit; font-family: inherit; vertical-align: baseline; text-decoration: none; color: #c02500;\" href=\"http:\/\/www.pacinieditore.it\/leggere-rigenerazione-urbana\/\">Leggere la rigenerazione urbana<\/a>\u201d che raccoglie storie di persone che facendo hanno trasformato il contesto di riferimento della propria comunit\u00e0. Perch\u00e9 \u00e8 solo attraverso il racconto che le nuove prospettive prendono forma. L\u2019aver promosso un bando per la pubblicazione prima e aver successivamente portato in giro per l\u2019Italia questi racconti ci ha permesso di incontrare molte realt\u00e0 e individuare delle \u201cricorrenze\u201d ovvero degli aspetti professionali, tradizionalmente non riconosciuti, che continuamente emergono nei diversi contesti e che non hanno alcuna pretesa di definire o di creare categorie ordinistiche. Abbiamo preferito un approccio alle pratiche in senso stretto, piuttosto che alle competenze, perch\u00e9 siamo convinti che solo cos\u00ec possono essere scoperte e individuate le nuove direzioni emergenti e solo attraverso il racconto con il tempo queste visioni possono essere accreditate e riconosciute.<\/p>\n<p style=\"margin: 0px 0px 15px; padding: 0px; border: 0px; outline: 0px; font-family: 'Trebuchet MS', Arial, Helvetica, sans-serif; vertical-align: baseline; color: #57565b; line-height: 17px;\">E allora entriamo nel dettaglio di queste \u201cricorrenze\u201d:<\/p>\n<ul style=\"font-size: 16px; margin: 10px 0px 20px 40px; padding: 0px; border: 0px; outline: 0px; font-family: 'Trebuchet MS', Arial, Helvetica, sans-serif; vertical-align: baseline; list-style: none;\">\n<li style=\"margin: 0px 0px 5px; padding: 0px; border: 0px; outline: 0px; font-style: inherit; font-size: 14px; font-family: inherit; vertical-align: baseline; line-height: 18px; color: #57565b; list-style: disc outside;\">il progetto di vita spesso coincide con il progetto professionale. Si tratta di professioni che spesso si definiscono partendo da visioni sulla propria vita o del rapporto che si vorrebbe instaurare con il contesto di riferimento. Pensiamo alle molte esperienze di cohousing che si registrano in Italia, alla necessit\u00e0 di organizzare delle comunit\u00e0 che per quanto amicali, hanno bisogno di una gestione puntuale delle convivenza e dei momenti di comunit\u00e0;<\/li>\n<li style=\"margin: 0px 0px 5px; padding: 0px; border: 0px; outline: 0px; font-style: inherit; font-size: 14px; font-family: inherit; vertical-align: baseline; line-height: 18px; color: #57565b; list-style: disc outside;\">l\u2019interesse per il locale. Anche in questo caso prevale il lavoro sulle piccole dimensioni, sulla riattivazione dei piccoli borghi o delle comunit\u00e0 periferiche rispetto ai grandi centri urbani. L\u2019interesse per la dimensione \u201diperlocale\u201d come direbbe Ezio Manzini;<\/li>\n<li style=\"margin: 0px 0px 5px; padding: 0px; border: 0px; outline: 0px; font-style: inherit; font-size: 14px; font-family: inherit; vertical-align: baseline; line-height: 18px; color: #57565b; list-style: disc outside;\">la coincidenza dell\u2019interesse individuale con l\u2019interesse generale. I nuovi profili professionali rispondono generalmente a bisogni comunitari o che comunque riguardano un gruppo ampio di persone. Il proprio interesse individuale ha una visione ampia e pone grande attenzione all\u2019impatto sociale delle proprie azioni;<\/li>\n<li style=\"margin: 0px 0px 5px; padding: 0px; border: 0px; outline: 0px; font-style: inherit; font-size: 14px; font-family: inherit; vertical-align: baseline; line-height: 18px; color: #57565b; list-style: disc outside;\">il rapporto con la pubblica amministrazione. Sono profili altamente specializzati che dialogano efficacemente con diversi livelli della societ\u00e0 e fra questi con gli enti pubblici ma non si pongono in contrasto con questi, anzi hanno grande capacit\u00e0 di messa in rete degli interessi di tutti. Ecco perch\u00e9 molto spesso si parla di ecosistema, intendendo con questo la messa in dialogo di tutte le parti della societ\u00e0. In questo senso molto ha fatto l\u2019adozione in molti comuni italiani dei patti di collaborazione regolati da Regolamenti sulla collaborazione fra cittadini per la cura e la rigenerazione dei beni comuni.<\/li>\n<\/ul>\n<p style=\"margin: 0px 0px 15px; padding: 0px; border: 0px; outline: 0px; font-family: 'Trebuchet MS', Arial, Helvetica, sans-serif; vertical-align: baseline; color: #57565b; line-height: 17px;\">Evidentemente questi aspetti dialogano fra di loro in maniera costante e necessitano di persone che siano capaci di raccontare il fenomeno cui stiamo assistendo. Ecco perch\u00e9 le professioni che fanno del racconto e della comunicazione il loro obiettivo principale hanno il dovere di recepire questi aspetti ricorrenti e di raccontarli. Perch\u00e9 \u00e8 proprio attraverso la narrazione che si accredita nell\u2019opinione pubblica l\u2019idea che, qualora presenti, queste ricorrenze delimitano profili professionali che hanno il diritto a un riconoscimento da parte di quei sistemi istituzionali che tradizionalmente sono assunti come legittimanti.<\/p>\n<p><a href=\"http:\/\/www.ferpi.it\/raccontare-il-lavoro-che-cambia\/\">www.ferpi.it<\/a><\/p>\n","protected":false},"excerpt":{"rendered":"<p>Rita Palumbo questa settimana, nella sua rubrica #MercatoLavoro pubblicata nel portale www.ferpi.it, ospita una riflessione di Luca Bizzarri, Direttore ufficio politiche giovanili della Provincia autonoma di Bolzano. Bizzarri ha partecipato \u00a0al gruppo di lavoro Ferpi &#8220;Comunicare le professioni intellettuali&#8221; al recente Festival delle Professioni di Trento. E da quel palcoscenico ha lanciato una sfida: le [&hellip;]<\/p>\n","protected":false},"author":1,"featured_media":1932,"comment_status":"closed","ping_status":"closed","sticky":false,"template":"","format":"standard","meta":{"footnotes":""},"categories":[47,48,24],"tags":[],"class_list":["post-3775","post","type-post","status-publish","format-standard","has-post-thumbnail","hentry","category-comunicazione","category-mercato-del-lavoro","category-trend"],"yoast_head":"<!-- This site is optimized with the Yoast SEO plugin v27.5 - https:\/\/yoast.com\/product\/yoast-seo-wordpress\/ -->\n<title>Il racconto del lavoro che cambia - WIP Consulting | Consulenza strategica<\/title>\n<meta name=\"robots\" content=\"index, follow, max-snippet:-1, max-image-preview:large, max-video-preview:-1\" \/>\n<link rel=\"canonical\" href=\"https:\/\/wipconsulting.it\/en\/il-racconto-del-lavoro-che-cambia\/\" \/>\n<meta property=\"og:locale\" content=\"en_US\" \/>\n<meta property=\"og:type\" content=\"article\" \/>\n<meta property=\"og:title\" content=\"Il racconto del lavoro che cambia - WIP Consulting | Consulenza strategica\" \/>\n<meta property=\"og:description\" content=\"Rita Palumbo questa settimana, nella sua rubrica #MercatoLavoro pubblicata nel portale www.ferpi.it, ospita una riflessione di Luca Bizzarri, Direttore ufficio politiche giovanili della Provincia autonoma di Bolzano. Bizzarri ha partecipato \u00a0al gruppo di lavoro Ferpi &#8220;Comunicare le professioni intellettuali&#8221; al recente Festival delle Professioni di Trento. E da quel palcoscenico ha lanciato una sfida: le [&hellip;]\" \/>\n<meta property=\"og:url\" content=\"https:\/\/wipconsulting.it\/en\/il-racconto-del-lavoro-che-cambia\/\" \/>\n<meta property=\"og:site_name\" content=\"WIP Consulting | Consulenza strategica\" \/>\n<meta property=\"article:published_time\" content=\"2018-10-07T00:00:00+00:00\" \/>\n<meta property=\"article:modified_time\" content=\"2024-05-24T17:28:24+00:00\" \/>\n<meta property=\"og:image\" content=\"https:\/\/wipconsulting.it\/wp-content\/uploads\/2021\/08\/lavoro_del_futuro.jpg\" \/>\n\t<meta property=\"og:image:width\" content=\"700\" \/>\n\t<meta property=\"og:image:height\" content=\"420\" \/>\n\t<meta property=\"og:image:type\" content=\"image\/jpeg\" \/>\n<meta name=\"author\" content=\"admin\" \/>\n<meta name=\"twitter:card\" content=\"summary_large_image\" \/>\n<meta name=\"twitter:label1\" content=\"Written by\" \/>\n\t<meta name=\"twitter:data1\" content=\"admin\" \/>\n\t<meta name=\"twitter:label2\" content=\"Est. reading time\" \/>\n\t<meta name=\"twitter:data2\" content=\"6 minutes\" \/>\n<script type=\"application\/ld+json\" class=\"yoast-schema-graph\">{\"@context\":\"https:\\\/\\\/schema.org\",\"@graph\":[{\"@type\":\"Article\",\"@id\":\"https:\\\/\\\/wipconsulting.it\\\/en\\\/il-racconto-del-lavoro-che-cambia\\\/#article\",\"isPartOf\":{\"@id\":\"https:\\\/\\\/wipconsulting.it\\\/en\\\/il-racconto-del-lavoro-che-cambia\\\/\"},\"author\":{\"name\":\"admin\",\"@id\":\"https:\\\/\\\/wipconsulting.it\\\/en\\\/#\\\/schema\\\/person\\\/318ff9a7b71624aa81b8b0df2c70d8bd\"},\"headline\":\"Il racconto del lavoro che cambia\",\"datePublished\":\"2018-10-07T00:00:00+00:00\",\"dateModified\":\"2024-05-24T17:28:24+00:00\",\"mainEntityOfPage\":{\"@id\":\"https:\\\/\\\/wipconsulting.it\\\/en\\\/il-racconto-del-lavoro-che-cambia\\\/\"},\"wordCount\":1166,\"publisher\":{\"@id\":\"https:\\\/\\\/wipconsulting.it\\\/en\\\/#organization\"},\"image\":{\"@id\":\"https:\\\/\\\/wipconsulting.it\\\/en\\\/il-racconto-del-lavoro-che-cambia\\\/#primaryimage\"},\"thumbnailUrl\":\"https:\\\/\\\/wipconsulting.it\\\/wp-content\\\/uploads\\\/2021\\\/08\\\/lavoro_del_futuro.jpg\",\"articleSection\":[\"Comunicazione\",\"Mercato del Lavoro\",\"trend\"],\"inLanguage\":\"en-US\"},{\"@type\":\"WebPage\",\"@id\":\"https:\\\/\\\/wipconsulting.it\\\/en\\\/il-racconto-del-lavoro-che-cambia\\\/\",\"url\":\"https:\\\/\\\/wipconsulting.it\\\/en\\\/il-racconto-del-lavoro-che-cambia\\\/\",\"name\":\"Il racconto del lavoro che cambia - WIP Consulting | Consulenza strategica\",\"isPartOf\":{\"@id\":\"https:\\\/\\\/wipconsulting.it\\\/en\\\/#website\"},\"primaryImageOfPage\":{\"@id\":\"https:\\\/\\\/wipconsulting.it\\\/en\\\/il-racconto-del-lavoro-che-cambia\\\/#primaryimage\"},\"image\":{\"@id\":\"https:\\\/\\\/wipconsulting.it\\\/en\\\/il-racconto-del-lavoro-che-cambia\\\/#primaryimage\"},\"thumbnailUrl\":\"https:\\\/\\\/wipconsulting.it\\\/wp-content\\\/uploads\\\/2021\\\/08\\\/lavoro_del_futuro.jpg\",\"datePublished\":\"2018-10-07T00:00:00+00:00\",\"dateModified\":\"2024-05-24T17:28:24+00:00\",\"breadcrumb\":{\"@id\":\"https:\\\/\\\/wipconsulting.it\\\/en\\\/il-racconto-del-lavoro-che-cambia\\\/#breadcrumb\"},\"inLanguage\":\"en-US\",\"potentialAction\":[{\"@type\":\"ReadAction\",\"target\":[\"https:\\\/\\\/wipconsulting.it\\\/en\\\/il-racconto-del-lavoro-che-cambia\\\/\"]}]},{\"@type\":\"ImageObject\",\"inLanguage\":\"en-US\",\"@id\":\"https:\\\/\\\/wipconsulting.it\\\/en\\\/il-racconto-del-lavoro-che-cambia\\\/#primaryimage\",\"url\":\"https:\\\/\\\/wipconsulting.it\\\/wp-content\\\/uploads\\\/2021\\\/08\\\/lavoro_del_futuro.jpg\",\"contentUrl\":\"https:\\\/\\\/wipconsulting.it\\\/wp-content\\\/uploads\\\/2021\\\/08\\\/lavoro_del_futuro.jpg\",\"width\":700,\"height\":420},{\"@type\":\"BreadcrumbList\",\"@id\":\"https:\\\/\\\/wipconsulting.it\\\/en\\\/il-racconto-del-lavoro-che-cambia\\\/#breadcrumb\",\"itemListElement\":[{\"@type\":\"ListItem\",\"position\":1,\"name\":\"Home\",\"item\":\"https:\\\/\\\/wipconsulting.it\\\/en\\\/home\\\/\"},{\"@type\":\"ListItem\",\"position\":2,\"name\":\"Il racconto del lavoro che cambia\"}]},{\"@type\":\"WebSite\",\"@id\":\"https:\\\/\\\/wipconsulting.it\\\/en\\\/#website\",\"url\":\"https:\\\/\\\/wipconsulting.it\\\/en\\\/\",\"name\":\"wipconsulting.it\",\"description\":\"Formazione alle imprese\",\"publisher\":{\"@id\":\"https:\\\/\\\/wipconsulting.it\\\/en\\\/#organization\"},\"potentialAction\":[{\"@type\":\"SearchAction\",\"target\":{\"@type\":\"EntryPoint\",\"urlTemplate\":\"https:\\\/\\\/wipconsulting.it\\\/en\\\/?s={search_term_string}\"},\"query-input\":{\"@type\":\"PropertyValueSpecification\",\"valueRequired\":true,\"valueName\":\"search_term_string\"}}],\"inLanguage\":\"en-US\"},{\"@type\":\"Organization\",\"@id\":\"https:\\\/\\\/wipconsulting.it\\\/en\\\/#organization\",\"name\":\"WIP Consulting\",\"url\":\"https:\\\/\\\/wipconsulting.it\\\/en\\\/\",\"logo\":{\"@type\":\"ImageObject\",\"inLanguage\":\"en-US\",\"@id\":\"https:\\\/\\\/wipconsulting.it\\\/en\\\/#\\\/schema\\\/logo\\\/image\\\/\",\"url\":\"https:\\\/\\\/wipconsulting.it\\\/wp-content\\\/uploads\\\/2023\\\/12\\\/logo_wip_consulting_2colori_Registered_v02.svg\",\"contentUrl\":\"https:\\\/\\\/wipconsulting.it\\\/wp-content\\\/uploads\\\/2023\\\/12\\\/logo_wip_consulting_2colori_Registered_v02.svg\",\"caption\":\"WIP Consulting\"},\"image\":{\"@id\":\"https:\\\/\\\/wipconsulting.it\\\/en\\\/#\\\/schema\\\/logo\\\/image\\\/\"}},{\"@type\":\"Person\",\"@id\":\"https:\\\/\\\/wipconsulting.it\\\/en\\\/#\\\/schema\\\/person\\\/318ff9a7b71624aa81b8b0df2c70d8bd\",\"name\":\"admin\",\"image\":{\"@type\":\"ImageObject\",\"inLanguage\":\"en-US\",\"@id\":\"https:\\\/\\\/secure.gravatar.com\\\/avatar\\\/2abbf81cef02f96903b67cd91eed09563af3527b400364162912f7584e891ae3?s=96&d=mm&r=g\",\"url\":\"https:\\\/\\\/secure.gravatar.com\\\/avatar\\\/2abbf81cef02f96903b67cd91eed09563af3527b400364162912f7584e891ae3?s=96&d=mm&r=g\",\"contentUrl\":\"https:\\\/\\\/secure.gravatar.com\\\/avatar\\\/2abbf81cef02f96903b67cd91eed09563af3527b400364162912f7584e891ae3?s=96&d=mm&r=g\",\"caption\":\"admin\"},\"sameAs\":[\"https:\\\/\\\/wipconsulting.it\"],\"url\":\"https:\\\/\\\/wipconsulting.it\\\/en\\\/author\\\/admin\\\/\"}]}<\/script>\n<!-- \/ Yoast SEO plugin. -->","yoast_head_json":{"title":"Il racconto del lavoro che cambia - WIP Consulting | Consulenza strategica","robots":{"index":"index","follow":"follow","max-snippet":"max-snippet:-1","max-image-preview":"max-image-preview:large","max-video-preview":"max-video-preview:-1"},"canonical":"https:\/\/wipconsulting.it\/en\/il-racconto-del-lavoro-che-cambia\/","og_locale":"en_US","og_type":"article","og_title":"Il racconto del lavoro che cambia - WIP Consulting | Consulenza strategica","og_description":"Rita Palumbo questa settimana, nella sua rubrica #MercatoLavoro pubblicata nel portale www.ferpi.it, ospita una riflessione di Luca Bizzarri, Direttore ufficio politiche giovanili della Provincia autonoma di Bolzano. Bizzarri ha partecipato \u00a0al gruppo di lavoro Ferpi &#8220;Comunicare le professioni intellettuali&#8221; al recente Festival delle Professioni di Trento. E da quel palcoscenico ha lanciato una sfida: le [&hellip;]","og_url":"https:\/\/wipconsulting.it\/en\/il-racconto-del-lavoro-che-cambia\/","og_site_name":"WIP Consulting | Consulenza strategica","article_published_time":"2018-10-07T00:00:00+00:00","article_modified_time":"2024-05-24T17:28:24+00:00","og_image":[{"width":700,"height":420,"url":"https:\/\/wipconsulting.it\/wp-content\/uploads\/2021\/08\/lavoro_del_futuro.jpg","type":"image\/jpeg"}],"author":"admin","twitter_card":"summary_large_image","twitter_misc":{"Written by":"admin","Est. reading time":"6 minutes"},"schema":{"@context":"https:\/\/schema.org","@graph":[{"@type":"Article","@id":"https:\/\/wipconsulting.it\/en\/il-racconto-del-lavoro-che-cambia\/#article","isPartOf":{"@id":"https:\/\/wipconsulting.it\/en\/il-racconto-del-lavoro-che-cambia\/"},"author":{"name":"admin","@id":"https:\/\/wipconsulting.it\/en\/#\/schema\/person\/318ff9a7b71624aa81b8b0df2c70d8bd"},"headline":"Il racconto del lavoro che cambia","datePublished":"2018-10-07T00:00:00+00:00","dateModified":"2024-05-24T17:28:24+00:00","mainEntityOfPage":{"@id":"https:\/\/wipconsulting.it\/en\/il-racconto-del-lavoro-che-cambia\/"},"wordCount":1166,"publisher":{"@id":"https:\/\/wipconsulting.it\/en\/#organization"},"image":{"@id":"https:\/\/wipconsulting.it\/en\/il-racconto-del-lavoro-che-cambia\/#primaryimage"},"thumbnailUrl":"https:\/\/wipconsulting.it\/wp-content\/uploads\/2021\/08\/lavoro_del_futuro.jpg","articleSection":["Comunicazione","Mercato del Lavoro","trend"],"inLanguage":"en-US"},{"@type":"WebPage","@id":"https:\/\/wipconsulting.it\/en\/il-racconto-del-lavoro-che-cambia\/","url":"https:\/\/wipconsulting.it\/en\/il-racconto-del-lavoro-che-cambia\/","name":"Il racconto del lavoro che cambia - WIP Consulting | Consulenza strategica","isPartOf":{"@id":"https:\/\/wipconsulting.it\/en\/#website"},"primaryImageOfPage":{"@id":"https:\/\/wipconsulting.it\/en\/il-racconto-del-lavoro-che-cambia\/#primaryimage"},"image":{"@id":"https:\/\/wipconsulting.it\/en\/il-racconto-del-lavoro-che-cambia\/#primaryimage"},"thumbnailUrl":"https:\/\/wipconsulting.it\/wp-content\/uploads\/2021\/08\/lavoro_del_futuro.jpg","datePublished":"2018-10-07T00:00:00+00:00","dateModified":"2024-05-24T17:28:24+00:00","breadcrumb":{"@id":"https:\/\/wipconsulting.it\/en\/il-racconto-del-lavoro-che-cambia\/#breadcrumb"},"inLanguage":"en-US","potentialAction":[{"@type":"ReadAction","target":["https:\/\/wipconsulting.it\/en\/il-racconto-del-lavoro-che-cambia\/"]}]},{"@type":"ImageObject","inLanguage":"en-US","@id":"https:\/\/wipconsulting.it\/en\/il-racconto-del-lavoro-che-cambia\/#primaryimage","url":"https:\/\/wipconsulting.it\/wp-content\/uploads\/2021\/08\/lavoro_del_futuro.jpg","contentUrl":"https:\/\/wipconsulting.it\/wp-content\/uploads\/2021\/08\/lavoro_del_futuro.jpg","width":700,"height":420},{"@type":"BreadcrumbList","@id":"https:\/\/wipconsulting.it\/en\/il-racconto-del-lavoro-che-cambia\/#breadcrumb","itemListElement":[{"@type":"ListItem","position":1,"name":"Home","item":"https:\/\/wipconsulting.it\/en\/home\/"},{"@type":"ListItem","position":2,"name":"Il racconto del lavoro che cambia"}]},{"@type":"WebSite","@id":"https:\/\/wipconsulting.it\/en\/#website","url":"https:\/\/wipconsulting.it\/en\/","name":"wipconsulting.it","description":"Formazione alle imprese","publisher":{"@id":"https:\/\/wipconsulting.it\/en\/#organization"},"potentialAction":[{"@type":"SearchAction","target":{"@type":"EntryPoint","urlTemplate":"https:\/\/wipconsulting.it\/en\/?s={search_term_string}"},"query-input":{"@type":"PropertyValueSpecification","valueRequired":true,"valueName":"search_term_string"}}],"inLanguage":"en-US"},{"@type":"Organization","@id":"https:\/\/wipconsulting.it\/en\/#organization","name":"WIP Consulting","url":"https:\/\/wipconsulting.it\/en\/","logo":{"@type":"ImageObject","inLanguage":"en-US","@id":"https:\/\/wipconsulting.it\/en\/#\/schema\/logo\/image\/","url":"https:\/\/wipconsulting.it\/wp-content\/uploads\/2023\/12\/logo_wip_consulting_2colori_Registered_v02.svg","contentUrl":"https:\/\/wipconsulting.it\/wp-content\/uploads\/2023\/12\/logo_wip_consulting_2colori_Registered_v02.svg","caption":"WIP Consulting"},"image":{"@id":"https:\/\/wipconsulting.it\/en\/#\/schema\/logo\/image\/"}},{"@type":"Person","@id":"https:\/\/wipconsulting.it\/en\/#\/schema\/person\/318ff9a7b71624aa81b8b0df2c70d8bd","name":"admin","image":{"@type":"ImageObject","inLanguage":"en-US","@id":"https:\/\/secure.gravatar.com\/avatar\/2abbf81cef02f96903b67cd91eed09563af3527b400364162912f7584e891ae3?s=96&d=mm&r=g","url":"https:\/\/secure.gravatar.com\/avatar\/2abbf81cef02f96903b67cd91eed09563af3527b400364162912f7584e891ae3?s=96&d=mm&r=g","contentUrl":"https:\/\/secure.gravatar.com\/avatar\/2abbf81cef02f96903b67cd91eed09563af3527b400364162912f7584e891ae3?s=96&d=mm&r=g","caption":"admin"},"sameAs":["https:\/\/wipconsulting.it"],"url":"https:\/\/wipconsulting.it\/en\/author\/admin\/"}]}},"_links":{"self":[{"href":"https:\/\/wipconsulting.it\/en\/wp-json\/wp\/v2\/posts\/3775","targetHints":{"allow":["GET"]}}],"collection":[{"href":"https:\/\/wipconsulting.it\/en\/wp-json\/wp\/v2\/posts"}],"about":[{"href":"https:\/\/wipconsulting.it\/en\/wp-json\/wp\/v2\/types\/post"}],"author":[{"embeddable":true,"href":"https:\/\/wipconsulting.it\/en\/wp-json\/wp\/v2\/users\/1"}],"replies":[{"embeddable":true,"href":"https:\/\/wipconsulting.it\/en\/wp-json\/wp\/v2\/comments?post=3775"}],"version-history":[{"count":1,"href":"https:\/\/wipconsulting.it\/en\/wp-json\/wp\/v2\/posts\/3775\/revisions"}],"predecessor-version":[{"id":10534,"href":"https:\/\/wipconsulting.it\/en\/wp-json\/wp\/v2\/posts\/3775\/revisions\/10534"}],"wp:featuredmedia":[{"embeddable":true,"href":"https:\/\/wipconsulting.it\/en\/wp-json\/wp\/v2\/media\/1932"}],"wp:attachment":[{"href":"https:\/\/wipconsulting.it\/en\/wp-json\/wp\/v2\/media?parent=3775"}],"wp:term":[{"taxonomy":"category","embeddable":true,"href":"https:\/\/wipconsulting.it\/en\/wp-json\/wp\/v2\/categories?post=3775"},{"taxonomy":"post_tag","embeddable":true,"href":"https:\/\/wipconsulting.it\/en\/wp-json\/wp\/v2\/tags?post=3775"}],"curies":[{"name":"wp","href":"https:\/\/api.w.org\/{rel}","templated":true}]}}