{"id":3784,"date":"2018-11-03T00:00:00","date_gmt":"2018-11-03T00:00:00","guid":{"rendered":"https:\/\/wip.stefanobonetti.it\/2018\/11\/03\/facility-manager-day-2018\/"},"modified":"2024-05-24T19:27:39","modified_gmt":"2024-05-24T17:27:39","slug":"facility-manager-day-2018","status":"publish","type":"post","link":"https:\/\/wipconsulting.it\/en\/facility-manager-day-2018\/","title":{"rendered":"Facility Manager Day 2018"},"content":{"rendered":"<p class=\"MsoNormal\" style=\"margin: 0cm 0cm 0.0001pt; font-size: medium; font-family: 'Cambria Math', serif; color: #404040; text-align: justify;\"><strong><span style=\"font-family: Calibri, sans-serif; color: #0d2c3e;\">Un passo oltre il futuro <\/span><\/strong><span style=\"font-family: Calibri, sans-serif; color: #0d2c3e;\">\u00e8 il tema dell\u2019edizione 2018 del\u00a0<a style=\"color: #954f72;\" href=\"http:\/\/www.ifma.it\/index.php?pagina=articolo.php&amp;id_articolo=974&amp;var_id_menu=170&amp;nodata\">Facility Management Day<\/a>, che si svolger\u00e0 a Milano l\u20198 novembre al Palazzo delle Stelline di Corso Magenta.\u00a0<\/span><\/p>\n<p class=\"MsoNormal\" style=\"margin: 0cm 0cm 0.0001pt; font-size: medium; font-family: 'Cambria Math', serif; color: #404040; text-align: justify;\"><span style=\"font-family: Calibri, sans-serif; color: #0d2c3e;\">FM Day \u00e8 manifestazione unica in Italia. Cuore dell\u2019evento \u00e8 un\u2019agenda di conferenze e tavole rotonde studiate per approfondire i temi di maggior interesse nel campo della gestione dei servizi.<\/span><\/p>\n<p class=\"MsoNormal\" style=\"margin: 0cm 0cm 0.0001pt; font-size: medium; font-family: 'Cambria Math', serif; color: #404040; text-align: justify;\"><span style=\"font-family: Calibri, sans-serif; color: #0d2c3e;\">Il FM Day quest&#8217;anno approfondir\u00e0 argomenti di grande attualit\u00e0 come la possibilit\u00e0 di creare innovazione in azienda, le nuove frontiere tecnologiche della blockchain e dell&#8217;IoT, l&#8217;intelligenza emotiva come strumento per creare l&#8217;ufficio ideale, opportunit\u00e0 e rischi del coworking, la necessit\u00e0 di comunicare il valore del ruolo del Facility Manager alla C-suite e il ruolo del FM nella gestione di una smart city.<\/span><\/p>\n<p class=\"MsoNormal\" style=\"margin: 0cm 0cm 0.0001pt; font-size: medium; font-family: 'Cambria Math', serif; color: #404040; text-align: justify;\"><span style=\"font-family: Calibri, sans-serif; color: #0d2c3e;\">Sette le tavole rotonde:<\/span><\/p>\n<p class=\"MsoNormal\" style=\"margin: 0cm 0cm 0.0001pt; font-size: medium; font-family: 'Cambria Math', serif; color: #404040;\"><strong><span style=\"font-family: Calibri, sans-serif; color: #0d2c3e;\">INSEGNARE A VOLARE: Metodi e parole per trasmettere la capacit\u00e0 di innovare alla propria azienda<\/span><\/strong><\/p>\n<p class=\"MsoNormal\" style=\"margin: 0cm 0cm 0.0001pt; font-size: medium; font-family: 'Cambria Math', serif; color: #404040;\"><strong><span style=\"font-family: Calibri, sans-serif; color: #0d2c3e;\">FACCIAMOCI SENTIRE: Come il Facility Manager pu\u00f2 comunicare il proprio valore al Top Management,\u00a0<\/span><\/strong><span style=\"font-family: Calibri, sans-serif; color: #0d2c3e;\">tavola rotonda moderata da Rita Palumbo, in qualit\u00e0 di Segretario Generale di FERPI,<\/span><\/p>\n<p class=\"MsoNormal\" style=\"margin: 0cm 0cm 0.0001pt; font-size: medium; font-family: 'Cambria Math', serif; color: #404040;\"><strong><span style=\"font-family: Calibri, sans-serif; color: #0d2c3e;\">LA BUONA CONTAMINAZIONE: Condividere lo spazio di lavoro porta valore?<\/span><\/strong><\/p>\n<p class=\"MsoNormal\" style=\"margin: 0cm 0cm 0.0001pt; font-size: medium; font-family: 'Cambria Math', serif; color: #404040;\"><strong><span style=\"font-family: Calibri, sans-serif; color: #0d2c3e;\">REAZIONE A CATENA: Come la blockchain cambier\u00e0 il mondo dei servizi<\/span><\/strong><\/p>\n<p class=\"MsoNormal\" style=\"margin: 0cm 0cm 0.0001pt; font-size: medium; font-family: 'Cambria Math', serif; color: #404040;\"><strong><span style=\"font-family: Calibri, sans-serif; color: #0d2c3e;\">LA CITTA\u2019 PENSANTE: Il ruolo del FM nell\u2019evoluzione dalla smart city alla sensing city e oltre<\/span><\/strong><\/p>\n<p class=\"MsoNormal\" style=\"margin: 0cm 0cm 0.0001pt; font-size: medium; font-family: 'Cambria Math', serif; color: #404040;\"><strong><span style=\"font-family: Calibri, sans-serif; color: #0d2c3e;\">FACILITY OF THINGS: Come IoT e nuove tecnologie cambieranno la professione del Facility Manager<\/span><\/strong><\/p>\n<p class=\"MsoNormal\" style=\"margin: 0cm 0cm 0.0001pt; font-size: medium; font-family: 'Cambria Math', serif; color: #404040;\"><strong><span style=\"font-family: Calibri, sans-serif; color: #0d2c3e;\">PER ANDARE DOVE DOBBIAMO ANDARE, PER DOVE DOBBIAMO ANDARE? Facility Manager a confronto<\/span><\/strong><\/p>\n<p class=\"MsoNormal\" style=\"margin: 0cm 0cm 0.0001pt; font-size: medium; font-family: 'Cambria Math', serif; color: #404040;\"><a href=\"http:\/\/www.ifma.it\"><u><span style=\"font-family: Calibri, sans-serif; color: blue;\">www.ifma.it<\/span><\/u><\/a><\/p>\n","protected":false},"excerpt":{"rendered":"<p>Un passo oltre il futuro \u00e8 il tema dell\u2019edizione 2018 del\u00a0Facility Management Day, che si svolger\u00e0 a Milano l\u20198 novembre al Palazzo delle Stelline di Corso Magenta.\u00a0 FM Day \u00e8 manifestazione unica in Italia. Cuore dell\u2019evento \u00e8 un\u2019agenda di conferenze e tavole rotonde studiate per approfondire i temi di maggior interesse nel campo della gestione [&hellip;]<\/p>\n","protected":false},"author":1,"featured_media":1891,"comment_status":"closed","ping_status":"closed","sticky":false,"template":"","format":"standard","meta":{"footnotes":""},"categories":[22],"tags":[],"class_list":["post-3784","post","type-post","status-publish","format-standard","has-post-thumbnail","hentry","category-eventi"],"yoast_head":"<!-- This site is optimized with the Yoast SEO plugin v27.5 - https:\/\/yoast.com\/product\/yoast-seo-wordpress\/ -->\n<title>Facility Manager Day 2018 - WIP Consulting | Consulenza strategica<\/title>\n<meta name=\"robots\" content=\"index, follow, max-snippet:-1, max-image-preview:large, max-video-preview:-1\" \/>\n<link rel=\"canonical\" href=\"https:\/\/wipconsulting.it\/en\/facility-manager-day-2018\/\" \/>\n<meta property=\"og:locale\" content=\"en_US\" \/>\n<meta property=\"og:type\" content=\"article\" \/>\n<meta property=\"og:title\" content=\"Facility Manager Day 2018 - WIP Consulting | Consulenza strategica\" \/>\n<meta property=\"og:description\" content=\"Un passo oltre il futuro \u00e8 il tema dell\u2019edizione 2018 del\u00a0Facility Management Day, che si svolger\u00e0 a Milano l\u20198 novembre al Palazzo delle Stelline di Corso Magenta.\u00a0 FM Day \u00e8 manifestazione unica in Italia. Cuore dell\u2019evento \u00e8 un\u2019agenda di conferenze e tavole rotonde studiate per approfondire i temi di maggior interesse nel campo della gestione [&hellip;]\" \/>\n<meta property=\"og:url\" content=\"https:\/\/wipconsulting.it\/en\/facility-manager-day-2018\/\" \/>\n<meta property=\"og:site_name\" content=\"WIP Consulting | Consulenza strategica\" \/>\n<meta property=\"article:published_time\" content=\"2018-11-03T00:00:00+00:00\" \/>\n<meta property=\"article:modified_time\" content=\"2024-05-24T17:27:39+00:00\" \/>\n<meta property=\"og:image\" content=\"https:\/\/wipconsulting.it\/wp-content\/uploads\/2021\/08\/schermata_2018-11-06_alle_10.45.05.png\" \/>\n\t<meta property=\"og:image:width\" content=\"929\" \/>\n\t<meta property=\"og:image:height\" content=\"489\" \/>\n\t<meta property=\"og:image:type\" content=\"image\/png\" \/>\n<meta name=\"author\" content=\"admin\" \/>\n<meta name=\"twitter:card\" content=\"summary_large_image\" \/>\n<meta name=\"twitter:label1\" content=\"Written by\" \/>\n\t<meta name=\"twitter:data1\" content=\"admin\" \/>\n\t<meta name=\"twitter:label2\" content=\"Est. reading time\" \/>\n\t<meta name=\"twitter:data2\" content=\"1 minute\" \/>\n<script type=\"application\/ld+json\" class=\"yoast-schema-graph\">{\"@context\":\"https:\\\/\\\/schema.org\",\"@graph\":[{\"@type\":\"Article\",\"@id\":\"https:\\\/\\\/wipconsulting.it\\\/en\\\/facility-manager-day-2018\\\/#article\",\"isPartOf\":{\"@id\":\"https:\\\/\\\/wipconsulting.it\\\/en\\\/facility-manager-day-2018\\\/\"},\"author\":{\"name\":\"admin\",\"@id\":\"https:\\\/\\\/wipconsulting.it\\\/en\\\/#\\\/schema\\\/person\\\/318ff9a7b71624aa81b8b0df2c70d8bd\"},\"headline\":\"Facility Manager Day 2018\",\"datePublished\":\"2018-11-03T00:00:00+00:00\",\"dateModified\":\"2024-05-24T17:27:39+00:00\",\"mainEntityOfPage\":{\"@id\":\"https:\\\/\\\/wipconsulting.it\\\/en\\\/facility-manager-day-2018\\\/\"},\"wordCount\":236,\"publisher\":{\"@id\":\"https:\\\/\\\/wipconsulting.it\\\/en\\\/#organization\"},\"image\":{\"@id\":\"https:\\\/\\\/wipconsulting.it\\\/en\\\/facility-manager-day-2018\\\/#primaryimage\"},\"thumbnailUrl\":\"https:\\\/\\\/wipconsulting.it\\\/wp-content\\\/uploads\\\/2021\\\/08\\\/schermata_2018-11-06_alle_10.45.05.png\",\"articleSection\":[\"eventi\"],\"inLanguage\":\"en-US\"},{\"@type\":\"WebPage\",\"@id\":\"https:\\\/\\\/wipconsulting.it\\\/en\\\/facility-manager-day-2018\\\/\",\"url\":\"https:\\\/\\\/wipconsulting.it\\\/en\\\/facility-manager-day-2018\\\/\",\"name\":\"Facility Manager Day 2018 - WIP Consulting | Consulenza strategica\",\"isPartOf\":{\"@id\":\"https:\\\/\\\/wipconsulting.it\\\/en\\\/#website\"},\"primaryImageOfPage\":{\"@id\":\"https:\\\/\\\/wipconsulting.it\\\/en\\\/facility-manager-day-2018\\\/#primaryimage\"},\"image\":{\"@id\":\"https:\\\/\\\/wipconsulting.it\\\/en\\\/facility-manager-day-2018\\\/#primaryimage\"},\"thumbnailUrl\":\"https:\\\/\\\/wipconsulting.it\\\/wp-content\\\/uploads\\\/2021\\\/08\\\/schermata_2018-11-06_alle_10.45.05.png\",\"datePublished\":\"2018-11-03T00:00:00+00:00\",\"dateModified\":\"2024-05-24T17:27:39+00:00\",\"breadcrumb\":{\"@id\":\"https:\\\/\\\/wipconsulting.it\\\/en\\\/facility-manager-day-2018\\\/#breadcrumb\"},\"inLanguage\":\"en-US\",\"potentialAction\":[{\"@type\":\"ReadAction\",\"target\":[\"https:\\\/\\\/wipconsulting.it\\\/en\\\/facility-manager-day-2018\\\/\"]}]},{\"@type\":\"ImageObject\",\"inLanguage\":\"en-US\",\"@id\":\"https:\\\/\\\/wipconsulting.it\\\/en\\\/facility-manager-day-2018\\\/#primaryimage\",\"url\":\"https:\\\/\\\/wipconsulting.it\\\/wp-content\\\/uploads\\\/2021\\\/08\\\/schermata_2018-11-06_alle_10.45.05.png\",\"contentUrl\":\"https:\\\/\\\/wipconsulting.it\\\/wp-content\\\/uploads\\\/2021\\\/08\\\/schermata_2018-11-06_alle_10.45.05.png\",\"width\":929,\"height\":489},{\"@type\":\"BreadcrumbList\",\"@id\":\"https:\\\/\\\/wipconsulting.it\\\/en\\\/facility-manager-day-2018\\\/#breadcrumb\",\"itemListElement\":[{\"@type\":\"ListItem\",\"position\":1,\"name\":\"Home\",\"item\":\"https:\\\/\\\/wipconsulting.it\\\/en\\\/home\\\/\"},{\"@type\":\"ListItem\",\"position\":2,\"name\":\"Facility Manager Day 2018\"}]},{\"@type\":\"WebSite\",\"@id\":\"https:\\\/\\\/wipconsulting.it\\\/en\\\/#website\",\"url\":\"https:\\\/\\\/wipconsulting.it\\\/en\\\/\",\"name\":\"wipconsulting.it\",\"description\":\"Formazione alle imprese\",\"publisher\":{\"@id\":\"https:\\\/\\\/wipconsulting.it\\\/en\\\/#organization\"},\"potentialAction\":[{\"@type\":\"SearchAction\",\"target\":{\"@type\":\"EntryPoint\",\"urlTemplate\":\"https:\\\/\\\/wipconsulting.it\\\/en\\\/?s={search_term_string}\"},\"query-input\":{\"@type\":\"PropertyValueSpecification\",\"valueRequired\":true,\"valueName\":\"search_term_string\"}}],\"inLanguage\":\"en-US\"},{\"@type\":\"Organization\",\"@id\":\"https:\\\/\\\/wipconsulting.it\\\/en\\\/#organization\",\"name\":\"WIP Consulting\",\"url\":\"https:\\\/\\\/wipconsulting.it\\\/en\\\/\",\"logo\":{\"@type\":\"ImageObject\",\"inLanguage\":\"en-US\",\"@id\":\"https:\\\/\\\/wipconsulting.it\\\/en\\\/#\\\/schema\\\/logo\\\/image\\\/\",\"url\":\"https:\\\/\\\/wipconsulting.it\\\/wp-content\\\/uploads\\\/2023\\\/12\\\/logo_wip_consulting_2colori_Registered_v02.svg\",\"contentUrl\":\"https:\\\/\\\/wipconsulting.it\\\/wp-content\\\/uploads\\\/2023\\\/12\\\/logo_wip_consulting_2colori_Registered_v02.svg\",\"caption\":\"WIP Consulting\"},\"image\":{\"@id\":\"https:\\\/\\\/wipconsulting.it\\\/en\\\/#\\\/schema\\\/logo\\\/image\\\/\"}},{\"@type\":\"Person\",\"@id\":\"https:\\\/\\\/wipconsulting.it\\\/en\\\/#\\\/schema\\\/person\\\/318ff9a7b71624aa81b8b0df2c70d8bd\",\"name\":\"admin\",\"image\":{\"@type\":\"ImageObject\",\"inLanguage\":\"en-US\",\"@id\":\"https:\\\/\\\/secure.gravatar.com\\\/avatar\\\/2abbf81cef02f96903b67cd91eed09563af3527b400364162912f7584e891ae3?s=96&d=mm&r=g\",\"url\":\"https:\\\/\\\/secure.gravatar.com\\\/avatar\\\/2abbf81cef02f96903b67cd91eed09563af3527b400364162912f7584e891ae3?s=96&d=mm&r=g\",\"contentUrl\":\"https:\\\/\\\/secure.gravatar.com\\\/avatar\\\/2abbf81cef02f96903b67cd91eed09563af3527b400364162912f7584e891ae3?s=96&d=mm&r=g\",\"caption\":\"admin\"},\"sameAs\":[\"https:\\\/\\\/wipconsulting.it\"],\"url\":\"https:\\\/\\\/wipconsulting.it\\\/en\\\/author\\\/admin\\\/\"}]}<\/script>\n<!-- \/ Yoast SEO plugin. -->","yoast_head_json":{"title":"Facility Manager Day 2018 - WIP Consulting | Consulenza strategica","robots":{"index":"index","follow":"follow","max-snippet":"max-snippet:-1","max-image-preview":"max-image-preview:large","max-video-preview":"max-video-preview:-1"},"canonical":"https:\/\/wipconsulting.it\/en\/facility-manager-day-2018\/","og_locale":"en_US","og_type":"article","og_title":"Facility Manager Day 2018 - WIP Consulting | Consulenza strategica","og_description":"Un passo oltre il futuro \u00e8 il tema dell\u2019edizione 2018 del\u00a0Facility Management Day, che si svolger\u00e0 a Milano l\u20198 novembre al Palazzo delle Stelline di Corso Magenta.\u00a0 FM Day \u00e8 manifestazione unica in Italia. Cuore dell\u2019evento \u00e8 un\u2019agenda di conferenze e tavole rotonde studiate per approfondire i temi di maggior interesse nel campo della gestione [&hellip;]","og_url":"https:\/\/wipconsulting.it\/en\/facility-manager-day-2018\/","og_site_name":"WIP Consulting | Consulenza strategica","article_published_time":"2018-11-03T00:00:00+00:00","article_modified_time":"2024-05-24T17:27:39+00:00","og_image":[{"width":929,"height":489,"url":"https:\/\/wipconsulting.it\/wp-content\/uploads\/2021\/08\/schermata_2018-11-06_alle_10.45.05.png","type":"image\/png"}],"author":"admin","twitter_card":"summary_large_image","twitter_misc":{"Written by":"admin","Est. reading time":"1 minute"},"schema":{"@context":"https:\/\/schema.org","@graph":[{"@type":"Article","@id":"https:\/\/wipconsulting.it\/en\/facility-manager-day-2018\/#article","isPartOf":{"@id":"https:\/\/wipconsulting.it\/en\/facility-manager-day-2018\/"},"author":{"name":"admin","@id":"https:\/\/wipconsulting.it\/en\/#\/schema\/person\/318ff9a7b71624aa81b8b0df2c70d8bd"},"headline":"Facility Manager Day 2018","datePublished":"2018-11-03T00:00:00+00:00","dateModified":"2024-05-24T17:27:39+00:00","mainEntityOfPage":{"@id":"https:\/\/wipconsulting.it\/en\/facility-manager-day-2018\/"},"wordCount":236,"publisher":{"@id":"https:\/\/wipconsulting.it\/en\/#organization"},"image":{"@id":"https:\/\/wipconsulting.it\/en\/facility-manager-day-2018\/#primaryimage"},"thumbnailUrl":"https:\/\/wipconsulting.it\/wp-content\/uploads\/2021\/08\/schermata_2018-11-06_alle_10.45.05.png","articleSection":["eventi"],"inLanguage":"en-US"},{"@type":"WebPage","@id":"https:\/\/wipconsulting.it\/en\/facility-manager-day-2018\/","url":"https:\/\/wipconsulting.it\/en\/facility-manager-day-2018\/","name":"Facility Manager Day 2018 - WIP Consulting | Consulenza strategica","isPartOf":{"@id":"https:\/\/wipconsulting.it\/en\/#website"},"primaryImageOfPage":{"@id":"https:\/\/wipconsulting.it\/en\/facility-manager-day-2018\/#primaryimage"},"image":{"@id":"https:\/\/wipconsulting.it\/en\/facility-manager-day-2018\/#primaryimage"},"thumbnailUrl":"https:\/\/wipconsulting.it\/wp-content\/uploads\/2021\/08\/schermata_2018-11-06_alle_10.45.05.png","datePublished":"2018-11-03T00:00:00+00:00","dateModified":"2024-05-24T17:27:39+00:00","breadcrumb":{"@id":"https:\/\/wipconsulting.it\/en\/facility-manager-day-2018\/#breadcrumb"},"inLanguage":"en-US","potentialAction":[{"@type":"ReadAction","target":["https:\/\/wipconsulting.it\/en\/facility-manager-day-2018\/"]}]},{"@type":"ImageObject","inLanguage":"en-US","@id":"https:\/\/wipconsulting.it\/en\/facility-manager-day-2018\/#primaryimage","url":"https:\/\/wipconsulting.it\/wp-content\/uploads\/2021\/08\/schermata_2018-11-06_alle_10.45.05.png","contentUrl":"https:\/\/wipconsulting.it\/wp-content\/uploads\/2021\/08\/schermata_2018-11-06_alle_10.45.05.png","width":929,"height":489},{"@type":"BreadcrumbList","@id":"https:\/\/wipconsulting.it\/en\/facility-manager-day-2018\/#breadcrumb","itemListElement":[{"@type":"ListItem","position":1,"name":"Home","item":"https:\/\/wipconsulting.it\/en\/home\/"},{"@type":"ListItem","position":2,"name":"Facility Manager Day 2018"}]},{"@type":"WebSite","@id":"https:\/\/wipconsulting.it\/en\/#website","url":"https:\/\/wipconsulting.it\/en\/","name":"wipconsulting.it","description":"Formazione alle imprese","publisher":{"@id":"https:\/\/wipconsulting.it\/en\/#organization"},"potentialAction":[{"@type":"SearchAction","target":{"@type":"EntryPoint","urlTemplate":"https:\/\/wipconsulting.it\/en\/?s={search_term_string}"},"query-input":{"@type":"PropertyValueSpecification","valueRequired":true,"valueName":"search_term_string"}}],"inLanguage":"en-US"},{"@type":"Organization","@id":"https:\/\/wipconsulting.it\/en\/#organization","name":"WIP Consulting","url":"https:\/\/wipconsulting.it\/en\/","logo":{"@type":"ImageObject","inLanguage":"en-US","@id":"https:\/\/wipconsulting.it\/en\/#\/schema\/logo\/image\/","url":"https:\/\/wipconsulting.it\/wp-content\/uploads\/2023\/12\/logo_wip_consulting_2colori_Registered_v02.svg","contentUrl":"https:\/\/wipconsulting.it\/wp-content\/uploads\/2023\/12\/logo_wip_consulting_2colori_Registered_v02.svg","caption":"WIP Consulting"},"image":{"@id":"https:\/\/wipconsulting.it\/en\/#\/schema\/logo\/image\/"}},{"@type":"Person","@id":"https:\/\/wipconsulting.it\/en\/#\/schema\/person\/318ff9a7b71624aa81b8b0df2c70d8bd","name":"admin","image":{"@type":"ImageObject","inLanguage":"en-US","@id":"https:\/\/secure.gravatar.com\/avatar\/2abbf81cef02f96903b67cd91eed09563af3527b400364162912f7584e891ae3?s=96&d=mm&r=g","url":"https:\/\/secure.gravatar.com\/avatar\/2abbf81cef02f96903b67cd91eed09563af3527b400364162912f7584e891ae3?s=96&d=mm&r=g","contentUrl":"https:\/\/secure.gravatar.com\/avatar\/2abbf81cef02f96903b67cd91eed09563af3527b400364162912f7584e891ae3?s=96&d=mm&r=g","caption":"admin"},"sameAs":["https:\/\/wipconsulting.it"],"url":"https:\/\/wipconsulting.it\/en\/author\/admin\/"}]}},"_links":{"self":[{"href":"https:\/\/wipconsulting.it\/en\/wp-json\/wp\/v2\/posts\/3784","targetHints":{"allow":["GET"]}}],"collection":[{"href":"https:\/\/wipconsulting.it\/en\/wp-json\/wp\/v2\/posts"}],"about":[{"href":"https:\/\/wipconsulting.it\/en\/wp-json\/wp\/v2\/types\/post"}],"author":[{"embeddable":true,"href":"https:\/\/wipconsulting.it\/en\/wp-json\/wp\/v2\/users\/1"}],"replies":[{"embeddable":true,"href":"https:\/\/wipconsulting.it\/en\/wp-json\/wp\/v2\/comments?post=3784"}],"version-history":[{"count":1,"href":"https:\/\/wipconsulting.it\/en\/wp-json\/wp\/v2\/posts\/3784\/revisions"}],"predecessor-version":[{"id":10531,"href":"https:\/\/wipconsulting.it\/en\/wp-json\/wp\/v2\/posts\/3784\/revisions\/10531"}],"wp:featuredmedia":[{"embeddable":true,"href":"https:\/\/wipconsulting.it\/en\/wp-json\/wp\/v2\/media\/1891"}],"wp:attachment":[{"href":"https:\/\/wipconsulting.it\/en\/wp-json\/wp\/v2\/media?parent=3784"}],"wp:term":[{"taxonomy":"category","embeddable":true,"href":"https:\/\/wipconsulting.it\/en\/wp-json\/wp\/v2\/categories?post=3784"},{"taxonomy":"post_tag","embeddable":true,"href":"https:\/\/wipconsulting.it\/en\/wp-json\/wp\/v2\/tags?post=3784"}],"curies":[{"name":"wp","href":"https:\/\/api.w.org\/{rel}","templated":true}]}}