{"id":3793,"date":"2018-11-30T06:21:06","date_gmt":"2018-11-30T06:21:06","guid":{"rendered":"https:\/\/wip.stefanobonetti.it\/2021\/08\/06\/linpgi-a-caccia-di-comunicatori-le-preoccupazioni-di-ferpi\/"},"modified":"2024-05-24T19:27:19","modified_gmt":"2024-05-24T17:27:19","slug":"linpgi-a-caccia-di-comunicatori-le-preoccupazioni-di-ferpi","status":"publish","type":"post","link":"https:\/\/wipconsulting.it\/en\/linpgi-a-caccia-di-comunicatori-le-preoccupazioni-di-ferpi\/","title":{"rendered":"L&#8217;INPGI a caccia di comunicatori. Le preoccupazioni di FERPI"},"content":{"rendered":"<p class=\"MsoNormal\" style=\"margin: 0cm 0cm 0.0001pt; font-size: medium; font-family: 'Comic Sans MS'; text-align: center;\"><span style=\"font-size: 9pt;\"><span lang=\"EN-US\" style=\"font-family: Arial, sans-serif;\"><img decoding=\"async\" src=\"\/media\/cs_ferpi.png\" \/><\/span><\/span><\/p>\n<p class=\"MsoNormal\" style=\"margin: 0cm 0cm 0.0001pt; font-size: medium; font-family: 'Comic Sans MS'; text-align: center;\"><strong style=\"text-align: center;\"><span style=\"font-family: Calibri, sans-serif;\">FERPI: la proposta INPGI racchiude elementi di attenzione e criticit\u00e0 che devono essere valutati con tavoli di confronto fra tutte le Associazioni che rappresentano i professionisti della comunicazione e delle relazioni pubbliche, pubblici e privati.<\/span><\/strong><\/p>\n<p class=\"MsoNormal\" style=\"margin: 0cm 0cm 0.0001pt; font-size: medium; font-family: 'Comic Sans MS'; text-align: justify;\"><strong><span style=\"font-size: 10pt; font-family: Arial, sans-serif;\">Milano, 30 novembre 2018\u00a0<\/span><\/strong><span style=\"font-size: 10pt; font-family: Arial, sans-serif;\">\u2013\u00a0<\/span><strong><span style=\"font-size: 11pt; font-family: Calibri, sans-serif;\">FERPI<\/span><\/strong><span style=\"font-size: 11pt; font-family: Calibri, sans-serif;\">, la\u00a0<strong>Federazione Relazioni Pubbliche Italiana<\/strong>, rispetto all\u2019ipotesi di far confluire in\u00a0<strong>INPGI\u00a0<\/strong>tutti gli operatori della comunicazione, impegnati nel pubblico e nel privato (oggi iscritti INPS),\u00a0<strong>manifesta tutta la propria perplessit\u00e0<\/strong>, invitando alla mobilitazione e al dibattito anche le altre sigle e Associazioni che in Italia rappresentano la comunit\u00e0 professionale dei comunicatori: un ambito valoriale per il Paese, dal punto di vista economico, ma soprattutto poich\u00e9 racchiude la capacit\u00e0 di narrazione e diffusione di percezione e reputazione positiva.<\/span><\/p>\n<p class=\"MsoNormal\" style=\"margin: 0cm 0cm 0.0001pt; font-size: medium; font-family: 'Comic Sans MS'; text-align: justify;\"><span style=\"font-size: 11pt; font-family: Calibri, sans-serif;\">\u00a0<\/span><\/p>\n<p class=\"MsoNormal\" style=\"margin: 0cm 0cm 0.0001pt; font-size: medium; font-family: 'Comic Sans MS'; text-align: justify;\"><span style=\"font-size: 11pt; font-family: Calibri, sans-serif;\">Stupisce infatti che INPGI abbia stimolato un iter con le Istituzioni che al momento non hanno ritenuto utile aprire un tavolo di confronto con tutte le associazioni che rappresentano il mondo della Comunicazione:\u00a0<strong>FERPI, la storica e autorevole Associazione che rappresenta professionisti di tutto il mercato della Comunicazione, chiede e auspica un confronto istituzionale con le rappresentanze di Governo per mettere a disposizione del legislatore il proprio patrimonio professionale, contribuendo a descrivere e comprendere, in modo corretto e veritiero, il mercato della Comunicazione<\/strong>.\u00a0<\/span><\/p>\n<p class=\"MsoNormal\" style=\"margin: 0cm 0cm 0.0001pt; font-size: medium; font-family: 'Comic Sans MS'; text-align: justify;\"><span style=\"font-size: 11pt; font-family: Calibri, sans-serif;\">\u00a0<\/span><\/p>\n<p class=\"MsoNormal\" style=\"margin: 0cm 0cm 0.0001pt; font-size: medium; font-family: 'Comic Sans MS'; text-align: justify;\"><span style=\"font-size: 11pt; font-family: Calibri, sans-serif;\">\u201cPrescindendo da aspetti tecnici, economici e procedurali sull\u2019incerta fattibilit\u00e0 e sostenibilit\u00e0 di questa proposta, non volendo anche valutare lo stato attuale dei bilanci INPGI\u00a0\u00a0&#8211; sottolinea il\u00a0<strong>Presidente di FERPI Pier Donato Vercellone<\/strong>\u2013 rimaniamo comunque perplessi e intendiamo impegnarci per stimolare una riflessione pi\u00f9 profonda sul ruolo dei comunicatori, sullo status professionale, sulle caratteristiche distintive e sulla differenza, netta e precisa, sebbene dinamica e in evoluzione, con il ruolo dell\u2019informazione e del giornalismo\u201d.<\/span><\/p>\n<p class=\"MsoNormal\" style=\"margin: 0cm 0cm 0.0001pt; font-size: medium; font-family: 'Comic Sans MS'; text-align: justify;\"><span style=\"font-size: 11pt; font-family: Calibri, sans-serif;\">\u00a0<\/span><\/p>\n<p class=\"MsoNormal\" style=\"margin: 0cm 0cm 0.0001pt; font-size: medium; font-family: 'Comic Sans MS'; text-align: justify;\"><span style=\"font-size: 11pt; font-family: Calibri, sans-serif;\">\u201cFERPI \u00e8 una storica \u00e8 unica associazione di rappresentanza, riconosciuta dalla legge 4\/2013, che opera in Italia da 48 anni, ma crediamo sia necessario coinvolgere le altre Associazioni di categoria (Assorel, Assocom, Unicom, AII, EACD, etc), per esprimere una posizione comune ed elevare la rappresentativit\u00e0 del comparto\u201d \u2013 ha aggiunto Vercellone.<\/span><\/p>\n<p class=\"MsoNormal\" style=\"margin: 0cm 0cm 0.0001pt; font-size: medium; font-family: 'Comic Sans MS'; text-align: justify;\"><span style=\"font-size: 11pt; font-family: Calibri, sans-serif;\">\u00a0<\/span><\/p>\n<p class=\"MsoNormal\" style=\"margin: 0cm 0cm 0.0001pt; font-size: medium; font-family: 'Comic Sans MS'; text-align: justify;\"><span style=\"font-size: 11pt; font-family: Calibri, sans-serif;\">FERPI crede dunque necessario iniziare a ragionare in un\u2019ottica complessiva, quella di un \u201c<strong>comparto della comunicazione<\/strong>\u201d, in grado di raccogliere e normare tutte le figure professionali che in quest\u2019ambito operano, dare a tutte \u2013 salvaguardandone peculiarit\u00e0 e specificit\u00e0 \u2013 organizzazione, regolamentazione, responsabilit\u00e0 e regole deontologiche ed etiche, per salvaguardare la differenza di scopo, valutando successivamente ipotesi future di condivisione di valore e sistemi di tutela comuni.<\/span><\/p>\n<p class=\"MsoNormal\" style=\"margin: 0cm 0cm 0.0001pt; font-size: medium; font-family: 'Comic Sans MS'; text-align: justify;\"><span style=\"font-size: 11pt; font-family: Calibri, sans-serif;\">\u00a0<\/span><\/p>\n<p class=\"MsoNormal\" style=\"margin: 0cm 0cm 0.0001pt; font-size: medium; font-family: 'Comic Sans MS'; text-align: justify;\"><span style=\"font-size: 10pt; font-family: Arial, sans-serif;\">\u00a0<\/span><\/p>\n<p class=\"MsoNormal\" style=\"margin: 0cm 0cm 0.0001pt; font-size: medium; font-family: 'Comic Sans MS'; text-align: justify;\"><strong><span style=\"font-size: 9pt; font-family: Arial, sans-serif;\">FERPI &#8211; Federazione Relazioni Pubbliche italiana<\/span><\/strong><span style=\"font-size: 9pt; font-family: Arial, sans-serif;\">\u00e8 l&#8217;associazione che rappresenta i professionisti che operano nelle Relazioni Pubbliche e nella Comunicazione nel nostro Paese. L\u2019Associazione, costituita nel 1970, opera per valorizzare la professione dei relatori pubblici e dei comunicatori, per rappresentare i propri iscritti e per garantire nei confronti di committenti ed imprese una tutela assicurata dai principi di etica e di autoregolamentazione dei comportamenti grazie ai Codici adottati. Dal 2014 Ferpi \u00e8 inserita nell\u2019elenco del Ministero dello Sviluppo Economico, riservato alle associazioni professionali che rilasciano attestato di qualit\u00e0 ai propri iscritti, secondo quanto previsto dalla L.4\/2013.\u00a0<\/span><\/p>\n<p class=\"MsoNormal\" style=\"margin: 0cm 0cm 0.0001pt; font-size: medium; font-family: 'Comic Sans MS'; text-align: justify;\"><span style=\"font-size: 9pt; font-family: Arial, sans-serif;\">\u00a0<\/span><\/p>\n<p class=\"MsoNormal\" style=\"margin: 0cm 0cm 0.0001pt; font-size: medium; font-family: 'Comic Sans MS'; text-align: justify;\"><span style=\"font-size: 9pt; font-family: Arial, sans-serif;\">\u00a0<\/span><\/p>\n<p class=\"MsoNormal\" style=\"margin: 0cm 0cm 0.0001pt; font-size: medium; font-family: 'Comic Sans MS'; text-align: justify;\"><strong><span style=\"font-size: 9pt; font-family: Arial, sans-serif;\">Ufficio Stampa Ferpi<\/span><\/strong><\/p>\n<p class=\"MsoNormal\" style=\"margin: 0cm 0cm 0.0001pt; font-size: medium; font-family: 'Comic Sans MS';\"><span style=\"font-size: 9pt; font-family: Arial, sans-serif;\">Mail:\u00a0\u00a0<span class=\"MsoHyperlink\" style=\"font-family: Verdana, sans-serif; color: #0033ff;\"><span style=\"font-family: Arial, sans-serif;\"><a style=\"font-family: Verdana, sans-serif; color: #954f72;\" href=\"mailto:ufficiostampa@ferpi.it\">ufficiostampa@ferpi.it<\/a><\/span><\/span><\/span><\/p>\n<p class=\"MsoNormal\" style=\"margin: 0cm 0cm 0.0001pt; font-size: medium; font-family: 'Comic Sans MS';\"><span lang=\"EN-US\" style=\"font-size: 9pt; font-family: Arial, sans-serif;\">Tel: +39 02 58312455<br \/>\nFax: +39 02 58313321<\/span><\/p>\n<p class=\"MsoNormal\" style=\"margin: 0cm 0cm 0.0001pt; font-size: medium; font-family: 'Comic Sans MS';\"><span lang=\"EN-US\" style=\"font-size: 9pt; font-family: Arial, sans-serif;\"><a style=\"font-family: Verdana, sans-serif; color: #954f72;\" href=\"http:\/\/www.ferpi.it\/\">www.ferpi.it<\/a><\/span><\/p>\n<p>&nbsp;<\/p>\n","protected":false},"excerpt":{"rendered":"<p>FERPI: la proposta INPGI racchiude elementi di attenzione e criticit\u00e0 che devono essere valutati con tavoli di confronto fra tutte le Associazioni che rappresentano i professionisti della comunicazione e delle relazioni pubbliche, pubblici e privati. Milano, 30 novembre 2018\u00a0\u2013\u00a0FERPI, la\u00a0Federazione Relazioni Pubbliche Italiana, rispetto all\u2019ipotesi di far confluire in\u00a0INPGI\u00a0tutti gli operatori della comunicazione, impegnati nel [&hellip;]<\/p>\n","protected":false},"author":1,"featured_media":1930,"comment_status":"closed","ping_status":"closed","sticky":false,"template":"","format":"standard","meta":{"footnotes":""},"categories":[47,24],"tags":[],"class_list":["post-3793","post","type-post","status-publish","format-standard","has-post-thumbnail","hentry","category-comunicazione","category-trend"],"yoast_head":"<!-- This site is optimized with the Yoast SEO plugin v27.5 - https:\/\/yoast.com\/product\/yoast-seo-wordpress\/ -->\n<title>L&#039;INPGI a caccia di comunicatori. Le preoccupazioni di FERPI - WIP Consulting | Consulenza strategica<\/title>\n<meta name=\"robots\" content=\"index, follow, max-snippet:-1, max-image-preview:large, max-video-preview:-1\" \/>\n<link rel=\"canonical\" href=\"https:\/\/wipconsulting.it\/en\/linpgi-a-caccia-di-comunicatori-le-preoccupazioni-di-ferpi\/\" \/>\n<meta property=\"og:locale\" content=\"en_US\" \/>\n<meta property=\"og:type\" content=\"article\" \/>\n<meta property=\"og:title\" content=\"L&#039;INPGI a caccia di comunicatori. Le preoccupazioni di FERPI - WIP Consulting | Consulenza strategica\" \/>\n<meta property=\"og:description\" content=\"FERPI: la proposta INPGI racchiude elementi di attenzione e criticit\u00e0 che devono essere valutati con tavoli di confronto fra tutte le Associazioni che rappresentano i professionisti della comunicazione e delle relazioni pubbliche, pubblici e privati. Milano, 30 novembre 2018\u00a0\u2013\u00a0FERPI, la\u00a0Federazione Relazioni Pubbliche Italiana, rispetto all\u2019ipotesi di far confluire in\u00a0INPGI\u00a0tutti gli operatori della comunicazione, impegnati nel [&hellip;]\" \/>\n<meta property=\"og:url\" content=\"https:\/\/wipconsulting.it\/en\/linpgi-a-caccia-di-comunicatori-le-preoccupazioni-di-ferpi\/\" \/>\n<meta property=\"og:site_name\" content=\"WIP Consulting | Consulenza strategica\" \/>\n<meta property=\"article:published_time\" content=\"2018-11-30T06:21:06+00:00\" \/>\n<meta property=\"article:modified_time\" content=\"2024-05-24T17:27:19+00:00\" \/>\n<meta property=\"og:image\" content=\"https:\/\/wipconsulting.it\/wp-content\/uploads\/2021\/08\/tagli-giornalisti-inpgi-tagli-lavoro-pensioni.jpg\" \/>\n\t<meta property=\"og:image:width\" content=\"678\" \/>\n\t<meta property=\"og:image:height\" content=\"359\" \/>\n\t<meta property=\"og:image:type\" content=\"image\/jpeg\" \/>\n<meta name=\"author\" content=\"admin\" \/>\n<meta name=\"twitter:card\" content=\"summary_large_image\" \/>\n<meta name=\"twitter:label1\" content=\"Written by\" \/>\n\t<meta name=\"twitter:data1\" content=\"admin\" \/>\n\t<meta name=\"twitter:label2\" content=\"Est. reading time\" \/>\n\t<meta name=\"twitter:data2\" content=\"2 minutes\" \/>\n<script type=\"application\/ld+json\" class=\"yoast-schema-graph\">{\"@context\":\"https:\\\/\\\/schema.org\",\"@graph\":[{\"@type\":\"Article\",\"@id\":\"https:\\\/\\\/wipconsulting.it\\\/en\\\/linpgi-a-caccia-di-comunicatori-le-preoccupazioni-di-ferpi\\\/#article\",\"isPartOf\":{\"@id\":\"https:\\\/\\\/wipconsulting.it\\\/en\\\/linpgi-a-caccia-di-comunicatori-le-preoccupazioni-di-ferpi\\\/\"},\"author\":{\"name\":\"admin\",\"@id\":\"https:\\\/\\\/wipconsulting.it\\\/en\\\/#\\\/schema\\\/person\\\/318ff9a7b71624aa81b8b0df2c70d8bd\"},\"headline\":\"L&#8217;INPGI a caccia di comunicatori. Le preoccupazioni di FERPI\",\"datePublished\":\"2018-11-30T06:21:06+00:00\",\"dateModified\":\"2024-05-24T17:27:19+00:00\",\"mainEntityOfPage\":{\"@id\":\"https:\\\/\\\/wipconsulting.it\\\/en\\\/linpgi-a-caccia-di-comunicatori-le-preoccupazioni-di-ferpi\\\/\"},\"wordCount\":503,\"publisher\":{\"@id\":\"https:\\\/\\\/wipconsulting.it\\\/en\\\/#organization\"},\"image\":{\"@id\":\"https:\\\/\\\/wipconsulting.it\\\/en\\\/linpgi-a-caccia-di-comunicatori-le-preoccupazioni-di-ferpi\\\/#primaryimage\"},\"thumbnailUrl\":\"https:\\\/\\\/wipconsulting.it\\\/wp-content\\\/uploads\\\/2021\\\/08\\\/tagli-giornalisti-inpgi-tagli-lavoro-pensioni.jpg\",\"articleSection\":[\"Comunicazione\",\"trend\"],\"inLanguage\":\"en-US\"},{\"@type\":\"WebPage\",\"@id\":\"https:\\\/\\\/wipconsulting.it\\\/en\\\/linpgi-a-caccia-di-comunicatori-le-preoccupazioni-di-ferpi\\\/\",\"url\":\"https:\\\/\\\/wipconsulting.it\\\/en\\\/linpgi-a-caccia-di-comunicatori-le-preoccupazioni-di-ferpi\\\/\",\"name\":\"L'INPGI a caccia di comunicatori. Le preoccupazioni di FERPI - WIP Consulting | Consulenza strategica\",\"isPartOf\":{\"@id\":\"https:\\\/\\\/wipconsulting.it\\\/en\\\/#website\"},\"primaryImageOfPage\":{\"@id\":\"https:\\\/\\\/wipconsulting.it\\\/en\\\/linpgi-a-caccia-di-comunicatori-le-preoccupazioni-di-ferpi\\\/#primaryimage\"},\"image\":{\"@id\":\"https:\\\/\\\/wipconsulting.it\\\/en\\\/linpgi-a-caccia-di-comunicatori-le-preoccupazioni-di-ferpi\\\/#primaryimage\"},\"thumbnailUrl\":\"https:\\\/\\\/wipconsulting.it\\\/wp-content\\\/uploads\\\/2021\\\/08\\\/tagli-giornalisti-inpgi-tagli-lavoro-pensioni.jpg\",\"datePublished\":\"2018-11-30T06:21:06+00:00\",\"dateModified\":\"2024-05-24T17:27:19+00:00\",\"breadcrumb\":{\"@id\":\"https:\\\/\\\/wipconsulting.it\\\/en\\\/linpgi-a-caccia-di-comunicatori-le-preoccupazioni-di-ferpi\\\/#breadcrumb\"},\"inLanguage\":\"en-US\",\"potentialAction\":[{\"@type\":\"ReadAction\",\"target\":[\"https:\\\/\\\/wipconsulting.it\\\/en\\\/linpgi-a-caccia-di-comunicatori-le-preoccupazioni-di-ferpi\\\/\"]}]},{\"@type\":\"ImageObject\",\"inLanguage\":\"en-US\",\"@id\":\"https:\\\/\\\/wipconsulting.it\\\/en\\\/linpgi-a-caccia-di-comunicatori-le-preoccupazioni-di-ferpi\\\/#primaryimage\",\"url\":\"https:\\\/\\\/wipconsulting.it\\\/wp-content\\\/uploads\\\/2021\\\/08\\\/tagli-giornalisti-inpgi-tagli-lavoro-pensioni.jpg\",\"contentUrl\":\"https:\\\/\\\/wipconsulting.it\\\/wp-content\\\/uploads\\\/2021\\\/08\\\/tagli-giornalisti-inpgi-tagli-lavoro-pensioni.jpg\",\"width\":678,\"height\":359},{\"@type\":\"BreadcrumbList\",\"@id\":\"https:\\\/\\\/wipconsulting.it\\\/en\\\/linpgi-a-caccia-di-comunicatori-le-preoccupazioni-di-ferpi\\\/#breadcrumb\",\"itemListElement\":[{\"@type\":\"ListItem\",\"position\":1,\"name\":\"Home\",\"item\":\"https:\\\/\\\/wipconsulting.it\\\/en\\\/home\\\/\"},{\"@type\":\"ListItem\",\"position\":2,\"name\":\"L&#8217;INPGI a caccia di comunicatori. Le preoccupazioni di FERPI\"}]},{\"@type\":\"WebSite\",\"@id\":\"https:\\\/\\\/wipconsulting.it\\\/en\\\/#website\",\"url\":\"https:\\\/\\\/wipconsulting.it\\\/en\\\/\",\"name\":\"wipconsulting.it\",\"description\":\"Formazione alle imprese\",\"publisher\":{\"@id\":\"https:\\\/\\\/wipconsulting.it\\\/en\\\/#organization\"},\"potentialAction\":[{\"@type\":\"SearchAction\",\"target\":{\"@type\":\"EntryPoint\",\"urlTemplate\":\"https:\\\/\\\/wipconsulting.it\\\/en\\\/?s={search_term_string}\"},\"query-input\":{\"@type\":\"PropertyValueSpecification\",\"valueRequired\":true,\"valueName\":\"search_term_string\"}}],\"inLanguage\":\"en-US\"},{\"@type\":\"Organization\",\"@id\":\"https:\\\/\\\/wipconsulting.it\\\/en\\\/#organization\",\"name\":\"WIP Consulting\",\"url\":\"https:\\\/\\\/wipconsulting.it\\\/en\\\/\",\"logo\":{\"@type\":\"ImageObject\",\"inLanguage\":\"en-US\",\"@id\":\"https:\\\/\\\/wipconsulting.it\\\/en\\\/#\\\/schema\\\/logo\\\/image\\\/\",\"url\":\"https:\\\/\\\/wipconsulting.it\\\/wp-content\\\/uploads\\\/2023\\\/12\\\/logo_wip_consulting_2colori_Registered_v02.svg\",\"contentUrl\":\"https:\\\/\\\/wipconsulting.it\\\/wp-content\\\/uploads\\\/2023\\\/12\\\/logo_wip_consulting_2colori_Registered_v02.svg\",\"caption\":\"WIP Consulting\"},\"image\":{\"@id\":\"https:\\\/\\\/wipconsulting.it\\\/en\\\/#\\\/schema\\\/logo\\\/image\\\/\"}},{\"@type\":\"Person\",\"@id\":\"https:\\\/\\\/wipconsulting.it\\\/en\\\/#\\\/schema\\\/person\\\/318ff9a7b71624aa81b8b0df2c70d8bd\",\"name\":\"admin\",\"image\":{\"@type\":\"ImageObject\",\"inLanguage\":\"en-US\",\"@id\":\"https:\\\/\\\/secure.gravatar.com\\\/avatar\\\/2abbf81cef02f96903b67cd91eed09563af3527b400364162912f7584e891ae3?s=96&d=mm&r=g\",\"url\":\"https:\\\/\\\/secure.gravatar.com\\\/avatar\\\/2abbf81cef02f96903b67cd91eed09563af3527b400364162912f7584e891ae3?s=96&d=mm&r=g\",\"contentUrl\":\"https:\\\/\\\/secure.gravatar.com\\\/avatar\\\/2abbf81cef02f96903b67cd91eed09563af3527b400364162912f7584e891ae3?s=96&d=mm&r=g\",\"caption\":\"admin\"},\"sameAs\":[\"https:\\\/\\\/wipconsulting.it\"],\"url\":\"https:\\\/\\\/wipconsulting.it\\\/en\\\/author\\\/admin\\\/\"}]}<\/script>\n<!-- \/ Yoast SEO plugin. -->","yoast_head_json":{"title":"L'INPGI a caccia di comunicatori. Le preoccupazioni di FERPI - WIP Consulting | Consulenza strategica","robots":{"index":"index","follow":"follow","max-snippet":"max-snippet:-1","max-image-preview":"max-image-preview:large","max-video-preview":"max-video-preview:-1"},"canonical":"https:\/\/wipconsulting.it\/en\/linpgi-a-caccia-di-comunicatori-le-preoccupazioni-di-ferpi\/","og_locale":"en_US","og_type":"article","og_title":"L'INPGI a caccia di comunicatori. Le preoccupazioni di FERPI - WIP Consulting | Consulenza strategica","og_description":"FERPI: la proposta INPGI racchiude elementi di attenzione e criticit\u00e0 che devono essere valutati con tavoli di confronto fra tutte le Associazioni che rappresentano i professionisti della comunicazione e delle relazioni pubbliche, pubblici e privati. Milano, 30 novembre 2018\u00a0\u2013\u00a0FERPI, la\u00a0Federazione Relazioni Pubbliche Italiana, rispetto all\u2019ipotesi di far confluire in\u00a0INPGI\u00a0tutti gli operatori della comunicazione, impegnati nel [&hellip;]","og_url":"https:\/\/wipconsulting.it\/en\/linpgi-a-caccia-di-comunicatori-le-preoccupazioni-di-ferpi\/","og_site_name":"WIP Consulting | Consulenza strategica","article_published_time":"2018-11-30T06:21:06+00:00","article_modified_time":"2024-05-24T17:27:19+00:00","og_image":[{"width":678,"height":359,"url":"https:\/\/wipconsulting.it\/wp-content\/uploads\/2021\/08\/tagli-giornalisti-inpgi-tagli-lavoro-pensioni.jpg","type":"image\/jpeg"}],"author":"admin","twitter_card":"summary_large_image","twitter_misc":{"Written by":"admin","Est. reading time":"2 minutes"},"schema":{"@context":"https:\/\/schema.org","@graph":[{"@type":"Article","@id":"https:\/\/wipconsulting.it\/en\/linpgi-a-caccia-di-comunicatori-le-preoccupazioni-di-ferpi\/#article","isPartOf":{"@id":"https:\/\/wipconsulting.it\/en\/linpgi-a-caccia-di-comunicatori-le-preoccupazioni-di-ferpi\/"},"author":{"name":"admin","@id":"https:\/\/wipconsulting.it\/en\/#\/schema\/person\/318ff9a7b71624aa81b8b0df2c70d8bd"},"headline":"L&#8217;INPGI a caccia di comunicatori. Le preoccupazioni di FERPI","datePublished":"2018-11-30T06:21:06+00:00","dateModified":"2024-05-24T17:27:19+00:00","mainEntityOfPage":{"@id":"https:\/\/wipconsulting.it\/en\/linpgi-a-caccia-di-comunicatori-le-preoccupazioni-di-ferpi\/"},"wordCount":503,"publisher":{"@id":"https:\/\/wipconsulting.it\/en\/#organization"},"image":{"@id":"https:\/\/wipconsulting.it\/en\/linpgi-a-caccia-di-comunicatori-le-preoccupazioni-di-ferpi\/#primaryimage"},"thumbnailUrl":"https:\/\/wipconsulting.it\/wp-content\/uploads\/2021\/08\/tagli-giornalisti-inpgi-tagli-lavoro-pensioni.jpg","articleSection":["Comunicazione","trend"],"inLanguage":"en-US"},{"@type":"WebPage","@id":"https:\/\/wipconsulting.it\/en\/linpgi-a-caccia-di-comunicatori-le-preoccupazioni-di-ferpi\/","url":"https:\/\/wipconsulting.it\/en\/linpgi-a-caccia-di-comunicatori-le-preoccupazioni-di-ferpi\/","name":"L'INPGI a caccia di comunicatori. Le preoccupazioni di FERPI - WIP Consulting | Consulenza strategica","isPartOf":{"@id":"https:\/\/wipconsulting.it\/en\/#website"},"primaryImageOfPage":{"@id":"https:\/\/wipconsulting.it\/en\/linpgi-a-caccia-di-comunicatori-le-preoccupazioni-di-ferpi\/#primaryimage"},"image":{"@id":"https:\/\/wipconsulting.it\/en\/linpgi-a-caccia-di-comunicatori-le-preoccupazioni-di-ferpi\/#primaryimage"},"thumbnailUrl":"https:\/\/wipconsulting.it\/wp-content\/uploads\/2021\/08\/tagli-giornalisti-inpgi-tagli-lavoro-pensioni.jpg","datePublished":"2018-11-30T06:21:06+00:00","dateModified":"2024-05-24T17:27:19+00:00","breadcrumb":{"@id":"https:\/\/wipconsulting.it\/en\/linpgi-a-caccia-di-comunicatori-le-preoccupazioni-di-ferpi\/#breadcrumb"},"inLanguage":"en-US","potentialAction":[{"@type":"ReadAction","target":["https:\/\/wipconsulting.it\/en\/linpgi-a-caccia-di-comunicatori-le-preoccupazioni-di-ferpi\/"]}]},{"@type":"ImageObject","inLanguage":"en-US","@id":"https:\/\/wipconsulting.it\/en\/linpgi-a-caccia-di-comunicatori-le-preoccupazioni-di-ferpi\/#primaryimage","url":"https:\/\/wipconsulting.it\/wp-content\/uploads\/2021\/08\/tagli-giornalisti-inpgi-tagli-lavoro-pensioni.jpg","contentUrl":"https:\/\/wipconsulting.it\/wp-content\/uploads\/2021\/08\/tagli-giornalisti-inpgi-tagli-lavoro-pensioni.jpg","width":678,"height":359},{"@type":"BreadcrumbList","@id":"https:\/\/wipconsulting.it\/en\/linpgi-a-caccia-di-comunicatori-le-preoccupazioni-di-ferpi\/#breadcrumb","itemListElement":[{"@type":"ListItem","position":1,"name":"Home","item":"https:\/\/wipconsulting.it\/en\/home\/"},{"@type":"ListItem","position":2,"name":"L&#8217;INPGI a caccia di comunicatori. Le preoccupazioni di FERPI"}]},{"@type":"WebSite","@id":"https:\/\/wipconsulting.it\/en\/#website","url":"https:\/\/wipconsulting.it\/en\/","name":"wipconsulting.it","description":"Formazione alle imprese","publisher":{"@id":"https:\/\/wipconsulting.it\/en\/#organization"},"potentialAction":[{"@type":"SearchAction","target":{"@type":"EntryPoint","urlTemplate":"https:\/\/wipconsulting.it\/en\/?s={search_term_string}"},"query-input":{"@type":"PropertyValueSpecification","valueRequired":true,"valueName":"search_term_string"}}],"inLanguage":"en-US"},{"@type":"Organization","@id":"https:\/\/wipconsulting.it\/en\/#organization","name":"WIP Consulting","url":"https:\/\/wipconsulting.it\/en\/","logo":{"@type":"ImageObject","inLanguage":"en-US","@id":"https:\/\/wipconsulting.it\/en\/#\/schema\/logo\/image\/","url":"https:\/\/wipconsulting.it\/wp-content\/uploads\/2023\/12\/logo_wip_consulting_2colori_Registered_v02.svg","contentUrl":"https:\/\/wipconsulting.it\/wp-content\/uploads\/2023\/12\/logo_wip_consulting_2colori_Registered_v02.svg","caption":"WIP Consulting"},"image":{"@id":"https:\/\/wipconsulting.it\/en\/#\/schema\/logo\/image\/"}},{"@type":"Person","@id":"https:\/\/wipconsulting.it\/en\/#\/schema\/person\/318ff9a7b71624aa81b8b0df2c70d8bd","name":"admin","image":{"@type":"ImageObject","inLanguage":"en-US","@id":"https:\/\/secure.gravatar.com\/avatar\/2abbf81cef02f96903b67cd91eed09563af3527b400364162912f7584e891ae3?s=96&d=mm&r=g","url":"https:\/\/secure.gravatar.com\/avatar\/2abbf81cef02f96903b67cd91eed09563af3527b400364162912f7584e891ae3?s=96&d=mm&r=g","contentUrl":"https:\/\/secure.gravatar.com\/avatar\/2abbf81cef02f96903b67cd91eed09563af3527b400364162912f7584e891ae3?s=96&d=mm&r=g","caption":"admin"},"sameAs":["https:\/\/wipconsulting.it"],"url":"https:\/\/wipconsulting.it\/en\/author\/admin\/"}]}},"_links":{"self":[{"href":"https:\/\/wipconsulting.it\/en\/wp-json\/wp\/v2\/posts\/3793","targetHints":{"allow":["GET"]}}],"collection":[{"href":"https:\/\/wipconsulting.it\/en\/wp-json\/wp\/v2\/posts"}],"about":[{"href":"https:\/\/wipconsulting.it\/en\/wp-json\/wp\/v2\/types\/post"}],"author":[{"embeddable":true,"href":"https:\/\/wipconsulting.it\/en\/wp-json\/wp\/v2\/users\/1"}],"replies":[{"embeddable":true,"href":"https:\/\/wipconsulting.it\/en\/wp-json\/wp\/v2\/comments?post=3793"}],"version-history":[{"count":1,"href":"https:\/\/wipconsulting.it\/en\/wp-json\/wp\/v2\/posts\/3793\/revisions"}],"predecessor-version":[{"id":10529,"href":"https:\/\/wipconsulting.it\/en\/wp-json\/wp\/v2\/posts\/3793\/revisions\/10529"}],"wp:featuredmedia":[{"embeddable":true,"href":"https:\/\/wipconsulting.it\/en\/wp-json\/wp\/v2\/media\/1930"}],"wp:attachment":[{"href":"https:\/\/wipconsulting.it\/en\/wp-json\/wp\/v2\/media?parent=3793"}],"wp:term":[{"taxonomy":"category","embeddable":true,"href":"https:\/\/wipconsulting.it\/en\/wp-json\/wp\/v2\/categories?post=3793"},{"taxonomy":"post_tag","embeddable":true,"href":"https:\/\/wipconsulting.it\/en\/wp-json\/wp\/v2\/tags?post=3793"}],"curies":[{"name":"wp","href":"https:\/\/api.w.org\/{rel}","templated":true}]}}