{"id":3796,"date":"2019-02-22T06:21:06","date_gmt":"2019-02-22T06:21:06","guid":{"rendered":"https:\/\/wip.stefanobonetti.it\/2021\/08\/06\/agcm-una-svolta-per-laccesso-dei-comunicatori-alla-p-a\/"},"modified":"2025-05-16T14:11:26","modified_gmt":"2025-05-16T12:11:26","slug":"agcm-una-svolta-per-laccesso-dei-comunicatori-alla-p-a","status":"publish","type":"post","link":"https:\/\/wipconsulting.it\/en\/agcm-una-svolta-per-laccesso-dei-comunicatori-alla-p-a\/","title":{"rendered":"AGCM, una svolta per l&#8217;accesso dei Comunicatori alla P.A."},"content":{"rendered":"<p>di Rita Palumbo<\/p>\n<p>Non \u00e8 solo una segnalazione. Non \u00e8 solo un parere legale. \u00c8 una vera e propria vittoria per i professionisti della Comunicazione.<br \/>\nL\u2019Autorit\u00e0 Garante della Concorrenza e del Mercato ha accolto <a href=\"\/media\/s3539_ferpi.pdf\">l\u2019esposto di FERPI <\/a>ed ha deciso di <a href=\"\/media\/s3539_segnalazione.pdf\">segnalare <\/a>al Presidente del Senato della Repubblica, al Presidente della Camera dei Deputati, al Presidente del Consiglio dei Ministri, al Ministro per la Pubblica Amministrazione e all\u2019Associazione Nazionale Comuni Italiani che l\u2019applicazione della legge 150\/2000, nell\u2019imporre il requisito dell\u2019iscrizione all\u2019albo dei giornalisti per le attivit\u00e0 della Comunicazione determina \u201c\u2026\u00a0<em>conseguenze negative sull\u2019efficienza dei meccanismi di selezione e sulla qualit\u00e0 delle caratteristiche dei servizi offerti alla pubblica amministrazione<\/em>\u201d.<br \/>\nQualit\u00e0, competenze, pari opportunit\u00e0 di accesso al mercato della Pubblica Amministrazione, inadeguata interpretazione della legge 150\/2000. Sono queste le parole chiave che ci fanno brindare ad un traguardo senza precedenti, che rafforza la nostra convinzione di continuare ad impegnarci nella pi\u00f9 ardua battaglia verso il riconoscimento, la certificazione e l\u2019adeguamento economico delle professioni della Comunicazione.<br \/>\nChe cosa comporta in concreto la segnalazione dell\u2019Antitrust? La Pubblica Amministrazione, locale e centrale, dovr\u00e0 ben applicare i dettami della legge 150\/2000, riservando ai giornalisti iscritti all\u2019ordine solo quelle attivit\u00e0 di specifica competenza giornalistica. E, al contempo, dovr\u00e0 riservare le attivit\u00e0 di Comunicazione e pubbliche relazioni ai professionisti del settore.<br \/>\nIn termini economici significa che, ipotizzando per difetto che le opportunit\u00e0 offerte dalla PA in tutta Italia siano 1000 posizioni all\u2019anno e che ogni posizione valga un compenso annuale di 25mila euro, il mercato della Comunicazione beneficer\u00e0 di un aumento occupazionale significativo e di un valore economico pari a 25milioni di euro all\u2019anno.<br \/>\nEra necessario e improrogabile passare dall\u2019amara contestazione di non poter svolgere la nostra professione nella PA, alla decisione di cercare lo spazio istituzionale adeguato a spiegare le differenze tra due professioni \u2013 quella giornalistica e quella del comunicatore \u2013 che non sono in contrapposizione, ma che sono diverse negli obiettivi di scopo e nelle skills professionali.<br \/>\nIl significato intrinseco &#8211; politico ed associativo &#8211;\u00a0\u00a0dell\u2019esito dell\u2019esposto all\u2019Antitrust significa che siamo riusciti a dimostrare che la nostra professione ha un valore di mercato e un\u2019 identit\u00e0 professionale indispensabile allo sviluppo e alla crescita culturale del nostro Sistema Paese. Faremo sentire in modo continuo e costante la nostra voce ai tavoli istituzionale del Governo e continueremo a rafforzare la nostra dignit\u00e0 professionale impegnandoci in altre sfide: il confronto sulla previdenza, l\u2019equo compenso, gli addendum contrattuali.<br \/>\nIl percorso \u00e8 lungo e sicuramente insidioso, ma non impossibile, come \u00e8 stato dimostrato.<br \/>\nRingrazio l\u2019<a href=\"https:\/\/www.ferpi.it\/news\/attivita-di-comunicazione-della-pa-interviene-lautorita-garante-della-concorrenza\" target=\"_blank\" rel=\"noopener noreferrer\">Avvocato Fantigrossi<\/a>\u00a0che ci accompagna in quest\u2019avventura, tutti i colleghi che hanno contribuito a raggiungere quest\u2019obiettivo e in modo particolare Giovanni Landolfi, che con meticolosit\u00e0 e costanza ha dato il via alla riflessione lavorando con costanza per raggiungere l\u2019obiettivo.<\/p>\n<p><a href=\"https:\/\/www.ferpi.it\/news\/comunicazione-nella-pa-lantitrust-accoglie-lesposto-di-ferpi\">www.ferpi.it<\/a><\/p>\n","protected":false},"excerpt":{"rendered":"<p>di Rita Palumbo Non \u00e8 solo una segnalazione. Non \u00e8 solo un parere legale. \u00c8 una vera e propria vittoria per i professionisti della Comunicazione. L\u2019Autorit\u00e0 Garante della Concorrenza e del Mercato ha accolto l\u2019esposto di FERPI ed ha deciso di segnalare al Presidente del Senato della Repubblica, al Presidente della Camera dei Deputati, al [&hellip;]<\/p>\n","protected":false},"author":1,"featured_media":1927,"comment_status":"closed","ping_status":"closed","sticky":false,"template":"","format":"standard","meta":{"footnotes":""},"categories":[47,48],"tags":[],"class_list":["post-3796","post","type-post","status-publish","format-standard","has-post-thumbnail","hentry","category-comunicazione","category-mercato-del-lavoro"],"yoast_head":"<!-- This site is optimized with the Yoast SEO plugin v27.5 - https:\/\/yoast.com\/product\/yoast-seo-wordpress\/ -->\n<title>AGCM, una svolta per l&#039;accesso dei Comunicatori alla P.A.<\/title>\n<meta name=\"description\" content=\"L\u2019Autorit\u00e0 Garante della Concorrenza e del Mercato ha accolto l\u2019esposto di FERPI relativo all\u2019applicazione della legge 150\/2000.\" \/>\n<meta name=\"robots\" content=\"index, follow, max-snippet:-1, max-image-preview:large, max-video-preview:-1\" \/>\n<link rel=\"canonical\" href=\"https:\/\/wipconsulting.it\/en\/agcm-una-svolta-per-laccesso-dei-comunicatori-alla-p-a\/\" \/>\n<meta property=\"og:locale\" content=\"en_US\" \/>\n<meta property=\"og:type\" content=\"article\" \/>\n<meta property=\"og:title\" content=\"AGCM, una svolta per l&#039;accesso dei Comunicatori alla P.A.\" \/>\n<meta property=\"og:description\" content=\"L\u2019Autorit\u00e0 Garante della Concorrenza e del Mercato ha accolto l\u2019esposto di FERPI relativo all\u2019applicazione della legge 150\/2000.\" \/>\n<meta property=\"og:url\" content=\"https:\/\/wipconsulting.it\/en\/agcm-una-svolta-per-laccesso-dei-comunicatori-alla-p-a\/\" \/>\n<meta property=\"og:site_name\" content=\"WIP Consulting | Consulenza strategica\" \/>\n<meta property=\"article:published_time\" content=\"2019-02-22T06:21:06+00:00\" \/>\n<meta property=\"article:modified_time\" content=\"2025-05-16T12:11:26+00:00\" \/>\n<meta property=\"og:image\" content=\"https:\/\/wipconsulting.it\/wp-content\/uploads\/2021\/08\/agcm.jpg\" \/>\n\t<meta property=\"og:image:width\" content=\"355\" \/>\n\t<meta property=\"og:image:height\" content=\"142\" \/>\n\t<meta property=\"og:image:type\" content=\"image\/jpeg\" \/>\n<meta name=\"author\" content=\"admin\" \/>\n<meta name=\"twitter:card\" content=\"summary_large_image\" \/>\n<meta name=\"twitter:label1\" content=\"Written by\" \/>\n\t<meta name=\"twitter:data1\" content=\"admin\" \/>\n\t<meta name=\"twitter:label2\" content=\"Est. reading time\" \/>\n\t<meta name=\"twitter:data2\" content=\"3 minutes\" \/>\n<script type=\"application\/ld+json\" class=\"yoast-schema-graph\">{\"@context\":\"https:\\\/\\\/schema.org\",\"@graph\":[{\"@type\":\"Article\",\"@id\":\"https:\\\/\\\/wipconsulting.it\\\/en\\\/agcm-una-svolta-per-laccesso-dei-comunicatori-alla-p-a\\\/#article\",\"isPartOf\":{\"@id\":\"https:\\\/\\\/wipconsulting.it\\\/en\\\/agcm-una-svolta-per-laccesso-dei-comunicatori-alla-p-a\\\/\"},\"author\":{\"name\":\"admin\",\"@id\":\"https:\\\/\\\/wipconsulting.it\\\/en\\\/#\\\/schema\\\/person\\\/318ff9a7b71624aa81b8b0df2c70d8bd\"},\"headline\":\"AGCM, una svolta per l&#8217;accesso dei Comunicatori alla P.A.\",\"datePublished\":\"2019-02-22T06:21:06+00:00\",\"dateModified\":\"2025-05-16T12:11:26+00:00\",\"mainEntityOfPage\":{\"@id\":\"https:\\\/\\\/wipconsulting.it\\\/en\\\/agcm-una-svolta-per-laccesso-dei-comunicatori-alla-p-a\\\/\"},\"wordCount\":476,\"publisher\":{\"@id\":\"https:\\\/\\\/wipconsulting.it\\\/en\\\/#organization\"},\"image\":{\"@id\":\"https:\\\/\\\/wipconsulting.it\\\/en\\\/agcm-una-svolta-per-laccesso-dei-comunicatori-alla-p-a\\\/#primaryimage\"},\"thumbnailUrl\":\"https:\\\/\\\/wipconsulting.it\\\/wp-content\\\/uploads\\\/2021\\\/08\\\/agcm.jpg\",\"articleSection\":[\"Comunicazione\",\"Mercato del Lavoro\"],\"inLanguage\":\"en-US\"},{\"@type\":\"WebPage\",\"@id\":\"https:\\\/\\\/wipconsulting.it\\\/en\\\/agcm-una-svolta-per-laccesso-dei-comunicatori-alla-p-a\\\/\",\"url\":\"https:\\\/\\\/wipconsulting.it\\\/en\\\/agcm-una-svolta-per-laccesso-dei-comunicatori-alla-p-a\\\/\",\"name\":\"AGCM, una svolta per l'accesso dei Comunicatori alla P.A.\",\"isPartOf\":{\"@id\":\"https:\\\/\\\/wipconsulting.it\\\/en\\\/#website\"},\"primaryImageOfPage\":{\"@id\":\"https:\\\/\\\/wipconsulting.it\\\/en\\\/agcm-una-svolta-per-laccesso-dei-comunicatori-alla-p-a\\\/#primaryimage\"},\"image\":{\"@id\":\"https:\\\/\\\/wipconsulting.it\\\/en\\\/agcm-una-svolta-per-laccesso-dei-comunicatori-alla-p-a\\\/#primaryimage\"},\"thumbnailUrl\":\"https:\\\/\\\/wipconsulting.it\\\/wp-content\\\/uploads\\\/2021\\\/08\\\/agcm.jpg\",\"datePublished\":\"2019-02-22T06:21:06+00:00\",\"dateModified\":\"2025-05-16T12:11:26+00:00\",\"description\":\"L\u2019Autorit\u00e0 Garante della Concorrenza e del Mercato ha accolto l\u2019esposto di FERPI relativo all\u2019applicazione della legge 150\\\/2000.\",\"breadcrumb\":{\"@id\":\"https:\\\/\\\/wipconsulting.it\\\/en\\\/agcm-una-svolta-per-laccesso-dei-comunicatori-alla-p-a\\\/#breadcrumb\"},\"inLanguage\":\"en-US\",\"potentialAction\":[{\"@type\":\"ReadAction\",\"target\":[\"https:\\\/\\\/wipconsulting.it\\\/en\\\/agcm-una-svolta-per-laccesso-dei-comunicatori-alla-p-a\\\/\"]}]},{\"@type\":\"ImageObject\",\"inLanguage\":\"en-US\",\"@id\":\"https:\\\/\\\/wipconsulting.it\\\/en\\\/agcm-una-svolta-per-laccesso-dei-comunicatori-alla-p-a\\\/#primaryimage\",\"url\":\"https:\\\/\\\/wipconsulting.it\\\/wp-content\\\/uploads\\\/2021\\\/08\\\/agcm.jpg\",\"contentUrl\":\"https:\\\/\\\/wipconsulting.it\\\/wp-content\\\/uploads\\\/2021\\\/08\\\/agcm.jpg\",\"width\":355,\"height\":142},{\"@type\":\"BreadcrumbList\",\"@id\":\"https:\\\/\\\/wipconsulting.it\\\/en\\\/agcm-una-svolta-per-laccesso-dei-comunicatori-alla-p-a\\\/#breadcrumb\",\"itemListElement\":[{\"@type\":\"ListItem\",\"position\":1,\"name\":\"Home\",\"item\":\"https:\\\/\\\/wipconsulting.it\\\/en\\\/home\\\/\"},{\"@type\":\"ListItem\",\"position\":2,\"name\":\"AGCM, una svolta per l&#8217;accesso dei Comunicatori alla P.A.\"}]},{\"@type\":\"WebSite\",\"@id\":\"https:\\\/\\\/wipconsulting.it\\\/en\\\/#website\",\"url\":\"https:\\\/\\\/wipconsulting.it\\\/en\\\/\",\"name\":\"wipconsulting.it\",\"description\":\"Formazione alle imprese\",\"publisher\":{\"@id\":\"https:\\\/\\\/wipconsulting.it\\\/en\\\/#organization\"},\"potentialAction\":[{\"@type\":\"SearchAction\",\"target\":{\"@type\":\"EntryPoint\",\"urlTemplate\":\"https:\\\/\\\/wipconsulting.it\\\/en\\\/?s={search_term_string}\"},\"query-input\":{\"@type\":\"PropertyValueSpecification\",\"valueRequired\":true,\"valueName\":\"search_term_string\"}}],\"inLanguage\":\"en-US\"},{\"@type\":\"Organization\",\"@id\":\"https:\\\/\\\/wipconsulting.it\\\/en\\\/#organization\",\"name\":\"WIP Consulting\",\"url\":\"https:\\\/\\\/wipconsulting.it\\\/en\\\/\",\"logo\":{\"@type\":\"ImageObject\",\"inLanguage\":\"en-US\",\"@id\":\"https:\\\/\\\/wipconsulting.it\\\/en\\\/#\\\/schema\\\/logo\\\/image\\\/\",\"url\":\"https:\\\/\\\/wipconsulting.it\\\/wp-content\\\/uploads\\\/2023\\\/12\\\/logo_wip_consulting_2colori_Registered_v02.svg\",\"contentUrl\":\"https:\\\/\\\/wipconsulting.it\\\/wp-content\\\/uploads\\\/2023\\\/12\\\/logo_wip_consulting_2colori_Registered_v02.svg\",\"caption\":\"WIP Consulting\"},\"image\":{\"@id\":\"https:\\\/\\\/wipconsulting.it\\\/en\\\/#\\\/schema\\\/logo\\\/image\\\/\"}},{\"@type\":\"Person\",\"@id\":\"https:\\\/\\\/wipconsulting.it\\\/en\\\/#\\\/schema\\\/person\\\/318ff9a7b71624aa81b8b0df2c70d8bd\",\"name\":\"admin\",\"image\":{\"@type\":\"ImageObject\",\"inLanguage\":\"en-US\",\"@id\":\"https:\\\/\\\/secure.gravatar.com\\\/avatar\\\/2abbf81cef02f96903b67cd91eed09563af3527b400364162912f7584e891ae3?s=96&d=mm&r=g\",\"url\":\"https:\\\/\\\/secure.gravatar.com\\\/avatar\\\/2abbf81cef02f96903b67cd91eed09563af3527b400364162912f7584e891ae3?s=96&d=mm&r=g\",\"contentUrl\":\"https:\\\/\\\/secure.gravatar.com\\\/avatar\\\/2abbf81cef02f96903b67cd91eed09563af3527b400364162912f7584e891ae3?s=96&d=mm&r=g\",\"caption\":\"admin\"},\"sameAs\":[\"https:\\\/\\\/wipconsulting.it\"],\"url\":\"https:\\\/\\\/wipconsulting.it\\\/en\\\/author\\\/admin\\\/\"}]}<\/script>\n<!-- \/ Yoast SEO plugin. -->","yoast_head_json":{"title":"AGCM, una svolta per l'accesso dei Comunicatori alla P.A.","description":"L\u2019Autorit\u00e0 Garante della Concorrenza e del Mercato ha accolto l\u2019esposto di FERPI relativo all\u2019applicazione della legge 150\/2000.","robots":{"index":"index","follow":"follow","max-snippet":"max-snippet:-1","max-image-preview":"max-image-preview:large","max-video-preview":"max-video-preview:-1"},"canonical":"https:\/\/wipconsulting.it\/en\/agcm-una-svolta-per-laccesso-dei-comunicatori-alla-p-a\/","og_locale":"en_US","og_type":"article","og_title":"AGCM, una svolta per l'accesso dei Comunicatori alla P.A.","og_description":"L\u2019Autorit\u00e0 Garante della Concorrenza e del Mercato ha accolto l\u2019esposto di FERPI relativo all\u2019applicazione della legge 150\/2000.","og_url":"https:\/\/wipconsulting.it\/en\/agcm-una-svolta-per-laccesso-dei-comunicatori-alla-p-a\/","og_site_name":"WIP Consulting | Consulenza strategica","article_published_time":"2019-02-22T06:21:06+00:00","article_modified_time":"2025-05-16T12:11:26+00:00","og_image":[{"width":355,"height":142,"url":"https:\/\/wipconsulting.it\/wp-content\/uploads\/2021\/08\/agcm.jpg","type":"image\/jpeg"}],"author":"admin","twitter_card":"summary_large_image","twitter_misc":{"Written by":"admin","Est. reading time":"3 minutes"},"schema":{"@context":"https:\/\/schema.org","@graph":[{"@type":"Article","@id":"https:\/\/wipconsulting.it\/en\/agcm-una-svolta-per-laccesso-dei-comunicatori-alla-p-a\/#article","isPartOf":{"@id":"https:\/\/wipconsulting.it\/en\/agcm-una-svolta-per-laccesso-dei-comunicatori-alla-p-a\/"},"author":{"name":"admin","@id":"https:\/\/wipconsulting.it\/en\/#\/schema\/person\/318ff9a7b71624aa81b8b0df2c70d8bd"},"headline":"AGCM, una svolta per l&#8217;accesso dei Comunicatori alla P.A.","datePublished":"2019-02-22T06:21:06+00:00","dateModified":"2025-05-16T12:11:26+00:00","mainEntityOfPage":{"@id":"https:\/\/wipconsulting.it\/en\/agcm-una-svolta-per-laccesso-dei-comunicatori-alla-p-a\/"},"wordCount":476,"publisher":{"@id":"https:\/\/wipconsulting.it\/en\/#organization"},"image":{"@id":"https:\/\/wipconsulting.it\/en\/agcm-una-svolta-per-laccesso-dei-comunicatori-alla-p-a\/#primaryimage"},"thumbnailUrl":"https:\/\/wipconsulting.it\/wp-content\/uploads\/2021\/08\/agcm.jpg","articleSection":["Comunicazione","Mercato del Lavoro"],"inLanguage":"en-US"},{"@type":"WebPage","@id":"https:\/\/wipconsulting.it\/en\/agcm-una-svolta-per-laccesso-dei-comunicatori-alla-p-a\/","url":"https:\/\/wipconsulting.it\/en\/agcm-una-svolta-per-laccesso-dei-comunicatori-alla-p-a\/","name":"AGCM, una svolta per l'accesso dei Comunicatori alla P.A.","isPartOf":{"@id":"https:\/\/wipconsulting.it\/en\/#website"},"primaryImageOfPage":{"@id":"https:\/\/wipconsulting.it\/en\/agcm-una-svolta-per-laccesso-dei-comunicatori-alla-p-a\/#primaryimage"},"image":{"@id":"https:\/\/wipconsulting.it\/en\/agcm-una-svolta-per-laccesso-dei-comunicatori-alla-p-a\/#primaryimage"},"thumbnailUrl":"https:\/\/wipconsulting.it\/wp-content\/uploads\/2021\/08\/agcm.jpg","datePublished":"2019-02-22T06:21:06+00:00","dateModified":"2025-05-16T12:11:26+00:00","description":"L\u2019Autorit\u00e0 Garante della Concorrenza e del Mercato ha accolto l\u2019esposto di FERPI relativo all\u2019applicazione della legge 150\/2000.","breadcrumb":{"@id":"https:\/\/wipconsulting.it\/en\/agcm-una-svolta-per-laccesso-dei-comunicatori-alla-p-a\/#breadcrumb"},"inLanguage":"en-US","potentialAction":[{"@type":"ReadAction","target":["https:\/\/wipconsulting.it\/en\/agcm-una-svolta-per-laccesso-dei-comunicatori-alla-p-a\/"]}]},{"@type":"ImageObject","inLanguage":"en-US","@id":"https:\/\/wipconsulting.it\/en\/agcm-una-svolta-per-laccesso-dei-comunicatori-alla-p-a\/#primaryimage","url":"https:\/\/wipconsulting.it\/wp-content\/uploads\/2021\/08\/agcm.jpg","contentUrl":"https:\/\/wipconsulting.it\/wp-content\/uploads\/2021\/08\/agcm.jpg","width":355,"height":142},{"@type":"BreadcrumbList","@id":"https:\/\/wipconsulting.it\/en\/agcm-una-svolta-per-laccesso-dei-comunicatori-alla-p-a\/#breadcrumb","itemListElement":[{"@type":"ListItem","position":1,"name":"Home","item":"https:\/\/wipconsulting.it\/en\/home\/"},{"@type":"ListItem","position":2,"name":"AGCM, una svolta per l&#8217;accesso dei Comunicatori alla P.A."}]},{"@type":"WebSite","@id":"https:\/\/wipconsulting.it\/en\/#website","url":"https:\/\/wipconsulting.it\/en\/","name":"wipconsulting.it","description":"Formazione alle imprese","publisher":{"@id":"https:\/\/wipconsulting.it\/en\/#organization"},"potentialAction":[{"@type":"SearchAction","target":{"@type":"EntryPoint","urlTemplate":"https:\/\/wipconsulting.it\/en\/?s={search_term_string}"},"query-input":{"@type":"PropertyValueSpecification","valueRequired":true,"valueName":"search_term_string"}}],"inLanguage":"en-US"},{"@type":"Organization","@id":"https:\/\/wipconsulting.it\/en\/#organization","name":"WIP Consulting","url":"https:\/\/wipconsulting.it\/en\/","logo":{"@type":"ImageObject","inLanguage":"en-US","@id":"https:\/\/wipconsulting.it\/en\/#\/schema\/logo\/image\/","url":"https:\/\/wipconsulting.it\/wp-content\/uploads\/2023\/12\/logo_wip_consulting_2colori_Registered_v02.svg","contentUrl":"https:\/\/wipconsulting.it\/wp-content\/uploads\/2023\/12\/logo_wip_consulting_2colori_Registered_v02.svg","caption":"WIP Consulting"},"image":{"@id":"https:\/\/wipconsulting.it\/en\/#\/schema\/logo\/image\/"}},{"@type":"Person","@id":"https:\/\/wipconsulting.it\/en\/#\/schema\/person\/318ff9a7b71624aa81b8b0df2c70d8bd","name":"admin","image":{"@type":"ImageObject","inLanguage":"en-US","@id":"https:\/\/secure.gravatar.com\/avatar\/2abbf81cef02f96903b67cd91eed09563af3527b400364162912f7584e891ae3?s=96&d=mm&r=g","url":"https:\/\/secure.gravatar.com\/avatar\/2abbf81cef02f96903b67cd91eed09563af3527b400364162912f7584e891ae3?s=96&d=mm&r=g","contentUrl":"https:\/\/secure.gravatar.com\/avatar\/2abbf81cef02f96903b67cd91eed09563af3527b400364162912f7584e891ae3?s=96&d=mm&r=g","caption":"admin"},"sameAs":["https:\/\/wipconsulting.it"],"url":"https:\/\/wipconsulting.it\/en\/author\/admin\/"}]}},"_links":{"self":[{"href":"https:\/\/wipconsulting.it\/en\/wp-json\/wp\/v2\/posts\/3796","targetHints":{"allow":["GET"]}}],"collection":[{"href":"https:\/\/wipconsulting.it\/en\/wp-json\/wp\/v2\/posts"}],"about":[{"href":"https:\/\/wipconsulting.it\/en\/wp-json\/wp\/v2\/types\/post"}],"author":[{"embeddable":true,"href":"https:\/\/wipconsulting.it\/en\/wp-json\/wp\/v2\/users\/1"}],"replies":[{"embeddable":true,"href":"https:\/\/wipconsulting.it\/en\/wp-json\/wp\/v2\/comments?post=3796"}],"version-history":[{"count":1,"href":"https:\/\/wipconsulting.it\/en\/wp-json\/wp\/v2\/posts\/3796\/revisions"}],"predecessor-version":[{"id":15313,"href":"https:\/\/wipconsulting.it\/en\/wp-json\/wp\/v2\/posts\/3796\/revisions\/15313"}],"wp:featuredmedia":[{"embeddable":true,"href":"https:\/\/wipconsulting.it\/en\/wp-json\/wp\/v2\/media\/1927"}],"wp:attachment":[{"href":"https:\/\/wipconsulting.it\/en\/wp-json\/wp\/v2\/media?parent=3796"}],"wp:term":[{"taxonomy":"category","embeddable":true,"href":"https:\/\/wipconsulting.it\/en\/wp-json\/wp\/v2\/categories?post=3796"},{"taxonomy":"post_tag","embeddable":true,"href":"https:\/\/wipconsulting.it\/en\/wp-json\/wp\/v2\/tags?post=3796"}],"curies":[{"name":"wp","href":"https:\/\/api.w.org\/{rel}","templated":true}]}}