{"id":3797,"date":"2019-03-01T00:00:00","date_gmt":"2019-03-01T00:00:00","guid":{"rendered":"https:\/\/wip.stefanobonetti.it\/2019\/01\/03\/certificazione-della-professione-un-altro-passo-avanti\/"},"modified":"2024-05-24T19:25:40","modified_gmt":"2024-05-24T17:25:40","slug":"certificazione-della-professione-un-altro-passo-avanti","status":"publish","type":"post","link":"https:\/\/wipconsulting.it\/en\/certificazione-della-professione-un-altro-passo-avanti\/","title":{"rendered":"Certificazione della professione, un altro passo avanti"},"content":{"rendered":"<p>In un contesto sociale ed economico nel quale la professione del Comunicatore sta precisando sempre meglio la sua peculiarit\u00e0 nel variegato universo dell\u2019informazione, l\u2019avvio della procedura di definizione della norma UNI, che definisce le caratteristiche del Comunicatore Professionista, assume un particolare significato anche per i relatori pubblici.<\/p>\n<p>In sede UNI il 28 febbraio scorso si \u00e8 riunito infatti il Gruppo di lavoro presieduto da Ferpi che ha il compito di determinare &#8211; attraverso indicatori di conoscenza, abilit\u00e0, competenza e titoli di esperienza &#8211; i requisiti che descrivono il Comunicatore professionista. E\u2019 attraverso la Norma cos\u00ec definita che i comunicatori potranno ottenere la certificazione della professione valida a livello internazionale.<\/p>\n<p>Per Ferpi significa completare il percorso di valorizzazione della professione iniziato con il riconoscimento di conformit\u00e0 alla Legge n.4\/2013\u00a0\u2212 che ha disciplinato le professioni non organizzate in Ordini o Collegi e prevede l\u2019autoregolamentazione volontaria per la qualifica delle figure professionali. Prevedere che un\u2019attivit\u00e0 lavorativa possa essere qualificata anche attraverso la\u00a0certificazione delle figure professionali, rilasciata da un organismo accreditato (Accredia, ente unico di accreditamento per gli organismi di certificazione), in conformit\u00e0 alla norma UNI definita per quella specifica funzione, rappresenta una novit\u00e0 per il panorama legislativo italiano in materia di professioni.<\/p>\n<p>Si passa infatti da un approccio di tipo amministrativo, basato sul sistema ordinistico o comunque su procedure autorizzatorie, ad un approccio diverso, pi\u00f9 legato al mercato.<\/p>\n<p>La certificazione di parte terza da parte di un organismo accreditato rispetto a un\u2019attestazione rilasciata unilateralmente ai propri soci da un ordine, pur prestigioso, determina un cambio di paradigma. Significa assumere come discriminante di qualit\u00e0 una deontologia che d\u00e0 valore alle garanzie per gli utenti e per il proprio mercato di riferimento sul servizio prestato.<\/p>\n<p>Per Ferpi aderire a una logica di posizionamento, che volge l\u2019attenzione agli stakeholder, al mercato e ai decisori, \u00e8 coerente con quanto svolto a sostegno della professione negli ultimi 50 anni, una conferma di quanto i professionisti che si riconoscono nella nostra associazione hanno perseguito nelle loro attivit\u00e0.<\/p>\n<p>Quindi in un mercato dell\u2019informazione con confini labili e con problemi reali di riconoscimento della veridicit\u00e0 poter ottenere una certificazione riconosciuta come indicatore di qualit\u00e0 del servizio erogato all\u2019interno del settore e a livello internazionale, rappresenta un punto di svolta destinato a designare una linea di demarcazione nell\u2019identificazione del Comunicatore professionista come soggetto focale nei processi comunicativi di aziende, enti, associazioni.<\/p>\n<p>L\u2019impegno di Ferpi per far s\u00ec che la Norma UNI di riferimento risponda con efficacia alle composite professionalit\u00e0 che possono identificarsi nel profilo di Comunicatore professionale \u00e8 iniziato da una richiesta di riflessione corale sulle definizioni di ruolo attualmente utilizzate con l\u2019intenzione di applicarle allo schema normativo. Nel primo step del percorso &#8211;\u00a0\u00a0la scheda pre-normativa approvata a fine gennaio &#8211;\u00a0\u00a0il\u00a0ruolo del comunicatore professionale \u00e8 definito come un&#8217;attivit\u00e0 manageriale a forte contenuto intellettuale, finalizzata alla definizione di obiettivi di comunicazione come asset strategico di sviluppo di istituzioni, organizzazioni pubbliche, private e non profit e di persone fisiche.\u00a0\u00a0Questo il punto fermo dal quale declinare i profili e le funzioni dei comunicatori con particolare attenzione a\u00a0creare rispondenza tra quanto effettivamente richiesto e applicato dal mercato e quanto la Norma prescrive e a\u00a0una corretta descrizione anche delle nuove professionalit\u00e0 che l\u2019utilizzo dei canali digitali ha creato.<\/p>\n<p><a href=\"https:\/\/www.ferpi.it\/news\/certificazione-al-via-procedura-di-definizione-della-norma-uni\">www.ferpi.it<\/a><\/p>\n","protected":false},"excerpt":{"rendered":"<p>In un contesto sociale ed economico nel quale la professione del Comunicatore sta precisando sempre meglio la sua peculiarit\u00e0 nel variegato universo dell\u2019informazione, l\u2019avvio della procedura di definizione della norma UNI, che definisce le caratteristiche del Comunicatore Professionista, assume un particolare significato anche per i relatori pubblici. In sede UNI il 28 febbraio scorso si [&hellip;]<\/p>\n","protected":false},"author":1,"featured_media":1926,"comment_status":"closed","ping_status":"closed","sticky":false,"template":"","format":"standard","meta":{"footnotes":""},"categories":[47,48],"tags":[],"class_list":["post-3797","post","type-post","status-publish","format-standard","has-post-thumbnail","hentry","category-comunicazione","category-mercato-del-lavoro"],"yoast_head":"<!-- This site is optimized with the Yoast SEO plugin v27.5 - https:\/\/yoast.com\/product\/yoast-seo-wordpress\/ -->\n<title>Certificazione della professione, un altro passo avanti<\/title>\n<meta name=\"description\" content=\"In sede UNI il 28 febbraio scorso si \u00e8 riunito il Gruppo di lavoro presieduto da Ferpi che ha il compito di determinare i requisiti che descrivono il Comunicatore professionista\" \/>\n<meta name=\"robots\" content=\"index, follow, max-snippet:-1, max-image-preview:large, max-video-preview:-1\" \/>\n<link rel=\"canonical\" href=\"https:\/\/wipconsulting.it\/en\/certificazione-della-professione-un-altro-passo-avanti\/\" \/>\n<meta property=\"og:locale\" content=\"en_US\" \/>\n<meta property=\"og:type\" content=\"article\" \/>\n<meta property=\"og:title\" content=\"Certificazione della professione, un altro passo avanti\" \/>\n<meta property=\"og:description\" content=\"In sede UNI il 28 febbraio scorso si \u00e8 riunito il Gruppo di lavoro presieduto da Ferpi che ha il compito di determinare i requisiti che descrivono il Comunicatore professionista\" \/>\n<meta property=\"og:url\" content=\"https:\/\/wipconsulting.it\/en\/certificazione-della-professione-un-altro-passo-avanti\/\" \/>\n<meta property=\"og:site_name\" content=\"WIP Consulting | Consulenza strategica\" \/>\n<meta property=\"article:published_time\" content=\"2019-03-01T00:00:00+00:00\" \/>\n<meta property=\"article:modified_time\" content=\"2024-05-24T17:25:40+00:00\" \/>\n<meta property=\"og:image\" content=\"https:\/\/wipconsulting.it\/wp-content\/uploads\/2021\/08\/uni.jpg\" \/>\n\t<meta property=\"og:image:width\" content=\"640\" \/>\n\t<meta property=\"og:image:height\" content=\"370\" \/>\n\t<meta property=\"og:image:type\" content=\"image\/jpeg\" \/>\n<meta name=\"author\" content=\"admin\" \/>\n<meta name=\"twitter:card\" content=\"summary_large_image\" \/>\n<meta name=\"twitter:label1\" content=\"Written by\" \/>\n\t<meta name=\"twitter:data1\" content=\"admin\" \/>\n\t<meta name=\"twitter:label2\" content=\"Est. reading time\" \/>\n\t<meta name=\"twitter:data2\" content=\"3 minutes\" \/>\n<script type=\"application\/ld+json\" class=\"yoast-schema-graph\">{\"@context\":\"https:\\\/\\\/schema.org\",\"@graph\":[{\"@type\":\"Article\",\"@id\":\"https:\\\/\\\/wipconsulting.it\\\/en\\\/certificazione-della-professione-un-altro-passo-avanti\\\/#article\",\"isPartOf\":{\"@id\":\"https:\\\/\\\/wipconsulting.it\\\/en\\\/certificazione-della-professione-un-altro-passo-avanti\\\/\"},\"author\":{\"name\":\"admin\",\"@id\":\"https:\\\/\\\/wipconsulting.it\\\/en\\\/#\\\/schema\\\/person\\\/318ff9a7b71624aa81b8b0df2c70d8bd\"},\"headline\":\"Certificazione della professione, un altro passo avanti\",\"datePublished\":\"2019-03-01T00:00:00+00:00\",\"dateModified\":\"2024-05-24T17:25:40+00:00\",\"mainEntityOfPage\":{\"@id\":\"https:\\\/\\\/wipconsulting.it\\\/en\\\/certificazione-della-professione-un-altro-passo-avanti\\\/\"},\"wordCount\":554,\"publisher\":{\"@id\":\"https:\\\/\\\/wipconsulting.it\\\/en\\\/#organization\"},\"image\":{\"@id\":\"https:\\\/\\\/wipconsulting.it\\\/en\\\/certificazione-della-professione-un-altro-passo-avanti\\\/#primaryimage\"},\"thumbnailUrl\":\"https:\\\/\\\/wipconsulting.it\\\/wp-content\\\/uploads\\\/2021\\\/08\\\/uni.jpg\",\"articleSection\":[\"Comunicazione\",\"Mercato del Lavoro\"],\"inLanguage\":\"en-US\"},{\"@type\":\"WebPage\",\"@id\":\"https:\\\/\\\/wipconsulting.it\\\/en\\\/certificazione-della-professione-un-altro-passo-avanti\\\/\",\"url\":\"https:\\\/\\\/wipconsulting.it\\\/en\\\/certificazione-della-professione-un-altro-passo-avanti\\\/\",\"name\":\"Certificazione della professione, un altro passo avanti\",\"isPartOf\":{\"@id\":\"https:\\\/\\\/wipconsulting.it\\\/en\\\/#website\"},\"primaryImageOfPage\":{\"@id\":\"https:\\\/\\\/wipconsulting.it\\\/en\\\/certificazione-della-professione-un-altro-passo-avanti\\\/#primaryimage\"},\"image\":{\"@id\":\"https:\\\/\\\/wipconsulting.it\\\/en\\\/certificazione-della-professione-un-altro-passo-avanti\\\/#primaryimage\"},\"thumbnailUrl\":\"https:\\\/\\\/wipconsulting.it\\\/wp-content\\\/uploads\\\/2021\\\/08\\\/uni.jpg\",\"datePublished\":\"2019-03-01T00:00:00+00:00\",\"dateModified\":\"2024-05-24T17:25:40+00:00\",\"description\":\"In sede UNI il 28 febbraio scorso si \u00e8 riunito il Gruppo di lavoro presieduto da Ferpi che ha il compito di determinare i requisiti che descrivono il Comunicatore professionista\",\"breadcrumb\":{\"@id\":\"https:\\\/\\\/wipconsulting.it\\\/en\\\/certificazione-della-professione-un-altro-passo-avanti\\\/#breadcrumb\"},\"inLanguage\":\"en-US\",\"potentialAction\":[{\"@type\":\"ReadAction\",\"target\":[\"https:\\\/\\\/wipconsulting.it\\\/en\\\/certificazione-della-professione-un-altro-passo-avanti\\\/\"]}]},{\"@type\":\"ImageObject\",\"inLanguage\":\"en-US\",\"@id\":\"https:\\\/\\\/wipconsulting.it\\\/en\\\/certificazione-della-professione-un-altro-passo-avanti\\\/#primaryimage\",\"url\":\"https:\\\/\\\/wipconsulting.it\\\/wp-content\\\/uploads\\\/2021\\\/08\\\/uni.jpg\",\"contentUrl\":\"https:\\\/\\\/wipconsulting.it\\\/wp-content\\\/uploads\\\/2021\\\/08\\\/uni.jpg\",\"width\":640,\"height\":370},{\"@type\":\"BreadcrumbList\",\"@id\":\"https:\\\/\\\/wipconsulting.it\\\/en\\\/certificazione-della-professione-un-altro-passo-avanti\\\/#breadcrumb\",\"itemListElement\":[{\"@type\":\"ListItem\",\"position\":1,\"name\":\"Home\",\"item\":\"https:\\\/\\\/wipconsulting.it\\\/en\\\/home\\\/\"},{\"@type\":\"ListItem\",\"position\":2,\"name\":\"Certificazione della professione, un altro passo avanti\"}]},{\"@type\":\"WebSite\",\"@id\":\"https:\\\/\\\/wipconsulting.it\\\/en\\\/#website\",\"url\":\"https:\\\/\\\/wipconsulting.it\\\/en\\\/\",\"name\":\"wipconsulting.it\",\"description\":\"Formazione alle imprese\",\"publisher\":{\"@id\":\"https:\\\/\\\/wipconsulting.it\\\/en\\\/#organization\"},\"potentialAction\":[{\"@type\":\"SearchAction\",\"target\":{\"@type\":\"EntryPoint\",\"urlTemplate\":\"https:\\\/\\\/wipconsulting.it\\\/en\\\/?s={search_term_string}\"},\"query-input\":{\"@type\":\"PropertyValueSpecification\",\"valueRequired\":true,\"valueName\":\"search_term_string\"}}],\"inLanguage\":\"en-US\"},{\"@type\":\"Organization\",\"@id\":\"https:\\\/\\\/wipconsulting.it\\\/en\\\/#organization\",\"name\":\"WIP Consulting\",\"url\":\"https:\\\/\\\/wipconsulting.it\\\/en\\\/\",\"logo\":{\"@type\":\"ImageObject\",\"inLanguage\":\"en-US\",\"@id\":\"https:\\\/\\\/wipconsulting.it\\\/en\\\/#\\\/schema\\\/logo\\\/image\\\/\",\"url\":\"https:\\\/\\\/wipconsulting.it\\\/wp-content\\\/uploads\\\/2023\\\/12\\\/logo_wip_consulting_2colori_Registered_v02.svg\",\"contentUrl\":\"https:\\\/\\\/wipconsulting.it\\\/wp-content\\\/uploads\\\/2023\\\/12\\\/logo_wip_consulting_2colori_Registered_v02.svg\",\"caption\":\"WIP Consulting\"},\"image\":{\"@id\":\"https:\\\/\\\/wipconsulting.it\\\/en\\\/#\\\/schema\\\/logo\\\/image\\\/\"}},{\"@type\":\"Person\",\"@id\":\"https:\\\/\\\/wipconsulting.it\\\/en\\\/#\\\/schema\\\/person\\\/318ff9a7b71624aa81b8b0df2c70d8bd\",\"name\":\"admin\",\"image\":{\"@type\":\"ImageObject\",\"inLanguage\":\"en-US\",\"@id\":\"https:\\\/\\\/secure.gravatar.com\\\/avatar\\\/2abbf81cef02f96903b67cd91eed09563af3527b400364162912f7584e891ae3?s=96&d=mm&r=g\",\"url\":\"https:\\\/\\\/secure.gravatar.com\\\/avatar\\\/2abbf81cef02f96903b67cd91eed09563af3527b400364162912f7584e891ae3?s=96&d=mm&r=g\",\"contentUrl\":\"https:\\\/\\\/secure.gravatar.com\\\/avatar\\\/2abbf81cef02f96903b67cd91eed09563af3527b400364162912f7584e891ae3?s=96&d=mm&r=g\",\"caption\":\"admin\"},\"sameAs\":[\"https:\\\/\\\/wipconsulting.it\"],\"url\":\"https:\\\/\\\/wipconsulting.it\\\/en\\\/author\\\/admin\\\/\"}]}<\/script>\n<!-- \/ Yoast SEO plugin. -->","yoast_head_json":{"title":"Certificazione della professione, un altro passo avanti","description":"In sede UNI il 28 febbraio scorso si \u00e8 riunito il Gruppo di lavoro presieduto da Ferpi che ha il compito di determinare i requisiti che descrivono il Comunicatore professionista","robots":{"index":"index","follow":"follow","max-snippet":"max-snippet:-1","max-image-preview":"max-image-preview:large","max-video-preview":"max-video-preview:-1"},"canonical":"https:\/\/wipconsulting.it\/en\/certificazione-della-professione-un-altro-passo-avanti\/","og_locale":"en_US","og_type":"article","og_title":"Certificazione della professione, un altro passo avanti","og_description":"In sede UNI il 28 febbraio scorso si \u00e8 riunito il Gruppo di lavoro presieduto da Ferpi che ha il compito di determinare i requisiti che descrivono il Comunicatore professionista","og_url":"https:\/\/wipconsulting.it\/en\/certificazione-della-professione-un-altro-passo-avanti\/","og_site_name":"WIP Consulting | Consulenza strategica","article_published_time":"2019-03-01T00:00:00+00:00","article_modified_time":"2024-05-24T17:25:40+00:00","og_image":[{"width":640,"height":370,"url":"https:\/\/wipconsulting.it\/wp-content\/uploads\/2021\/08\/uni.jpg","type":"image\/jpeg"}],"author":"admin","twitter_card":"summary_large_image","twitter_misc":{"Written by":"admin","Est. reading time":"3 minutes"},"schema":{"@context":"https:\/\/schema.org","@graph":[{"@type":"Article","@id":"https:\/\/wipconsulting.it\/en\/certificazione-della-professione-un-altro-passo-avanti\/#article","isPartOf":{"@id":"https:\/\/wipconsulting.it\/en\/certificazione-della-professione-un-altro-passo-avanti\/"},"author":{"name":"admin","@id":"https:\/\/wipconsulting.it\/en\/#\/schema\/person\/318ff9a7b71624aa81b8b0df2c70d8bd"},"headline":"Certificazione della professione, un altro passo avanti","datePublished":"2019-03-01T00:00:00+00:00","dateModified":"2024-05-24T17:25:40+00:00","mainEntityOfPage":{"@id":"https:\/\/wipconsulting.it\/en\/certificazione-della-professione-un-altro-passo-avanti\/"},"wordCount":554,"publisher":{"@id":"https:\/\/wipconsulting.it\/en\/#organization"},"image":{"@id":"https:\/\/wipconsulting.it\/en\/certificazione-della-professione-un-altro-passo-avanti\/#primaryimage"},"thumbnailUrl":"https:\/\/wipconsulting.it\/wp-content\/uploads\/2021\/08\/uni.jpg","articleSection":["Comunicazione","Mercato del Lavoro"],"inLanguage":"en-US"},{"@type":"WebPage","@id":"https:\/\/wipconsulting.it\/en\/certificazione-della-professione-un-altro-passo-avanti\/","url":"https:\/\/wipconsulting.it\/en\/certificazione-della-professione-un-altro-passo-avanti\/","name":"Certificazione della professione, un altro passo avanti","isPartOf":{"@id":"https:\/\/wipconsulting.it\/en\/#website"},"primaryImageOfPage":{"@id":"https:\/\/wipconsulting.it\/en\/certificazione-della-professione-un-altro-passo-avanti\/#primaryimage"},"image":{"@id":"https:\/\/wipconsulting.it\/en\/certificazione-della-professione-un-altro-passo-avanti\/#primaryimage"},"thumbnailUrl":"https:\/\/wipconsulting.it\/wp-content\/uploads\/2021\/08\/uni.jpg","datePublished":"2019-03-01T00:00:00+00:00","dateModified":"2024-05-24T17:25:40+00:00","description":"In sede UNI il 28 febbraio scorso si \u00e8 riunito il Gruppo di lavoro presieduto da Ferpi che ha il compito di determinare i requisiti che descrivono il Comunicatore professionista","breadcrumb":{"@id":"https:\/\/wipconsulting.it\/en\/certificazione-della-professione-un-altro-passo-avanti\/#breadcrumb"},"inLanguage":"en-US","potentialAction":[{"@type":"ReadAction","target":["https:\/\/wipconsulting.it\/en\/certificazione-della-professione-un-altro-passo-avanti\/"]}]},{"@type":"ImageObject","inLanguage":"en-US","@id":"https:\/\/wipconsulting.it\/en\/certificazione-della-professione-un-altro-passo-avanti\/#primaryimage","url":"https:\/\/wipconsulting.it\/wp-content\/uploads\/2021\/08\/uni.jpg","contentUrl":"https:\/\/wipconsulting.it\/wp-content\/uploads\/2021\/08\/uni.jpg","width":640,"height":370},{"@type":"BreadcrumbList","@id":"https:\/\/wipconsulting.it\/en\/certificazione-della-professione-un-altro-passo-avanti\/#breadcrumb","itemListElement":[{"@type":"ListItem","position":1,"name":"Home","item":"https:\/\/wipconsulting.it\/en\/home\/"},{"@type":"ListItem","position":2,"name":"Certificazione della professione, un altro passo avanti"}]},{"@type":"WebSite","@id":"https:\/\/wipconsulting.it\/en\/#website","url":"https:\/\/wipconsulting.it\/en\/","name":"wipconsulting.it","description":"Formazione alle imprese","publisher":{"@id":"https:\/\/wipconsulting.it\/en\/#organization"},"potentialAction":[{"@type":"SearchAction","target":{"@type":"EntryPoint","urlTemplate":"https:\/\/wipconsulting.it\/en\/?s={search_term_string}"},"query-input":{"@type":"PropertyValueSpecification","valueRequired":true,"valueName":"search_term_string"}}],"inLanguage":"en-US"},{"@type":"Organization","@id":"https:\/\/wipconsulting.it\/en\/#organization","name":"WIP Consulting","url":"https:\/\/wipconsulting.it\/en\/","logo":{"@type":"ImageObject","inLanguage":"en-US","@id":"https:\/\/wipconsulting.it\/en\/#\/schema\/logo\/image\/","url":"https:\/\/wipconsulting.it\/wp-content\/uploads\/2023\/12\/logo_wip_consulting_2colori_Registered_v02.svg","contentUrl":"https:\/\/wipconsulting.it\/wp-content\/uploads\/2023\/12\/logo_wip_consulting_2colori_Registered_v02.svg","caption":"WIP Consulting"},"image":{"@id":"https:\/\/wipconsulting.it\/en\/#\/schema\/logo\/image\/"}},{"@type":"Person","@id":"https:\/\/wipconsulting.it\/en\/#\/schema\/person\/318ff9a7b71624aa81b8b0df2c70d8bd","name":"admin","image":{"@type":"ImageObject","inLanguage":"en-US","@id":"https:\/\/secure.gravatar.com\/avatar\/2abbf81cef02f96903b67cd91eed09563af3527b400364162912f7584e891ae3?s=96&d=mm&r=g","url":"https:\/\/secure.gravatar.com\/avatar\/2abbf81cef02f96903b67cd91eed09563af3527b400364162912f7584e891ae3?s=96&d=mm&r=g","contentUrl":"https:\/\/secure.gravatar.com\/avatar\/2abbf81cef02f96903b67cd91eed09563af3527b400364162912f7584e891ae3?s=96&d=mm&r=g","caption":"admin"},"sameAs":["https:\/\/wipconsulting.it"],"url":"https:\/\/wipconsulting.it\/en\/author\/admin\/"}]}},"_links":{"self":[{"href":"https:\/\/wipconsulting.it\/en\/wp-json\/wp\/v2\/posts\/3797","targetHints":{"allow":["GET"]}}],"collection":[{"href":"https:\/\/wipconsulting.it\/en\/wp-json\/wp\/v2\/posts"}],"about":[{"href":"https:\/\/wipconsulting.it\/en\/wp-json\/wp\/v2\/types\/post"}],"author":[{"embeddable":true,"href":"https:\/\/wipconsulting.it\/en\/wp-json\/wp\/v2\/users\/1"}],"replies":[{"embeddable":true,"href":"https:\/\/wipconsulting.it\/en\/wp-json\/wp\/v2\/comments?post=3797"}],"version-history":[{"count":1,"href":"https:\/\/wipconsulting.it\/en\/wp-json\/wp\/v2\/posts\/3797\/revisions"}],"predecessor-version":[{"id":10521,"href":"https:\/\/wipconsulting.it\/en\/wp-json\/wp\/v2\/posts\/3797\/revisions\/10521"}],"wp:featuredmedia":[{"embeddable":true,"href":"https:\/\/wipconsulting.it\/en\/wp-json\/wp\/v2\/media\/1926"}],"wp:attachment":[{"href":"https:\/\/wipconsulting.it\/en\/wp-json\/wp\/v2\/media?parent=3797"}],"wp:term":[{"taxonomy":"category","embeddable":true,"href":"https:\/\/wipconsulting.it\/en\/wp-json\/wp\/v2\/categories?post=3797"},{"taxonomy":"post_tag","embeddable":true,"href":"https:\/\/wipconsulting.it\/en\/wp-json\/wp\/v2\/tags?post=3797"}],"curies":[{"name":"wp","href":"https:\/\/api.w.org\/{rel}","templated":true}]}}