{"id":3825,"date":"2019-07-05T00:00:00","date_gmt":"2019-07-05T00:00:00","guid":{"rendered":"https:\/\/wip.stefanobonetti.it\/2019\/05\/07\/giornalisti-e-comunicatori-necessario-lavorare-insieme-per-definire-le-nuove-professioni\/"},"modified":"2024-05-24T19:21:08","modified_gmt":"2024-05-24T17:21:08","slug":"giornalisti-e-comunicatori-necessario-lavorare-insieme-per-definire-le-nuove-professioni","status":"publish","type":"post","link":"https:\/\/wipconsulting.it\/en\/giornalisti-e-comunicatori-necessario-lavorare-insieme-per-definire-le-nuove-professioni\/","title":{"rendered":"Giornalisti e comunicatori, necessario lavorare insieme per definire le nuove professioni"},"content":{"rendered":"<p>di Rita Palumbo<\/p>\n<p>Gli incontri pubblici degli Stati Generali dell\u2019Informazione e dell\u2019Editoria si sono conclusi tra grandi assenti, rivendicazioni, speranze e la dichiarata amarezza del\u00a0<a href=\"https:\/\/www.primaonline.it\/2019\/07\/04\/291829\/stati-generali-delleditoria-conclusi-gli-incontri-pubblici-assenti-i-giornalisti-crimi-rendo-atto-con-tanta-amarezza\/\">Sottosegretario Vittorio Crimi<\/a>, per l\u2019occasione mancata di un confronto costruttivo con i\u00a0<a href=\"http:\/\/www.fnsi.it\/stati-generali-delleditoria-lorusso-crimi-getta-la-maschera-vuole-indebolire-linformazione-e-cancellare-il-lavoro\">vertici degli enti di governo dei giornalisti.<\/a><\/p>\n<p>Ci\u00f2 nonostante \u00e8 stata un\u2019occasione pi\u00f9 che interessante per ascoltare le tante anime del giornalismo, che \u2013 anche se con visioni opposte \u2013 hanno confermato una preoccupante realt\u00e0: la crisi del settore editoriale in ritardo di dieci anni nel rispondere adeguatamente alle conseguenze imposto dal web e della digitalizzazione.<\/p>\n<p>Il giornalismo \u00e8 morto? Nient\u2019affatto. Il giornalismo con i vecchi modelli di business editoriali \u00e8 in crisi? Non ci sono dubbi. Il merito di Crimi, al di l\u00e0 delle polemiche e delle interpretazioni, \u00e8 quello di aver aperto il dibattito sul mercato dell\u2019informazione e della produzione dei contenuti, di aver consentito un confronto tra profili professionali che hanno diversi obiettivi di scopo rispetto a quelli del giornalista, ma che spesso si trovano insieme a gestire canali e contenuti.<\/p>\n<p>Il futuro prossimo venturo \u00e8 tutto da scrivere. Ed \u00e8 per questo che FERPI &#8211; sia il 4 giugno quando ha partecipato al dibattito sulle nuove professioni della comunicazione, sia nell\u2019ultimo incontro del 4 luglio &#8211;\u00a0<a href=\"https:\/\/www.facebook.com\/vitoclaudiocrimi\/videos\/505784413503772\/UzpfSTU0NTM0MTExNTQ3NzEzODoyNjI1NDQzNzc3NDY2ODUx\/\" target=\"_blank\" rel=\"noopener noreferrer\">ha ribadito la propria proposta<\/a>: istituire fin da subito un tavolo permanente tra governo, giornalisti, comunicatori e stakeholder economici per trovare soluzioni che garantiscano la valorizzazione economica e la dignit\u00e0 previdenziale di entrambe le categorie.<\/p>\n<p>Un tema molto sofferto, che divide i giornalisti per posizioni contrastanti, riguarda\u00a0<a href=\"https:\/\/unitasindacalefnsi.wordpress.com\/2019\/06\/19\/crisiinpgi1-entro-12-mesi-un-nuovo-massacro-per-le-nostre-pensioni\/\">INPGI, l\u2019istituto di previdenza della categoria in default<\/a>. Anche se l\u2019emendamento del governo ha spostato di qualche mese l\u2019ipotesi della \u201cdeportazione contributiva\u201d dei comunicatori in INPGI, FERPI ha ribadito il suo no, delegando sempre a quel tavolo di lavoro permanente il compito di individuare e gestire in modo adeguato le dinamiche economiche e legislative del mercato del lavoro dell\u2019informazione, dell\u2019editoria e della comunicazione per:<\/p>\n<p>1. Cancellare ogni infondata e immotivata contrapposizione tra giornalisti e comunicatori<br \/>\n2.\u00a0Valorizzare le differenti competenze e gestire le evoluzioni imposte dalla digitalizzazione nel rispetto degli obblighi deontologici.<br \/>\n3.\u00a0Costruire norme contrattuali a sostegno e a difesa delle diverse professionalit\u00e0 che garantiscano le pensioni di tutti gli operatori dell\u2019informazione e della comunicazione attraverso la costituzione di una Gestione INPS dedicata.<\/p>\n","protected":false},"excerpt":{"rendered":"<p>di Rita Palumbo Gli incontri pubblici degli Stati Generali dell\u2019Informazione e dell\u2019Editoria si sono conclusi tra grandi assenti, rivendicazioni, speranze e la dichiarata amarezza del\u00a0Sottosegretario Vittorio Crimi, per l\u2019occasione mancata di un confronto costruttivo con i\u00a0vertici degli enti di governo dei giornalisti. Ci\u00f2 nonostante \u00e8 stata un\u2019occasione pi\u00f9 che interessante per ascoltare le tante anime [&hellip;]<\/p>\n","protected":false},"author":1,"featured_media":1918,"comment_status":"closed","ping_status":"closed","sticky":false,"template":"","format":"standard","meta":{"footnotes":""},"categories":[47],"tags":[],"class_list":["post-3825","post","type-post","status-publish","format-standard","has-post-thumbnail","hentry","category-comunicazione"],"yoast_head":"<!-- This site is optimized with the Yoast SEO plugin v27.5 - https:\/\/yoast.com\/product\/yoast-seo-wordpress\/ -->\n<title>Giornalisti e comunicatori, necessario lavorare insieme per definire le nuove professioni<\/title>\n<meta name=\"description\" content=\"Gli incontri pubblici degli Stati Generali dell\u2019Informazione e dell\u2019Editoria si sono conclusi: l\u2019occasione mancata di un confronto costruttivo con i\u00a0vertici degli enti di governo dei giornalisti.\" \/>\n<meta name=\"robots\" content=\"index, follow, max-snippet:-1, max-image-preview:large, max-video-preview:-1\" \/>\n<link rel=\"canonical\" href=\"https:\/\/wipconsulting.it\/en\/giornalisti-e-comunicatori-necessario-lavorare-insieme-per-definire-le-nuove-professioni\/\" \/>\n<meta property=\"og:locale\" content=\"en_US\" \/>\n<meta property=\"og:type\" content=\"article\" \/>\n<meta property=\"og:title\" content=\"Giornalisti e comunicatori, necessario lavorare insieme per definire le nuove professioni\" \/>\n<meta property=\"og:description\" content=\"Gli incontri pubblici degli Stati Generali dell\u2019Informazione e dell\u2019Editoria si sono conclusi: l\u2019occasione mancata di un confronto costruttivo con i\u00a0vertici degli enti di governo dei giornalisti.\" \/>\n<meta property=\"og:url\" content=\"https:\/\/wipconsulting.it\/en\/giornalisti-e-comunicatori-necessario-lavorare-insieme-per-definire-le-nuove-professioni\/\" \/>\n<meta property=\"og:site_name\" content=\"WIP Consulting | Consulenza strategica\" \/>\n<meta property=\"article:published_time\" content=\"2019-07-05T00:00:00+00:00\" \/>\n<meta property=\"article:modified_time\" content=\"2024-05-24T17:21:08+00:00\" \/>\n<meta property=\"og:image\" content=\"https:\/\/wipconsulting.it\/wp-content\/uploads\/2021\/08\/vito-crimi.jpg\" \/>\n\t<meta property=\"og:image:width\" content=\"730\" \/>\n\t<meta property=\"og:image:height\" content=\"531\" \/>\n\t<meta property=\"og:image:type\" content=\"image\/jpeg\" \/>\n<meta name=\"author\" content=\"admin\" \/>\n<meta name=\"twitter:card\" content=\"summary_large_image\" \/>\n<meta name=\"twitter:label1\" content=\"Written by\" \/>\n\t<meta name=\"twitter:data1\" content=\"admin\" \/>\n\t<meta name=\"twitter:label2\" content=\"Est. reading time\" \/>\n\t<meta name=\"twitter:data2\" content=\"2 minutes\" \/>\n<script type=\"application\/ld+json\" class=\"yoast-schema-graph\">{\"@context\":\"https:\\\/\\\/schema.org\",\"@graph\":[{\"@type\":\"Article\",\"@id\":\"https:\\\/\\\/wipconsulting.it\\\/en\\\/giornalisti-e-comunicatori-necessario-lavorare-insieme-per-definire-le-nuove-professioni\\\/#article\",\"isPartOf\":{\"@id\":\"https:\\\/\\\/wipconsulting.it\\\/en\\\/giornalisti-e-comunicatori-necessario-lavorare-insieme-per-definire-le-nuove-professioni\\\/\"},\"author\":{\"name\":\"admin\",\"@id\":\"https:\\\/\\\/wipconsulting.it\\\/en\\\/#\\\/schema\\\/person\\\/318ff9a7b71624aa81b8b0df2c70d8bd\"},\"headline\":\"Giornalisti e comunicatori, necessario lavorare insieme per definire le nuove professioni\",\"datePublished\":\"2019-07-05T00:00:00+00:00\",\"dateModified\":\"2024-05-24T17:21:08+00:00\",\"mainEntityOfPage\":{\"@id\":\"https:\\\/\\\/wipconsulting.it\\\/en\\\/giornalisti-e-comunicatori-necessario-lavorare-insieme-per-definire-le-nuove-professioni\\\/\"},\"wordCount\":389,\"publisher\":{\"@id\":\"https:\\\/\\\/wipconsulting.it\\\/en\\\/#organization\"},\"image\":{\"@id\":\"https:\\\/\\\/wipconsulting.it\\\/en\\\/giornalisti-e-comunicatori-necessario-lavorare-insieme-per-definire-le-nuove-professioni\\\/#primaryimage\"},\"thumbnailUrl\":\"https:\\\/\\\/wipconsulting.it\\\/wp-content\\\/uploads\\\/2021\\\/08\\\/vito-crimi.jpg\",\"articleSection\":[\"Comunicazione\"],\"inLanguage\":\"en-US\"},{\"@type\":\"WebPage\",\"@id\":\"https:\\\/\\\/wipconsulting.it\\\/en\\\/giornalisti-e-comunicatori-necessario-lavorare-insieme-per-definire-le-nuove-professioni\\\/\",\"url\":\"https:\\\/\\\/wipconsulting.it\\\/en\\\/giornalisti-e-comunicatori-necessario-lavorare-insieme-per-definire-le-nuove-professioni\\\/\",\"name\":\"Giornalisti e comunicatori, necessario lavorare insieme per definire le nuove professioni\",\"isPartOf\":{\"@id\":\"https:\\\/\\\/wipconsulting.it\\\/en\\\/#website\"},\"primaryImageOfPage\":{\"@id\":\"https:\\\/\\\/wipconsulting.it\\\/en\\\/giornalisti-e-comunicatori-necessario-lavorare-insieme-per-definire-le-nuove-professioni\\\/#primaryimage\"},\"image\":{\"@id\":\"https:\\\/\\\/wipconsulting.it\\\/en\\\/giornalisti-e-comunicatori-necessario-lavorare-insieme-per-definire-le-nuove-professioni\\\/#primaryimage\"},\"thumbnailUrl\":\"https:\\\/\\\/wipconsulting.it\\\/wp-content\\\/uploads\\\/2021\\\/08\\\/vito-crimi.jpg\",\"datePublished\":\"2019-07-05T00:00:00+00:00\",\"dateModified\":\"2024-05-24T17:21:08+00:00\",\"description\":\"Gli incontri pubblici degli Stati Generali dell\u2019Informazione e dell\u2019Editoria si sono conclusi: l\u2019occasione mancata di un confronto costruttivo con i\u00a0vertici degli enti di governo dei giornalisti.\",\"breadcrumb\":{\"@id\":\"https:\\\/\\\/wipconsulting.it\\\/en\\\/giornalisti-e-comunicatori-necessario-lavorare-insieme-per-definire-le-nuove-professioni\\\/#breadcrumb\"},\"inLanguage\":\"en-US\",\"potentialAction\":[{\"@type\":\"ReadAction\",\"target\":[\"https:\\\/\\\/wipconsulting.it\\\/en\\\/giornalisti-e-comunicatori-necessario-lavorare-insieme-per-definire-le-nuove-professioni\\\/\"]}]},{\"@type\":\"ImageObject\",\"inLanguage\":\"en-US\",\"@id\":\"https:\\\/\\\/wipconsulting.it\\\/en\\\/giornalisti-e-comunicatori-necessario-lavorare-insieme-per-definire-le-nuove-professioni\\\/#primaryimage\",\"url\":\"https:\\\/\\\/wipconsulting.it\\\/wp-content\\\/uploads\\\/2021\\\/08\\\/vito-crimi.jpg\",\"contentUrl\":\"https:\\\/\\\/wipconsulting.it\\\/wp-content\\\/uploads\\\/2021\\\/08\\\/vito-crimi.jpg\",\"width\":730,\"height\":531},{\"@type\":\"BreadcrumbList\",\"@id\":\"https:\\\/\\\/wipconsulting.it\\\/en\\\/giornalisti-e-comunicatori-necessario-lavorare-insieme-per-definire-le-nuove-professioni\\\/#breadcrumb\",\"itemListElement\":[{\"@type\":\"ListItem\",\"position\":1,\"name\":\"Home\",\"item\":\"https:\\\/\\\/wipconsulting.it\\\/en\\\/home\\\/\"},{\"@type\":\"ListItem\",\"position\":2,\"name\":\"Giornalisti e comunicatori, necessario lavorare insieme per definire le nuove professioni\"}]},{\"@type\":\"WebSite\",\"@id\":\"https:\\\/\\\/wipconsulting.it\\\/en\\\/#website\",\"url\":\"https:\\\/\\\/wipconsulting.it\\\/en\\\/\",\"name\":\"wipconsulting.it\",\"description\":\"Formazione alle imprese\",\"publisher\":{\"@id\":\"https:\\\/\\\/wipconsulting.it\\\/en\\\/#organization\"},\"potentialAction\":[{\"@type\":\"SearchAction\",\"target\":{\"@type\":\"EntryPoint\",\"urlTemplate\":\"https:\\\/\\\/wipconsulting.it\\\/en\\\/?s={search_term_string}\"},\"query-input\":{\"@type\":\"PropertyValueSpecification\",\"valueRequired\":true,\"valueName\":\"search_term_string\"}}],\"inLanguage\":\"en-US\"},{\"@type\":\"Organization\",\"@id\":\"https:\\\/\\\/wipconsulting.it\\\/en\\\/#organization\",\"name\":\"WIP Consulting\",\"url\":\"https:\\\/\\\/wipconsulting.it\\\/en\\\/\",\"logo\":{\"@type\":\"ImageObject\",\"inLanguage\":\"en-US\",\"@id\":\"https:\\\/\\\/wipconsulting.it\\\/en\\\/#\\\/schema\\\/logo\\\/image\\\/\",\"url\":\"https:\\\/\\\/wipconsulting.it\\\/wp-content\\\/uploads\\\/2023\\\/12\\\/logo_wip_consulting_2colori_Registered_v02.svg\",\"contentUrl\":\"https:\\\/\\\/wipconsulting.it\\\/wp-content\\\/uploads\\\/2023\\\/12\\\/logo_wip_consulting_2colori_Registered_v02.svg\",\"caption\":\"WIP Consulting\"},\"image\":{\"@id\":\"https:\\\/\\\/wipconsulting.it\\\/en\\\/#\\\/schema\\\/logo\\\/image\\\/\"}},{\"@type\":\"Person\",\"@id\":\"https:\\\/\\\/wipconsulting.it\\\/en\\\/#\\\/schema\\\/person\\\/318ff9a7b71624aa81b8b0df2c70d8bd\",\"name\":\"admin\",\"image\":{\"@type\":\"ImageObject\",\"inLanguage\":\"en-US\",\"@id\":\"https:\\\/\\\/secure.gravatar.com\\\/avatar\\\/2abbf81cef02f96903b67cd91eed09563af3527b400364162912f7584e891ae3?s=96&d=mm&r=g\",\"url\":\"https:\\\/\\\/secure.gravatar.com\\\/avatar\\\/2abbf81cef02f96903b67cd91eed09563af3527b400364162912f7584e891ae3?s=96&d=mm&r=g\",\"contentUrl\":\"https:\\\/\\\/secure.gravatar.com\\\/avatar\\\/2abbf81cef02f96903b67cd91eed09563af3527b400364162912f7584e891ae3?s=96&d=mm&r=g\",\"caption\":\"admin\"},\"sameAs\":[\"https:\\\/\\\/wipconsulting.it\"],\"url\":\"https:\\\/\\\/wipconsulting.it\\\/en\\\/author\\\/admin\\\/\"}]}<\/script>\n<!-- \/ Yoast SEO plugin. -->","yoast_head_json":{"title":"Giornalisti e comunicatori, necessario lavorare insieme per definire le nuove professioni","description":"Gli incontri pubblici degli Stati Generali dell\u2019Informazione e dell\u2019Editoria si sono conclusi: l\u2019occasione mancata di un confronto costruttivo con i\u00a0vertici degli enti di governo dei giornalisti.","robots":{"index":"index","follow":"follow","max-snippet":"max-snippet:-1","max-image-preview":"max-image-preview:large","max-video-preview":"max-video-preview:-1"},"canonical":"https:\/\/wipconsulting.it\/en\/giornalisti-e-comunicatori-necessario-lavorare-insieme-per-definire-le-nuove-professioni\/","og_locale":"en_US","og_type":"article","og_title":"Giornalisti e comunicatori, necessario lavorare insieme per definire le nuove professioni","og_description":"Gli incontri pubblici degli Stati Generali dell\u2019Informazione e dell\u2019Editoria si sono conclusi: l\u2019occasione mancata di un confronto costruttivo con i\u00a0vertici degli enti di governo dei giornalisti.","og_url":"https:\/\/wipconsulting.it\/en\/giornalisti-e-comunicatori-necessario-lavorare-insieme-per-definire-le-nuove-professioni\/","og_site_name":"WIP Consulting | Consulenza strategica","article_published_time":"2019-07-05T00:00:00+00:00","article_modified_time":"2024-05-24T17:21:08+00:00","og_image":[{"width":730,"height":531,"url":"https:\/\/wipconsulting.it\/wp-content\/uploads\/2021\/08\/vito-crimi.jpg","type":"image\/jpeg"}],"author":"admin","twitter_card":"summary_large_image","twitter_misc":{"Written by":"admin","Est. reading time":"2 minutes"},"schema":{"@context":"https:\/\/schema.org","@graph":[{"@type":"Article","@id":"https:\/\/wipconsulting.it\/en\/giornalisti-e-comunicatori-necessario-lavorare-insieme-per-definire-le-nuove-professioni\/#article","isPartOf":{"@id":"https:\/\/wipconsulting.it\/en\/giornalisti-e-comunicatori-necessario-lavorare-insieme-per-definire-le-nuove-professioni\/"},"author":{"name":"admin","@id":"https:\/\/wipconsulting.it\/en\/#\/schema\/person\/318ff9a7b71624aa81b8b0df2c70d8bd"},"headline":"Giornalisti e comunicatori, necessario lavorare insieme per definire le nuove professioni","datePublished":"2019-07-05T00:00:00+00:00","dateModified":"2024-05-24T17:21:08+00:00","mainEntityOfPage":{"@id":"https:\/\/wipconsulting.it\/en\/giornalisti-e-comunicatori-necessario-lavorare-insieme-per-definire-le-nuove-professioni\/"},"wordCount":389,"publisher":{"@id":"https:\/\/wipconsulting.it\/en\/#organization"},"image":{"@id":"https:\/\/wipconsulting.it\/en\/giornalisti-e-comunicatori-necessario-lavorare-insieme-per-definire-le-nuove-professioni\/#primaryimage"},"thumbnailUrl":"https:\/\/wipconsulting.it\/wp-content\/uploads\/2021\/08\/vito-crimi.jpg","articleSection":["Comunicazione"],"inLanguage":"en-US"},{"@type":"WebPage","@id":"https:\/\/wipconsulting.it\/en\/giornalisti-e-comunicatori-necessario-lavorare-insieme-per-definire-le-nuove-professioni\/","url":"https:\/\/wipconsulting.it\/en\/giornalisti-e-comunicatori-necessario-lavorare-insieme-per-definire-le-nuove-professioni\/","name":"Giornalisti e comunicatori, necessario lavorare insieme per definire le nuove professioni","isPartOf":{"@id":"https:\/\/wipconsulting.it\/en\/#website"},"primaryImageOfPage":{"@id":"https:\/\/wipconsulting.it\/en\/giornalisti-e-comunicatori-necessario-lavorare-insieme-per-definire-le-nuove-professioni\/#primaryimage"},"image":{"@id":"https:\/\/wipconsulting.it\/en\/giornalisti-e-comunicatori-necessario-lavorare-insieme-per-definire-le-nuove-professioni\/#primaryimage"},"thumbnailUrl":"https:\/\/wipconsulting.it\/wp-content\/uploads\/2021\/08\/vito-crimi.jpg","datePublished":"2019-07-05T00:00:00+00:00","dateModified":"2024-05-24T17:21:08+00:00","description":"Gli incontri pubblici degli Stati Generali dell\u2019Informazione e dell\u2019Editoria si sono conclusi: l\u2019occasione mancata di un confronto costruttivo con i\u00a0vertici degli enti di governo dei giornalisti.","breadcrumb":{"@id":"https:\/\/wipconsulting.it\/en\/giornalisti-e-comunicatori-necessario-lavorare-insieme-per-definire-le-nuove-professioni\/#breadcrumb"},"inLanguage":"en-US","potentialAction":[{"@type":"ReadAction","target":["https:\/\/wipconsulting.it\/en\/giornalisti-e-comunicatori-necessario-lavorare-insieme-per-definire-le-nuove-professioni\/"]}]},{"@type":"ImageObject","inLanguage":"en-US","@id":"https:\/\/wipconsulting.it\/en\/giornalisti-e-comunicatori-necessario-lavorare-insieme-per-definire-le-nuove-professioni\/#primaryimage","url":"https:\/\/wipconsulting.it\/wp-content\/uploads\/2021\/08\/vito-crimi.jpg","contentUrl":"https:\/\/wipconsulting.it\/wp-content\/uploads\/2021\/08\/vito-crimi.jpg","width":730,"height":531},{"@type":"BreadcrumbList","@id":"https:\/\/wipconsulting.it\/en\/giornalisti-e-comunicatori-necessario-lavorare-insieme-per-definire-le-nuove-professioni\/#breadcrumb","itemListElement":[{"@type":"ListItem","position":1,"name":"Home","item":"https:\/\/wipconsulting.it\/en\/home\/"},{"@type":"ListItem","position":2,"name":"Giornalisti e comunicatori, necessario lavorare insieme per definire le nuove professioni"}]},{"@type":"WebSite","@id":"https:\/\/wipconsulting.it\/en\/#website","url":"https:\/\/wipconsulting.it\/en\/","name":"wipconsulting.it","description":"Formazione alle imprese","publisher":{"@id":"https:\/\/wipconsulting.it\/en\/#organization"},"potentialAction":[{"@type":"SearchAction","target":{"@type":"EntryPoint","urlTemplate":"https:\/\/wipconsulting.it\/en\/?s={search_term_string}"},"query-input":{"@type":"PropertyValueSpecification","valueRequired":true,"valueName":"search_term_string"}}],"inLanguage":"en-US"},{"@type":"Organization","@id":"https:\/\/wipconsulting.it\/en\/#organization","name":"WIP Consulting","url":"https:\/\/wipconsulting.it\/en\/","logo":{"@type":"ImageObject","inLanguage":"en-US","@id":"https:\/\/wipconsulting.it\/en\/#\/schema\/logo\/image\/","url":"https:\/\/wipconsulting.it\/wp-content\/uploads\/2023\/12\/logo_wip_consulting_2colori_Registered_v02.svg","contentUrl":"https:\/\/wipconsulting.it\/wp-content\/uploads\/2023\/12\/logo_wip_consulting_2colori_Registered_v02.svg","caption":"WIP Consulting"},"image":{"@id":"https:\/\/wipconsulting.it\/en\/#\/schema\/logo\/image\/"}},{"@type":"Person","@id":"https:\/\/wipconsulting.it\/en\/#\/schema\/person\/318ff9a7b71624aa81b8b0df2c70d8bd","name":"admin","image":{"@type":"ImageObject","inLanguage":"en-US","@id":"https:\/\/secure.gravatar.com\/avatar\/2abbf81cef02f96903b67cd91eed09563af3527b400364162912f7584e891ae3?s=96&d=mm&r=g","url":"https:\/\/secure.gravatar.com\/avatar\/2abbf81cef02f96903b67cd91eed09563af3527b400364162912f7584e891ae3?s=96&d=mm&r=g","contentUrl":"https:\/\/secure.gravatar.com\/avatar\/2abbf81cef02f96903b67cd91eed09563af3527b400364162912f7584e891ae3?s=96&d=mm&r=g","caption":"admin"},"sameAs":["https:\/\/wipconsulting.it"],"url":"https:\/\/wipconsulting.it\/en\/author\/admin\/"}]}},"_links":{"self":[{"href":"https:\/\/wipconsulting.it\/en\/wp-json\/wp\/v2\/posts\/3825","targetHints":{"allow":["GET"]}}],"collection":[{"href":"https:\/\/wipconsulting.it\/en\/wp-json\/wp\/v2\/posts"}],"about":[{"href":"https:\/\/wipconsulting.it\/en\/wp-json\/wp\/v2\/types\/post"}],"author":[{"embeddable":true,"href":"https:\/\/wipconsulting.it\/en\/wp-json\/wp\/v2\/users\/1"}],"replies":[{"embeddable":true,"href":"https:\/\/wipconsulting.it\/en\/wp-json\/wp\/v2\/comments?post=3825"}],"version-history":[{"count":1,"href":"https:\/\/wipconsulting.it\/en\/wp-json\/wp\/v2\/posts\/3825\/revisions"}],"predecessor-version":[{"id":10501,"href":"https:\/\/wipconsulting.it\/en\/wp-json\/wp\/v2\/posts\/3825\/revisions\/10501"}],"wp:featuredmedia":[{"embeddable":true,"href":"https:\/\/wipconsulting.it\/en\/wp-json\/wp\/v2\/media\/1918"}],"wp:attachment":[{"href":"https:\/\/wipconsulting.it\/en\/wp-json\/wp\/v2\/media?parent=3825"}],"wp:term":[{"taxonomy":"category","embeddable":true,"href":"https:\/\/wipconsulting.it\/en\/wp-json\/wp\/v2\/categories?post=3825"},{"taxonomy":"post_tag","embeddable":true,"href":"https:\/\/wipconsulting.it\/en\/wp-json\/wp\/v2\/tags?post=3825"}],"curies":[{"name":"wp","href":"https:\/\/api.w.org\/{rel}","templated":true}]}}