{"id":3834,"date":"2020-01-11T00:00:00","date_gmt":"2020-01-11T00:00:00","guid":{"rendered":"https:\/\/wip.stefanobonetti.it\/2020\/01\/11\/morto-harold-burson\/"},"modified":"2025-01-10T16:53:14","modified_gmt":"2025-01-10T15:53:14","slug":"morto-harold-burson","status":"publish","type":"post","link":"https:\/\/wipconsulting.it\/en\/morto-harold-burson\/","title":{"rendered":"Morto Harold Burson"},"content":{"rendered":"<p>Harold Burson, fondatore di Burson-Marsteller e uomo votato come il pi\u00f9 influente PR del XX secolo, si \u00e8 spento a 98 anni a New York il 10 gennaio.<\/p>\n<p>Riportiamo una conversazione di Toni Muzi Falconi con Harold Burson. Un testo prezioso, commovente, lungimirante. Da non perdere.<\/p>\n<p><img decoding=\"async\" src=\"\/media\/toni-muzi.jpg\" \/><\/p>\n<p><a href=\"https:\/\/www.facebook.com\/toni.m.falconi?__tn__=%2CdCH-R-R&amp;eid=ARBnCB-n0pgTt9UmsV0HXu0CfwwKEkhUp06t1_2Q4XrAXAJ_uOWbYXjM6hwbBpF4TMUKT78ZDrbHnnKe&amp;hc_ref=ARQBnBfKSIOC5J1i9TgFABv_RHOV99ilhBzf63Oc_PqyqGMPdw3soknQCXBCO8hL_-M&amp;fref=nf\">Intervista a Harol Burson per Prima Comunicazione, settembre 2006<\/a><\/p>\n<h3 style=\"margin: 1em 0px; font-family: system-ui, -apple-system, BlinkMacSystemFont, '.SFNSText-Regular', sans-serif; caret-color: #666666; color: #666666; font-size: 12px;\">Harold Burson:<br \/>\nquando servono giovani rinascimentali, la relazioni pubbliche sfornano pi\u00f9 specialisti. Il processo va invertito\u2026<\/h3>\n<h3 style=\"margin: 1em 0px; font-family: system-ui, -apple-system, BlinkMacSystemFont, '.SFNSText-Regular', sans-serif; caret-color: #666666; color: #666666; font-size: 12px;\">Intervista esclusiva di Toni Muzi Falconi al Presidente e Fondatore della Burson Marsteller, il pi\u00f9 influente relatore pubblico del ventesimo secolo, in arrivo in Italia ai primi di Ottobre.<\/h3>\n<p style=\"margin: 1em 0px; font-family: system-ui, -apple-system, BlinkMacSystemFont, '.SFNSText-Regular', sans-serif; caret-color: #666666; color: #666666; font-size: 12px;\">Sar\u00e0 a Milano per un giro di incontri professionali, accademici e con la comunit\u00e0 dei comunicatori italiani, il 12 e 13 Ottobre, dopo venti anni di assenza*. A 85 anni, il relatore pubblico pi\u00f9 influente del mondo parla con Prima della sua \u2018disciplina\u2019, della sua reputazione e delle prospettive di un mestiere che attira decine di migliaia di giovani in tutto il mondo e il 12 mattina i docenti e studenti della IULM lo onoreranno con un \u2018premio alla carriera\u2019.<br \/>\n(boxino?)*Il 13 Ottobre alle 17 presso l\u2019Aula Magna dell\u2019Universit\u00e0 IULM, la Ferpi, l\u2019Assorel e l\u2019Universit\u00e0 che ha avviato il primo corso di Laurea in Relazioni Pubbliche da oltre 10 anni, consegneranno a Harold Burson, che pronuncer\u00e0 un discorso, il Premio alla Carriera. La prima edizione del Premio fu consegnato nel 2002 all\u2019italiano Aldo Chiappe.<\/p>\n<p style=\"margin: 1em 0px; font-family: system-ui, -apple-system, BlinkMacSystemFont, '.SFNSText-Regular', sans-serif; caret-color: #666666; color: #666666; font-size: 12px;\">\u2018Well Toni it looks like we have a problem\u2019 (\u2026pare proprio che abbiamo un problema\u2026).<br \/>\nErano le 9 di mattina di un infuocato giorno di agosto del 1988 e Harold Burson entr\u00f2 sornione nel \u2018mio\u2019 ufficio all\u2019ultimo piano della sede centrale della Burson Marsteller di New York, ove stavo preparando il mio stabile insediamento di Senior Vice President Practice Development -una sorta di direttore mondiale del mega centro studi della professione pi\u00f9 apprezzato al mondo- della maggiore agenzia internazionale di relazioni pubbliche.<\/p>\n<p style=\"margin: 1em 0px; font-family: system-ui, -apple-system, BlinkMacSystemFont, '.SFNSText-Regular', sans-serif; caret-color: #666666; color: #666666; font-size: 12px;\">Era successo che la sera prima a Milano, e a mia insaputa, tre dei giovani pi\u00f9 brillanti della squadra professionale di SCR Associati (l\u2019agenzia leader in Italia la cui vendita alla Burson avevo appena definito nei dettagli con i miei soci) si erano improvvisamente dimessi annunciando che non condividevano l\u2019operazione e che sarebbero andati a lavorare per un concorrente. Il nostro accordo era dunque saltato\u2026 Presi il primo aereo per Milano nel tentativo di convincere i tre a rientrare\u2026 ma dopo una interminabile notte di discussione, senza alcun successo.<br \/>\nQuella era stata quella l\u2019ultima volta che avevo visto Harold.<\/p>\n<p style=\"margin: 1em 0px; font-family: system-ui, -apple-system, BlinkMacSystemFont, '.SFNSText-Regular', sans-serif; caret-color: #666666; color: #666666; font-size: 12px;\">Per i pi\u00f9 curiosi, i tre giovani erano Luca Mortara, oggi imprenditore di successo in proprio; Sandro Pell\u00f2, oggi vicepresidente della Hill &amp; Knowlton; e Davide Cefis, fino a ieri direttore relazioni pubbliche di BNL , appena migrato nel ruolo di \u2018cacciatore di teste\u2019 per la Eric Salmon in Italia e il concorrente era la Livraghi, Ogilvy &amp; Mather.<\/p>\n<p style=\"margin: 1em 0px; font-family: system-ui, -apple-system, BlinkMacSystemFont, '.SFNSText-Regular', sans-serif; caret-color: #666666; color: #666666; font-size: 12px;\">Sono passati da allora 18 anni e Harold, 85 anni compiuti, \u00e8 lucido, perspicace, appassionato e potente come e pi\u00f9 di allora.<\/p>\n<p style=\"margin: 1em 0px; font-family: system-ui, -apple-system, BlinkMacSystemFont, '.SFNSText-Regular', sans-serif; caret-color: #666666; color: #666666; font-size: 12px;\">PR Week, la pi\u00f9 conosciuta rivista internazionale del settore, lo ha recentemente definito il professionista di relazioni pubbliche pi\u00f9 influente del ventesimo secolo.<br \/>\nCondivido questo giudizio, con la necessaria aggiunta che il leggendario Edward Bernays (definito dallo speciale del settimanale Life dedicato al 2000 uno dei cento personaggi pi\u00f9 influenti in assoluto del secolo) ebbe una maggiore influenza nel definire i connotati e ottenere l\u2019accettazione generale della professione negli Stati Uniti.<br \/>\nMa non v\u2019\u00e8 alcun dubbio che, grazie anche allo sviluppo di una impresa internazionale di tale successo, Burson \u00e8 stato decisivo per la crescita di migliaia di ottimi professionisti oggi attivi in ogni tipo di organizzazione nei pi\u00f9 diversi Paesi.<br \/>\nQuindi, se Bernays fu la principale figura per lo sviluppo di quel modello americano di relazioni pubbliche fondato sulla comunicazione persuasiva, retorica, asimmetrica e a supporto del marketing; Harold \u00e8 stata la persona che, pi\u00f9 di chiunque altro, ha contribuito alla diffusione di quello stesso modello nelle organizzazioni di tutti Paesi occidentali e anche in quelli in via di sviluppo.<\/p>\n<p style=\"margin: 1em 0px; font-family: system-ui, -apple-system, BlinkMacSystemFont, '.SFNSText-Regular', sans-serif; caret-color: #666666; color: #666666; font-size: 12px;\">\u201cVedi<br \/>\n-risponde Burson alla domanda \u2018cosa pensavi di Bernays quando eravate tutti e due operativi?\u2019 lui era il vero filosofo della nostra disciplina. I concetti espressi nel suo libro del 1923 \u2018Crystallizing Public Opinion\u2019 sono ancora validi oggi e dovrebbero essere lettura<br \/>\nobbligatoria per chiunque abbia interesse al nostro settore, insieme all\u2019altro classico Opinione Pubblica di Walter Lippmann scritto nel 1922.<br \/>\nPur non essendomi mai personalmente piaciuto\u2026 perch\u00e9 era il pi\u00f9 egocentrico individuo che abbia<br \/>\nmai incontrato\u2026 Bernays ha istituzionalizzato quella che ancora oggi consideriamo la nostra<br \/>\nmetodologia di base\u201d.<\/p>\n<p style=\"margin: 1em 0px; font-family: system-ui, -apple-system, BlinkMacSystemFont, '.SFNSText-Regular', sans-serif; caret-color: #666666; color: #666666; font-size: 12px;\">Rispetto al vivace dibattito in corso fra alcuni studiosi che definiscono le relazioni pubbliche una professione e i tanti professionisti che invece la definiscono una industria, quale \u00e8 la tua opinione?<\/p>\n<p style=\"margin: 1em 0px; font-family: system-ui, -apple-system, BlinkMacSystemFont, '.SFNSText-Regular', sans-serif; caret-color: #666666; color: #666666; font-size: 12px;\">\u2018Esiterei a chiamarla una professione, ma anche una industria.<br \/>\nForse possiamo trovare un accordo sul termine \u2018disciplina organizzativa\u2019, oppure \u2018funzione\u2019?<br \/>\nNon \u00e8 ancora una industria perch\u00e9 troppo piccola e perch\u00e9 copre un spettro troppo ampio di attivit\u00e0; e non \u00e8 neppure una professione poich\u00e9 dobbiamo ancora soddisfare molti criteri e il nostro corpo di conoscenze non \u00e8 ancora sufficiente.. anche se compiamo rapidi progressi; e lo dico con cognizione perch\u00e9 la banca-dati di casi di studio della Burson Marsteller \u00e8 verosimilmente la pi\u00f9 completa al mondo.<\/p>\n<p style=\"margin: 1em 0px; font-family: system-ui, -apple-system, BlinkMacSystemFont, '.SFNSText-Regular', sans-serif; caret-color: #666666; color: #666666; font-size: 12px;\">Spiega ai lettori di Prima come e in quale direzione la nostra \u2018disciplina\u2019, come preferisci definirla, compie quei progressi che dici.<\/p>\n<p style=\"margin: 1em 0px; font-family: system-ui, -apple-system, BlinkMacSystemFont, '.SFNSText-Regular', sans-serif; caret-color: #666666; color: #666666; font-size: 12px;\">Quando avviai questo lavoro in un piccolo studio di consulenza a New York alla fine degli anni quaranta del secolo scorso, i clienti chiedevano<br \/>\n\u2018come lo dico?\u2019.<br \/>\nPoi, negli anni sessanta, settanta e ottanta, quando mi unii con Bill Marsteller, che allora dirigeva una agenzia di pubblicit\u00e0 industriale, per dimostrare la sensatezza di una consapevole integrazione fra relazioni pubbliche e pubblicit\u00e0, i clienti hanno iniziato a chiedermi<br \/>\n\u2018cosa dico?\u2019.<br \/>\nPi\u00f9 recentemente, e con sempre maggiore frequenza, mi chiedono<br \/>\n\u2018cosa faccio?\u2019<br \/>\nPer me le relazioni pubbliche sono quella disciplina che aiuta il comportamento di una organizzazione a rapportarsi con l\u2019interesse pubblico e, se condotte efficacemente, creano opinioni e attitudini che motivano i pubblici alle azioni auspicate.<br \/>\nO, se preferisci una definizione pi\u00f9 sintetica, ti dir\u00f2 che le relazioni pubbliche sono<br \/>\nil fare bene e il venire riconosciuti per averlo fatto.<br \/>\nHo risposto alla tua domanda?<\/p>\n<p style=\"margin: 1em 0px; font-family: system-ui, -apple-system, BlinkMacSystemFont, '.SFNSText-Regular', sans-serif; caret-color: #666666; color: #666666; font-size: 12px;\">Direi proprio di si. Eppure\u2026 sai meglio di me che per la maggior parte delle persone, anche interne alla nostra \u2018disciplina\u2019, le relazioni pubbliche sono in buona sostanza relazioni con i media, e diventa arduo sostenere che abbiano qualcosa in comune con il rapportarsi di una organizzazione all\u2019interesse pubblico\u2026.O no?<\/p>\n<p style=\"margin: 1em 0px; font-family: system-ui, -apple-system, BlinkMacSystemFont, '.SFNSText-Regular', sans-serif; caret-color: #666666; color: #666666; font-size: 12px;\">Hai ragione, Toni, ma non in tutti i sensi.<br \/>\nDevi ricordare che i media giocano un ruolo fondamentale per la diffusione della informazione.. e che i giornalisti credono che il nostro unico lavoro sia quello di scrivere comunicati stampa\u2026.<br \/>\nSecondo me la cosa peggiore mai capitata alle relazioni pubbliche \u00e8 stata il cambiamento della denominazione di quel che facciamo da relazioni a comunicazione; un cambiamento che la gran parte di noi ha passivamente subito, anche se non faceva che rinforzare lo stereotipo di quel che i media pensano che noi facciamo.<br \/>\nPensa a questo semplice dato:<br \/>\n\u00b0nel 1973, l&#8217;80 per cento delle 500 maggiori imprese classificate per dimensione di fatturato dal mensile Fortune includevano il termine relazioni pubbliche nel titolo del loro pi\u00f9 alto dirigente addetto;<\/p>\n<p style=\"margin: 1em 0px; font-family: system-ui, -apple-system, BlinkMacSystemFont, '.SFNSText-Regular', sans-serif; caret-color: #666666; color: #666666; font-size: 12px;\">\u00b0arriviamo al 1980 e non pi\u00f9 del 15 per cento mantenne quella denominazione, mentre le altre lo avevano modificato in comunicazione.<br \/>\nCosa \u00e8 successo, mi chiedi?<br \/>\nLa mia spiegazione \u00e8 che nel 1973\/74 la pervasiva diffusione mediatica dei nastri registrati del caso Watergate \u2013nei quali il Presidente Nixon si riferisce ossessivamente alle relazioni pubbliche ogni volta che suggerisce ai suoi consiglieri qualche azione illegale o anche soltanto eticamente discutibile per insabbiare lo scandalo- \u00e8 stata decisiva per distruggere la reputazione delle relazioni pubbliche. Alcuni, molti giornalisti, ansiosi di denigrare la nostra disciplina perch\u00e9 non amano accettare che una elevata percentuale del loro lavoro dipende da contenuti e interpretazioni che ricevono da noi, non potevano trovare un boccone pi\u00f9 succulento\u2026.<br \/>\nRicevuto il messaggio, molte organizzazioni cambiarono il nome della funzione in comunicazione, e questo, a sua volta port\u00f2 ad una interpretazione pubblica del nostro lavoro come \u2018spin\u2019, come \u2018offuscamento dei fatti\u2019, o come \u2018barriera\u2019 fra l\u2019alto dirigente fonte e il giornalista che fa il suo lavoro.<br \/>\nQuesto ha prodotto un effetto negativo sulla professione, sempre pi\u00f9 vissuta nella sua dimensione comunicativa (informazione ai media e\/o direttamente ai pubblici influenti) piuttosto che relazionale, minando in tal modo il valore strategico che la nostra disciplina riesce a creare per le organizzazioni e per la societ\u00e0 nel suo complesso.<\/p>\n<p style=\"margin: 1em 0px; font-family: system-ui, -apple-system, BlinkMacSystemFont, '.SFNSText-Regular', sans-serif; caret-color: #666666; color: #666666; font-size: 12px;\">Ti chiedo per\u00f2 di essere pi\u00f9 specifico\u2026<br \/>\nBene.<br \/>\nVedo quattro ruoli principali nella nostra attivit\u00e0, e osservo inoltre che il consulente di relazioni pubbliche viene ad assumervi una ruolo, per dirla in Italia, quasi rinascimentale:<br \/>\na- il sensore: che anticipa e percepisce quei sommovimenti al cuore della societ\u00e0 che possono influenzare il futuro dell\u2019organizzazione;<br \/>\nb- la coscienza: che analizza le aspettative dei pubblici e assicura che i comportamenti sociali ed etici dell\u2019organizzazione siano conseguenti;<br \/>\nc- il comunicatore \u2013 che opera all\u2019interno come all\u2019esterno dell\u2019organizzazione, poich\u00e9 si tratta di variabili interdipendenti. Nessuno di noi dovrebbe potere immaginare di comunicare all\u2019esterno una politica che non sia gi\u00e0 ben radicata all\u2019interno. Il dirigente delle relazioni pubbliche deve saper dimostrare ai pubblici che l\u2019organizzazione \u00e8 responsabile; che assume decisioni che vanno ben oltre la semplice enunciazione delle politiche; e che progressi vengano effettivamente compiuti verso la soddisfazione delle aspettative di quei pubblici;<br \/>\nd- il monitor- che mantiene sotto continua osservazione le politiche e i programmi dell\u2019organizzazione insieme alle reazioni dei pubblici alla loro attuazione.<\/p>\n<p style=\"margin: 1em 0px; font-family: system-ui, -apple-system, BlinkMacSystemFont, '.SFNSText-Regular', sans-serif; caret-color: #666666; color: #666666; font-size: 12px;\">Diversi studiosi e alcune associazioni professionali sono consapevoli che il modello americano delle relazioni pubbliche che ha finora largamente prevalso sui mercati mondiali, pur con i suoi benefici, ha anche prodotto effetti collaterali meno positivi. Preoccupati per la crescente \u2018critica sociale\u2019 e la caduta della reputazione della nostra disciplina, hanno avviato una seria elaborazione di un diverso modello diverso fondato sulla \u2018comunicazione con\u2019 (rispetto alla consolidata comunicazione a\u2019), sul dialogo, l\u2019interazione e il riconoscimento della diversit\u00e0 e delle specifiche situazioni culturali, politiche ed economiche di ciascun Paese. Il tuo punto di vista?<br \/>\nAlcuni principi fondamentali -come il rispetto della verit\u00e0, l\u2019integrit\u00e0 nelle relazioni con i media, con il processo decisionale pubblico e con gli altri stakeholder- si devono sempre applicare a livello globale, ma le specificit\u00e0 nazionali devono essere tenute in grandissimo conto, e sono ovviamente favorevole a tutti gli sforzi per integrare queste ultime nei primi. La mia impressione per\u00f2 \u00e8 che i miei colleghi di oltre oceano ritengano i professionisti americani pi\u00f9 pragmatici, pi\u00f9 orientati al \u2018profitto\u2019. Noi invece ci vediamo \u2013s\u00ec- come sostenitori dei nostri clienti, ma anche come rappresentanti dell\u2019interesse pubblico. I miei colleghi europei credono che la loro missione sia pi\u00f9 nel servire l\u2019interesse pubblico che non i clienti- e in questo concedo che c\u2019\u00e8 una differenza. Io invece credo possibile e corretto l\u2019equilibrio fra i due interessi.<\/p>\n<p style=\"margin: 1em 0px; font-family: system-ui, -apple-system, BlinkMacSystemFont, '.SFNSText-Regular', sans-serif; caret-color: #666666; color: #666666; font-size: 12px;\">Una recente discussione a Londra sui rapporti fra le relazioni pubbliche e la democrazia, organizzata dal CIPR, si \u00e8 conclusa con un salomonico verdetto che versano entrambi in gravissime condizioni di salute. La tua opinione?<\/p>\n<p style=\"margin: 1em 0px; font-family: system-ui, -apple-system, BlinkMacSystemFont, '.SFNSText-Regular', sans-serif; caret-color: #666666; color: #666666; font-size: 12px;\">Dobbiamo accettare che la stabilit\u00e0 del mondo \u00e8 oggi assai pi\u00f9 fragile di quanto non sia stata dal secondo dopoguerra. Le democrazie sono continuamente minacciate da chi preferirebbe una guida autocratica. Dobbiamo essere consapevoli che le relazioni pubbliche sono una espressione della democrazia, come la libert\u00e0 di espressione, di religione e di stampa e la loro stessa esistenza sono di per s\u00e9 prova di democrazia: non esistevano nell\u2019Europa dell\u2019Est prima della caduta del muro, e oggi accompagnano la transizione della Cina verso la democrazia. Una cosa comunque deve essere chiara a tutti noi: nessun Paese, democratico o meno, riesce a convincerci con le parole ad essere rispettato. Le Nazioni, come le altre istituzioni della nostra societ\u00e0 e come anche le persone, sono giudicate pi\u00f9 da quello che fanno che non da quello che dicono.<\/p>\n<p style=\"margin: 1em 0px; font-family: system-ui, -apple-system, BlinkMacSystemFont, '.SFNSText-Regular', sans-serif; caret-color: #666666; color: #666666; font-size: 12px;\">Come hai accennato prima, la Burson Marsteller \u00e8 stata la prima societ\u00e0 a sostenere e dimostrare la razionalit\u00e0 di una integrazione fra relazioni pubbliche e pubblicit\u00e0. Se ricordo bene, all\u2019inizio avevi definito questa come \u2018comunicazione totale\u2019, altri l\u2019hanno chiamata \u2018orchestrazione\u2019 o \u2018comunicazione integrata di marketing\u2019.<br \/>\nCome vedi il futuro di questa prospettiva?<\/p>\n<p style=\"margin: 1em 0px; font-family: system-ui, -apple-system, BlinkMacSystemFont, '.SFNSText-Regular', sans-serif; caret-color: #666666; color: #666666; font-size: 12px;\">Come dici tu, l\u2019integrazione fra pubblicit\u00e0 e relazioni pubbliche a beneficio del cliente, \u00e8 una vecchia storia. Prima che Bill Marsteller ed io, nel 1953, fondessimo le nostre aziende, tutte le grandi agenzie di pubblicit\u00e0 ci avevano provato ma, con l\u2019eccezione della J. Walter Thompson, avevano rinunciato. Per loro quella ipotesi non era profittevole e temevano di mettere a rischio grandi budget pubblicitari qualora le relazioni pubbliche avessero mancato il risultato atteso.<br \/>\nNel 1989 vendemmo BM alla Young &amp; Rubicam, poi incorporata nella WPP, la maggiore conglomerata mondiale della comunicazione.<br \/>\nGi\u00e0 nei primi anni novanta, nove delle dieci maggiore agenzie di relazioni pubbliche erano passate in propriet\u00e0 di una agenzia di pubblicit\u00e0.<\/p>\n<p style=\"margin: 1em 0px; font-family: system-ui, -apple-system, BlinkMacSystemFont, '.SFNSText-Regular', sans-serif; caret-color: #666666; color: #666666; font-size: 12px;\">Mentre attivit\u00e0 tattiche quali la publicity dei prodotti o la promozione o non potranno mai a sostituire la pubblicit\u00e0, le relazioni pubbliche possono tuttavia rendere pi\u00f9 credibili il marchio e la stessa pubblicit\u00e0, raggiungendo il pubblico a livelli emotivi diversi. C\u2019\u00e8 una proliferazione di nuovi media e cerchiamo vie pi\u00f9 efficaci per raggiungere i nostri pubblici.<br \/>\nLa comunicazione faccia-a-faccia e il passa parola, insieme ad altre declinazioni derivanti da Internet, diventano sempre pi\u00f9 importanti man mano che i prodotti e i servizi appaiono meno differenziati in un momento in cui, nella mente del consumatore, \u00e8 proprio la differenziazione ad assumere la caratteristica principale per il successo.<br \/>\nE da questa prospettiva, anche le politiche di responsabilit\u00e0 sociale costituiscono un canale per ottenere questo risultato, tenendo conto dell\u2019interesse pubblico.<br \/>\nCos\u00ec come assume una crescente importanza, e non solo per le relazioni pubbliche, la questione della misurazione e la valutazione dei risultati. Il costo di questa misurazione \u00e8 sempre stato un forte deterrente per noi relatori pubblici, ma pu\u00f2 essere pi\u00f9 facilmente superato combinando le due discipline.<br \/>\nIn effetti, il nostro incontro con una grande impresa di comunicazione ha allargato la nostra gamma consentendo una visione pi\u00f9 ampia del mix comunicativo. Pi\u00f9 recentemente poi beneficiamo dal venire coinvolti in grandi e complessi progetti di comunicazione nei quali non saremmo stati altrimenti inclusi, e naturalmente, abbiamo ricevuto un grande valore dalla lezione di gestione finanziaria ricevuta dal fondatore della WPP, Martin Sorrell.<\/p>\n<p style=\"margin: 1em 0px; font-family: system-ui, -apple-system, BlinkMacSystemFont, '.SFNSText-Regular', sans-serif; caret-color: #666666; color: #666666; font-size: 12px;\">La nostra \u2018disciplina\u2019 ha sempre cercato il \u2018sacro graal\u2019 del come riuscire a rendere esplicito il proprio reale valore e convincere clienti e datori di lavoro a pagare il giusto.<br \/>\nC\u2019\u00e8 in vista da voi qualche importante passo avanti?<\/p>\n<p style=\"margin: 1em 0px; font-family: system-ui, -apple-system, BlinkMacSystemFont, '.SFNSText-Regular', sans-serif; caret-color: #666666; color: #666666; font-size: 12px;\">Fino alla met\u00e0 degli anni sessanta i clienti venivano fatturati in base ad una quota fissa mensile che stimava il tempo previsto di servizio professionale erogato. Poi abbiamo iniziato ad emulare gli studi di avvocati fatturando a ora il tempo erogato. Questo per\u00f2 ha portato ad una banalizzazione della nostra offerta che ha assai poca, sempre che ne abbia, relazione col valore che produciamo. Per essere onesti, non abbiamo compiuto grandi progressi, ma \u00e8 evidente che le nostre entrate debbano riflettere il valore creato per i clienti, e questo cambia in modo rilevante Paese per Paese. E\u2019 un bel rompicapo e ci stiamo lavorando con impegno.<\/p>\n<p style=\"margin: 1em 0px; font-family: system-ui, -apple-system, BlinkMacSystemFont, '.SFNSText-Regular', sans-serif; caret-color: #666666; color: #666666; font-size: 12px;\">In ogni Paese migliaia di giovani studenti affollano corsi universitari di relazioni pubbliche e di comunicazione per studiare una \u2018disciplina\u2019 che la nostra generazione ha \u2018imparato facendo\u2019.<br \/>\nQuale \u00e8 la tua visione sulla sostenibilit\u00e0 di questo fenomeno?<\/p>\n<p style=\"margin: 1em 0px; font-family: system-ui, -apple-system, BlinkMacSystemFont, '.SFNSText-Regular', sans-serif; caret-color: #666666; color: #666666; font-size: 12px;\">Ti do una risposta assai pratica. Negli Stati Uniti, la Burson Marsteller conduce il maggior progetto di inserimento di giovani del nostro settore. Ogni anno abbiamo almeno 50 studenti universitari che lavorano con noi e li selezioniamo con criteri assai meticolosi. Circa la met\u00e0 provengono dagli studi di comunicazione e relazioni pubbliche, mentre l\u2019altra met\u00e0 dalle facolt\u00e0 e dai corsi di laurea in arti liberali. Dopo i due primi mesi di apprendistato decidiamo a quali di loro offrire un lavoro stabile e quelli che accettano la nostra offerta sono ancora equamente suddivisifra le due provenienze.<br \/>\nVedi, Toni, quello di cui abbiamo veramente bisogno \u00e8 competenza specifica nei settori in cui operano i nostri clienti. Sempre di pi\u00f9, per soddisfare le esigenze dei nostri clienti, ci troviamo a convertire persone \u2018competenti nei settori\u2019 in specialisti di relazioni pubbliche. Quindi i curricula vanno modificati per includere quelle competenze.<br \/>\nMa, mentre procede questa progressiva specializzazione, sentiamo anche un crescente bisogno di conoscenze pi\u00f9 generali \u2013pi\u00f9 rinascimentali, per capirci.<br \/>\nLa questione \u00e8 assai difficile e soltanto una pi\u00f9 stretta integrazione della nostra disciplina con l\u2019universit\u00e0 possiamo tentare di procedere con efficacia.<\/p>\n","protected":false},"excerpt":{"rendered":"<p>Harold Burson, fondatore di Burson-Marsteller e uomo votato come il pi\u00f9 influente PR del XX secolo, si \u00e8 spento a 98 anni a New York il 10 gennaio. Riportiamo una conversazione di Toni Muzi Falconi con Harold Burson. Un testo prezioso, commovente, lungimirante. Da non perdere. Intervista a Harol Burson per Prima Comunicazione, settembre 2006 [&hellip;]<\/p>\n","protected":false},"author":1,"featured_media":1953,"comment_status":"closed","ping_status":"closed","sticky":false,"template":"","format":"standard","meta":{"footnotes":""},"categories":[47],"tags":[],"class_list":["post-3834","post","type-post","status-publish","format-standard","has-post-thumbnail","hentry","category-comunicazione"],"yoast_head":"<!-- This site is optimized with the Yoast SEO plugin v27.5 - https:\/\/yoast.com\/product\/yoast-seo-wordpress\/ -->\n<title>Morto Harold Burson - WIP Consulting | Consulenza strategica<\/title>\n<meta name=\"description\" content=\"Harold Burson, fondatore di Burson-Marsteller e uomo votato come il pi\u00f9 influente PR del XX secolo, \u00e8 morto a 98 anni a New York il 10 gennaio.\" \/>\n<meta name=\"robots\" content=\"index, follow, max-snippet:-1, max-image-preview:large, max-video-preview:-1\" \/>\n<link rel=\"canonical\" href=\"https:\/\/wipconsulting.it\/en\/morto-harold-burson\/\" \/>\n<meta property=\"og:locale\" content=\"en_US\" \/>\n<meta property=\"og:type\" content=\"article\" \/>\n<meta property=\"og:title\" content=\"Morto Harold Burson - WIP Consulting | Consulenza strategica\" \/>\n<meta property=\"og:description\" content=\"Harold Burson, fondatore di Burson-Marsteller e uomo votato come il pi\u00f9 influente PR del XX secolo, \u00e8 morto a 98 anni a New York il 10 gennaio.\" \/>\n<meta property=\"og:url\" content=\"https:\/\/wipconsulting.it\/en\/morto-harold-burson\/\" \/>\n<meta property=\"og:site_name\" content=\"WIP Consulting | Consulenza strategica\" \/>\n<meta property=\"article:published_time\" content=\"2020-01-11T00:00:00+00:00\" \/>\n<meta property=\"article:modified_time\" content=\"2025-01-10T15:53:14+00:00\" \/>\n<meta property=\"og:image\" content=\"https:\/\/wipconsulting.it\/wp-content\/uploads\/2021\/08\/media_post_5cgchbe_burson.jpg\" \/>\n\t<meta property=\"og:image:width\" content=\"700\" \/>\n\t<meta property=\"og:image:height\" content=\"393\" \/>\n\t<meta property=\"og:image:type\" content=\"image\/jpeg\" \/>\n<meta name=\"author\" content=\"admin\" \/>\n<meta name=\"twitter:card\" content=\"summary_large_image\" \/>\n<meta name=\"twitter:label1\" content=\"Written by\" \/>\n\t<meta name=\"twitter:data1\" content=\"admin\" \/>\n\t<meta name=\"twitter:label2\" content=\"Est. reading time\" \/>\n\t<meta name=\"twitter:data2\" content=\"16 minutes\" \/>\n<script type=\"application\/ld+json\" class=\"yoast-schema-graph\">{\"@context\":\"https:\\\/\\\/schema.org\",\"@graph\":[{\"@type\":\"Article\",\"@id\":\"https:\\\/\\\/wipconsulting.it\\\/en\\\/morto-harold-burson\\\/#article\",\"isPartOf\":{\"@id\":\"https:\\\/\\\/wipconsulting.it\\\/en\\\/morto-harold-burson\\\/\"},\"author\":{\"name\":\"admin\",\"@id\":\"https:\\\/\\\/wipconsulting.it\\\/en\\\/#\\\/schema\\\/person\\\/318ff9a7b71624aa81b8b0df2c70d8bd\"},\"headline\":\"Morto Harold Burson\",\"datePublished\":\"2020-01-11T00:00:00+00:00\",\"dateModified\":\"2025-01-10T15:53:14+00:00\",\"mainEntityOfPage\":{\"@id\":\"https:\\\/\\\/wipconsulting.it\\\/en\\\/morto-harold-burson\\\/\"},\"wordCount\":2754,\"publisher\":{\"@id\":\"https:\\\/\\\/wipconsulting.it\\\/en\\\/#organization\"},\"image\":{\"@id\":\"https:\\\/\\\/wipconsulting.it\\\/en\\\/morto-harold-burson\\\/#primaryimage\"},\"thumbnailUrl\":\"https:\\\/\\\/wipconsulting.it\\\/wp-content\\\/uploads\\\/2021\\\/08\\\/media_post_5cgchbe_burson.jpg\",\"articleSection\":[\"Comunicazione\"],\"inLanguage\":\"en-US\"},{\"@type\":\"WebPage\",\"@id\":\"https:\\\/\\\/wipconsulting.it\\\/en\\\/morto-harold-burson\\\/\",\"url\":\"https:\\\/\\\/wipconsulting.it\\\/en\\\/morto-harold-burson\\\/\",\"name\":\"Morto Harold Burson - WIP Consulting | Consulenza strategica\",\"isPartOf\":{\"@id\":\"https:\\\/\\\/wipconsulting.it\\\/en\\\/#website\"},\"primaryImageOfPage\":{\"@id\":\"https:\\\/\\\/wipconsulting.it\\\/en\\\/morto-harold-burson\\\/#primaryimage\"},\"image\":{\"@id\":\"https:\\\/\\\/wipconsulting.it\\\/en\\\/morto-harold-burson\\\/#primaryimage\"},\"thumbnailUrl\":\"https:\\\/\\\/wipconsulting.it\\\/wp-content\\\/uploads\\\/2021\\\/08\\\/media_post_5cgchbe_burson.jpg\",\"datePublished\":\"2020-01-11T00:00:00+00:00\",\"dateModified\":\"2025-01-10T15:53:14+00:00\",\"description\":\"Harold Burson, fondatore di Burson-Marsteller e uomo votato come il pi\u00f9 influente PR del XX secolo, \u00e8 morto a 98 anni a New York il 10 gennaio.\",\"breadcrumb\":{\"@id\":\"https:\\\/\\\/wipconsulting.it\\\/en\\\/morto-harold-burson\\\/#breadcrumb\"},\"inLanguage\":\"en-US\",\"potentialAction\":[{\"@type\":\"ReadAction\",\"target\":[\"https:\\\/\\\/wipconsulting.it\\\/en\\\/morto-harold-burson\\\/\"]}]},{\"@type\":\"ImageObject\",\"inLanguage\":\"en-US\",\"@id\":\"https:\\\/\\\/wipconsulting.it\\\/en\\\/morto-harold-burson\\\/#primaryimage\",\"url\":\"https:\\\/\\\/wipconsulting.it\\\/wp-content\\\/uploads\\\/2021\\\/08\\\/media_post_5cgchbe_burson.jpg\",\"contentUrl\":\"https:\\\/\\\/wipconsulting.it\\\/wp-content\\\/uploads\\\/2021\\\/08\\\/media_post_5cgchbe_burson.jpg\",\"width\":700,\"height\":393},{\"@type\":\"BreadcrumbList\",\"@id\":\"https:\\\/\\\/wipconsulting.it\\\/en\\\/morto-harold-burson\\\/#breadcrumb\",\"itemListElement\":[{\"@type\":\"ListItem\",\"position\":1,\"name\":\"Home\",\"item\":\"https:\\\/\\\/wipconsulting.it\\\/en\\\/home\\\/\"},{\"@type\":\"ListItem\",\"position\":2,\"name\":\"Morto Harold Burson\"}]},{\"@type\":\"WebSite\",\"@id\":\"https:\\\/\\\/wipconsulting.it\\\/en\\\/#website\",\"url\":\"https:\\\/\\\/wipconsulting.it\\\/en\\\/\",\"name\":\"wipconsulting.it\",\"description\":\"Formazione alle imprese\",\"publisher\":{\"@id\":\"https:\\\/\\\/wipconsulting.it\\\/en\\\/#organization\"},\"potentialAction\":[{\"@type\":\"SearchAction\",\"target\":{\"@type\":\"EntryPoint\",\"urlTemplate\":\"https:\\\/\\\/wipconsulting.it\\\/en\\\/?s={search_term_string}\"},\"query-input\":{\"@type\":\"PropertyValueSpecification\",\"valueRequired\":true,\"valueName\":\"search_term_string\"}}],\"inLanguage\":\"en-US\"},{\"@type\":\"Organization\",\"@id\":\"https:\\\/\\\/wipconsulting.it\\\/en\\\/#organization\",\"name\":\"WIP Consulting\",\"url\":\"https:\\\/\\\/wipconsulting.it\\\/en\\\/\",\"logo\":{\"@type\":\"ImageObject\",\"inLanguage\":\"en-US\",\"@id\":\"https:\\\/\\\/wipconsulting.it\\\/en\\\/#\\\/schema\\\/logo\\\/image\\\/\",\"url\":\"https:\\\/\\\/wipconsulting.it\\\/wp-content\\\/uploads\\\/2023\\\/12\\\/logo_wip_consulting_2colori_Registered_v02.svg\",\"contentUrl\":\"https:\\\/\\\/wipconsulting.it\\\/wp-content\\\/uploads\\\/2023\\\/12\\\/logo_wip_consulting_2colori_Registered_v02.svg\",\"caption\":\"WIP Consulting\"},\"image\":{\"@id\":\"https:\\\/\\\/wipconsulting.it\\\/en\\\/#\\\/schema\\\/logo\\\/image\\\/\"}},{\"@type\":\"Person\",\"@id\":\"https:\\\/\\\/wipconsulting.it\\\/en\\\/#\\\/schema\\\/person\\\/318ff9a7b71624aa81b8b0df2c70d8bd\",\"name\":\"admin\",\"image\":{\"@type\":\"ImageObject\",\"inLanguage\":\"en-US\",\"@id\":\"https:\\\/\\\/secure.gravatar.com\\\/avatar\\\/2abbf81cef02f96903b67cd91eed09563af3527b400364162912f7584e891ae3?s=96&d=mm&r=g\",\"url\":\"https:\\\/\\\/secure.gravatar.com\\\/avatar\\\/2abbf81cef02f96903b67cd91eed09563af3527b400364162912f7584e891ae3?s=96&d=mm&r=g\",\"contentUrl\":\"https:\\\/\\\/secure.gravatar.com\\\/avatar\\\/2abbf81cef02f96903b67cd91eed09563af3527b400364162912f7584e891ae3?s=96&d=mm&r=g\",\"caption\":\"admin\"},\"sameAs\":[\"https:\\\/\\\/wipconsulting.it\"],\"url\":\"https:\\\/\\\/wipconsulting.it\\\/en\\\/author\\\/admin\\\/\"}]}<\/script>\n<!-- \/ Yoast SEO plugin. -->","yoast_head_json":{"title":"Morto Harold Burson - WIP Consulting | Consulenza strategica","description":"Harold Burson, fondatore di Burson-Marsteller e uomo votato come il pi\u00f9 influente PR del XX secolo, \u00e8 morto a 98 anni a New York il 10 gennaio.","robots":{"index":"index","follow":"follow","max-snippet":"max-snippet:-1","max-image-preview":"max-image-preview:large","max-video-preview":"max-video-preview:-1"},"canonical":"https:\/\/wipconsulting.it\/en\/morto-harold-burson\/","og_locale":"en_US","og_type":"article","og_title":"Morto Harold Burson - WIP Consulting | Consulenza strategica","og_description":"Harold Burson, fondatore di Burson-Marsteller e uomo votato come il pi\u00f9 influente PR del XX secolo, \u00e8 morto a 98 anni a New York il 10 gennaio.","og_url":"https:\/\/wipconsulting.it\/en\/morto-harold-burson\/","og_site_name":"WIP Consulting | Consulenza strategica","article_published_time":"2020-01-11T00:00:00+00:00","article_modified_time":"2025-01-10T15:53:14+00:00","og_image":[{"width":700,"height":393,"url":"https:\/\/wipconsulting.it\/wp-content\/uploads\/2021\/08\/media_post_5cgchbe_burson.jpg","type":"image\/jpeg"}],"author":"admin","twitter_card":"summary_large_image","twitter_misc":{"Written by":"admin","Est. reading time":"16 minutes"},"schema":{"@context":"https:\/\/schema.org","@graph":[{"@type":"Article","@id":"https:\/\/wipconsulting.it\/en\/morto-harold-burson\/#article","isPartOf":{"@id":"https:\/\/wipconsulting.it\/en\/morto-harold-burson\/"},"author":{"name":"admin","@id":"https:\/\/wipconsulting.it\/en\/#\/schema\/person\/318ff9a7b71624aa81b8b0df2c70d8bd"},"headline":"Morto Harold Burson","datePublished":"2020-01-11T00:00:00+00:00","dateModified":"2025-01-10T15:53:14+00:00","mainEntityOfPage":{"@id":"https:\/\/wipconsulting.it\/en\/morto-harold-burson\/"},"wordCount":2754,"publisher":{"@id":"https:\/\/wipconsulting.it\/en\/#organization"},"image":{"@id":"https:\/\/wipconsulting.it\/en\/morto-harold-burson\/#primaryimage"},"thumbnailUrl":"https:\/\/wipconsulting.it\/wp-content\/uploads\/2021\/08\/media_post_5cgchbe_burson.jpg","articleSection":["Comunicazione"],"inLanguage":"en-US"},{"@type":"WebPage","@id":"https:\/\/wipconsulting.it\/en\/morto-harold-burson\/","url":"https:\/\/wipconsulting.it\/en\/morto-harold-burson\/","name":"Morto Harold Burson - WIP Consulting | Consulenza strategica","isPartOf":{"@id":"https:\/\/wipconsulting.it\/en\/#website"},"primaryImageOfPage":{"@id":"https:\/\/wipconsulting.it\/en\/morto-harold-burson\/#primaryimage"},"image":{"@id":"https:\/\/wipconsulting.it\/en\/morto-harold-burson\/#primaryimage"},"thumbnailUrl":"https:\/\/wipconsulting.it\/wp-content\/uploads\/2021\/08\/media_post_5cgchbe_burson.jpg","datePublished":"2020-01-11T00:00:00+00:00","dateModified":"2025-01-10T15:53:14+00:00","description":"Harold Burson, fondatore di Burson-Marsteller e uomo votato come il pi\u00f9 influente PR del XX secolo, \u00e8 morto a 98 anni a New York il 10 gennaio.","breadcrumb":{"@id":"https:\/\/wipconsulting.it\/en\/morto-harold-burson\/#breadcrumb"},"inLanguage":"en-US","potentialAction":[{"@type":"ReadAction","target":["https:\/\/wipconsulting.it\/en\/morto-harold-burson\/"]}]},{"@type":"ImageObject","inLanguage":"en-US","@id":"https:\/\/wipconsulting.it\/en\/morto-harold-burson\/#primaryimage","url":"https:\/\/wipconsulting.it\/wp-content\/uploads\/2021\/08\/media_post_5cgchbe_burson.jpg","contentUrl":"https:\/\/wipconsulting.it\/wp-content\/uploads\/2021\/08\/media_post_5cgchbe_burson.jpg","width":700,"height":393},{"@type":"BreadcrumbList","@id":"https:\/\/wipconsulting.it\/en\/morto-harold-burson\/#breadcrumb","itemListElement":[{"@type":"ListItem","position":1,"name":"Home","item":"https:\/\/wipconsulting.it\/en\/home\/"},{"@type":"ListItem","position":2,"name":"Morto Harold Burson"}]},{"@type":"WebSite","@id":"https:\/\/wipconsulting.it\/en\/#website","url":"https:\/\/wipconsulting.it\/en\/","name":"wipconsulting.it","description":"Formazione alle imprese","publisher":{"@id":"https:\/\/wipconsulting.it\/en\/#organization"},"potentialAction":[{"@type":"SearchAction","target":{"@type":"EntryPoint","urlTemplate":"https:\/\/wipconsulting.it\/en\/?s={search_term_string}"},"query-input":{"@type":"PropertyValueSpecification","valueRequired":true,"valueName":"search_term_string"}}],"inLanguage":"en-US"},{"@type":"Organization","@id":"https:\/\/wipconsulting.it\/en\/#organization","name":"WIP Consulting","url":"https:\/\/wipconsulting.it\/en\/","logo":{"@type":"ImageObject","inLanguage":"en-US","@id":"https:\/\/wipconsulting.it\/en\/#\/schema\/logo\/image\/","url":"https:\/\/wipconsulting.it\/wp-content\/uploads\/2023\/12\/logo_wip_consulting_2colori_Registered_v02.svg","contentUrl":"https:\/\/wipconsulting.it\/wp-content\/uploads\/2023\/12\/logo_wip_consulting_2colori_Registered_v02.svg","caption":"WIP Consulting"},"image":{"@id":"https:\/\/wipconsulting.it\/en\/#\/schema\/logo\/image\/"}},{"@type":"Person","@id":"https:\/\/wipconsulting.it\/en\/#\/schema\/person\/318ff9a7b71624aa81b8b0df2c70d8bd","name":"admin","image":{"@type":"ImageObject","inLanguage":"en-US","@id":"https:\/\/secure.gravatar.com\/avatar\/2abbf81cef02f96903b67cd91eed09563af3527b400364162912f7584e891ae3?s=96&d=mm&r=g","url":"https:\/\/secure.gravatar.com\/avatar\/2abbf81cef02f96903b67cd91eed09563af3527b400364162912f7584e891ae3?s=96&d=mm&r=g","contentUrl":"https:\/\/secure.gravatar.com\/avatar\/2abbf81cef02f96903b67cd91eed09563af3527b400364162912f7584e891ae3?s=96&d=mm&r=g","caption":"admin"},"sameAs":["https:\/\/wipconsulting.it"],"url":"https:\/\/wipconsulting.it\/en\/author\/admin\/"}]}},"_links":{"self":[{"href":"https:\/\/wipconsulting.it\/en\/wp-json\/wp\/v2\/posts\/3834","targetHints":{"allow":["GET"]}}],"collection":[{"href":"https:\/\/wipconsulting.it\/en\/wp-json\/wp\/v2\/posts"}],"about":[{"href":"https:\/\/wipconsulting.it\/en\/wp-json\/wp\/v2\/types\/post"}],"author":[{"embeddable":true,"href":"https:\/\/wipconsulting.it\/en\/wp-json\/wp\/v2\/users\/1"}],"replies":[{"embeddable":true,"href":"https:\/\/wipconsulting.it\/en\/wp-json\/wp\/v2\/comments?post=3834"}],"version-history":[{"count":2,"href":"https:\/\/wipconsulting.it\/en\/wp-json\/wp\/v2\/posts\/3834\/revisions"}],"predecessor-version":[{"id":13859,"href":"https:\/\/wipconsulting.it\/en\/wp-json\/wp\/v2\/posts\/3834\/revisions\/13859"}],"wp:featuredmedia":[{"embeddable":true,"href":"https:\/\/wipconsulting.it\/en\/wp-json\/wp\/v2\/media\/1953"}],"wp:attachment":[{"href":"https:\/\/wipconsulting.it\/en\/wp-json\/wp\/v2\/media?parent=3834"}],"wp:term":[{"taxonomy":"category","embeddable":true,"href":"https:\/\/wipconsulting.it\/en\/wp-json\/wp\/v2\/categories?post=3834"},{"taxonomy":"post_tag","embeddable":true,"href":"https:\/\/wipconsulting.it\/en\/wp-json\/wp\/v2\/tags?post=3834"}],"curies":[{"name":"wp","href":"https:\/\/api.w.org\/{rel}","templated":true}]}}