{"id":7071,"date":"2023-02-23T17:34:52","date_gmt":"2023-02-23T17:34:52","guid":{"rendered":"https:\/\/www.wipconsulting.it\/?p=7071"},"modified":"2024-05-24T18:33:02","modified_gmt":"2024-05-24T16:33:02","slug":"nasce-larea-comunicatori-di-manageritalia-executive-professional-la-nuova-casa-per-i-professionisti-della-comunicazione","status":"publish","type":"post","link":"https:\/\/wipconsulting.it\/en\/nasce-larea-comunicatori-di-manageritalia-executive-professional-la-nuova-casa-per-i-professionisti-della-comunicazione\/","title":{"rendered":"Nasce l\u2019Area Comunicatori di Manageritalia Executive Professional, la nuova casa per i professionisti della comunicazione"},"content":{"rendered":"<p>Milano, 23 febbraio 2023. Un\u2019area di rappresentanza, informazione e formazione professionale per valorizzare l\u2019intera categoria. Con queste prerogative e finalit\u00e0 nasce l\u2019Area Comunicatori all\u2019interno di <a href=\"https:\/\/www.manageritalia.it\/it\/executive-professional\">Manageritalia Executive Professional<\/a> che estende cos\u00ec il proprio ambito di specializzazione e rappresentanza delle Alte Professionalit\u00e0.<\/p>\n<p>La nuova area sar\u00e0 coordinata da <a href=\"https:\/\/www.linkedin.com\/in\/rita-palumbo-b0aa6117\/\">Rita Palumbo<\/a>, professionista che da anni si occupa del settore. L\u2019obiettivo \u00e8 quello di valorizzare il ruolo e la specificit\u00e0 di una figura professionale sempre pi\u00f9 cruciale per le imprese, in un contesto segnato da profondi cambiamenti soprattutto sul fronte delle competenze, garantendo la giusta rappresentanza ad un comparto professionale che produce valore per il Sistema Italia.<\/p>\n<p>&#8220;La comunicazione \u2013 afferma <a href=\"https:\/\/www.wipconsulting.it\/\"><strong>Rita Palumbo<\/strong><\/a> \u2013 \u00e8 un asset strategico che incide sulla reputazione, sulla credibilit\u00e0 e sull&#8217;autorevolezza dell&#8217;impresa. \u00c8 un&#8217;attivit\u00e0 che esige competenze definite e certificate. Con Manageritalia Executive Professional Area Comunicatori sar\u00e0 avviato un percorso di informazione, sensibilizzazione e rappresentanza per dare l&#8217;adeguato riconoscimento ad una categoria di alte professionalit\u00e0, quella del Comunicatore professionale, che crea valore economico e culturale per l&#8217;intero Sistema Paese.&#8221;<\/p>\n<p>Dare voce ad oltre 30mila comunicatori che operano in Italia, diffondere la cultura della Comunicazione presso istituzioni e business community, valorizzare ruolo e funzioni del Comunicatore professionale, offrire progettualit\u00e0 e opportunit\u00e0 di lavoro ai 10mila giovani che ogni anno si laureano nelle Facolt\u00e0 di Scienze della Comunicazione, creando \u201clavoro di valore\u201d. Sono alcune delle ragioni prioritarie che danno senso e specificit\u00e0 alla nascita dell\u2019Area Comunicatori di Manageritalia Executive Professional.<\/p>\n<p>Un percorso che parte dall\u2019introduzione di una specifica norma UNI sul tema, di cui la stessa Rita Palumbo \u00e8 stata fautrice, e che si avvale della collaborazione e del dialogo con le principali organizzazioni di rappresentanza del mondo della comunicazione.<\/p>\n<p>\u201cLa creazione dell\u2019Area Comunicatori e la nomina di Rita Palumbo come coordinatrice \u2013 dice <strong>Carlo Romanelli, presidente Manageritalia Executive Professional<\/strong> \u2013 continua il percorso avviato con i Comunicatori d\u2019Impresa per offrire una rappresentanza sempre pi\u00f9 ampia e profonda a questo importante segmento delle Alte Professioni in Italia. Anche per loro vogliamo essere la \u201ccasa\u201d, per diffondere e affermare i loro valori e contenuti, le prospettive e i diritti. Come facciamo gi\u00e0 per gli Executive Professional e faremo per altre alte professionalit\u00e0\u201d.<\/p>\n<p>\u201cNon resta che seguirci nella nostra attivit\u00e0 \u2013 conclude <strong>Romanelli<\/strong> \u2013 informarsi per conoscere i tanti vantaggi di far parte di questa casa comune, condividere alcuni aspetti dello sviluppo professionale e fruire di servizi e opportunit\u00e0 di valore\u201d.<\/p>\n<p>&#8212;-<\/p>\n<p><strong>Manageritalia <\/strong><a href=\"http:\/\/www.manageritalia.it\">www.manageritalia.it<\/a> (Federazione nazionale dirigenti, quadri e professional del commercio, trasporti, turismo, servizi, terziario avanzato) rappresenta dal 1945 a livello contrattuale i dirigenti del terziario privato e dal 2003 associa anche quadri ed executive professional. Offre ai manager rappresentanza istituzionale e contrattuale, valorizzazione e tutela verso la politica, le istituzioni e la societ\u00e0, servizi per la professione e la famiglia, network professionale e culturale. Promuove e valorizza il ruolo e il contributo del management allo sviluppo economico e sociale. Oggi Manageritalia associa oltre 38.000 manager. La Federazione \u00e8 presente sul territorio nazionale con 13 Associazioni e una dedicata agli Executive Professional, che offrono un completo sistema di servizi: formazione, consulenze professionali, sistemi assicurativi e di previdenza integrativa, assistenza sanitaria ai manager e alla famiglia, iniziative per la cultura e il tempo libero. Manageritalia associa oggi oltre 38mila manager.<\/p>\n","protected":false},"excerpt":{"rendered":"<p>Milano, 23 febbraio 2023. Un\u2019area di rappresentanza, informazione e formazione professionale per valorizzare l\u2019intera categoria. Con queste prerogative e finalit\u00e0 nasce l\u2019Area Comunicatori all\u2019interno di Manageritalia Executive Professional che estende cos\u00ec il proprio ambito di specializzazione e rappresentanza delle Alte Professionalit\u00e0. La nuova area sar\u00e0 coordinata da Rita Palumbo, professionista che da anni si occupa [&hellip;]<\/p>\n","protected":false},"author":1,"featured_media":7075,"comment_status":"closed","ping_status":"closed","sticky":false,"template":"","format":"standard","meta":{"footnotes":""},"categories":[47,24],"tags":[],"class_list":["post-7071","post","type-post","status-publish","format-standard","has-post-thumbnail","hentry","category-comunicazione","category-trend"],"yoast_head":"<!-- This site is optimized with the Yoast SEO plugin v27.5 - https:\/\/yoast.com\/product\/yoast-seo-wordpress\/ -->\n<title>Nasce l\u2019Area Comunicatori di Manageritalia Executive Professional<\/title>\n<meta name=\"description\" content=\"Nasce l\u2019Area Comunicatori di Manageritalia Executive Professional, la nuova casa per i professionisti della comunicazione\" \/>\n<meta name=\"robots\" content=\"index, follow, max-snippet:-1, max-image-preview:large, max-video-preview:-1\" \/>\n<link rel=\"canonical\" href=\"https:\/\/wipconsulting.it\/en\/nasce-larea-comunicatori-di-manageritalia-executive-professional-la-nuova-casa-per-i-professionisti-della-comunicazione\/\" \/>\n<meta property=\"og:locale\" content=\"en_US\" \/>\n<meta property=\"og:type\" content=\"article\" \/>\n<meta property=\"og:title\" content=\"Nasce l\u2019Area Comunicatori di Manageritalia Executive Professional\" \/>\n<meta property=\"og:description\" content=\"Nasce l\u2019Area Comunicatori di Manageritalia Executive Professional, la nuova casa per i professionisti della comunicazione\" \/>\n<meta property=\"og:url\" content=\"https:\/\/wipconsulting.it\/en\/nasce-larea-comunicatori-di-manageritalia-executive-professional-la-nuova-casa-per-i-professionisti-della-comunicazione\/\" \/>\n<meta property=\"og:site_name\" content=\"WIP Consulting | Consulenza strategica\" \/>\n<meta property=\"article:published_time\" content=\"2023-02-23T17:34:52+00:00\" \/>\n<meta property=\"article:modified_time\" content=\"2024-05-24T16:33:02+00:00\" \/>\n<meta property=\"og:image\" content=\"https:\/\/wipconsulting.it\/wp-content\/uploads\/2023\/02\/manageritalia_2-ridimens-1.png\" \/>\n\t<meta property=\"og:image:width\" content=\"600\" \/>\n\t<meta property=\"og:image:height\" content=\"325\" \/>\n\t<meta property=\"og:image:type\" content=\"image\/png\" \/>\n<meta name=\"author\" content=\"admin\" \/>\n<meta name=\"twitter:card\" content=\"summary_large_image\" \/>\n<meta name=\"twitter:label1\" content=\"Written by\" \/>\n\t<meta name=\"twitter:data1\" content=\"admin\" \/>\n\t<meta name=\"twitter:label2\" content=\"Est. reading time\" \/>\n\t<meta name=\"twitter:data2\" content=\"3 minutes\" \/>\n<script type=\"application\/ld+json\" class=\"yoast-schema-graph\">{\"@context\":\"https:\\\/\\\/schema.org\",\"@graph\":[{\"@type\":\"Article\",\"@id\":\"https:\\\/\\\/wipconsulting.it\\\/en\\\/nasce-larea-comunicatori-di-manageritalia-executive-professional-la-nuova-casa-per-i-professionisti-della-comunicazione\\\/#article\",\"isPartOf\":{\"@id\":\"https:\\\/\\\/wipconsulting.it\\\/en\\\/nasce-larea-comunicatori-di-manageritalia-executive-professional-la-nuova-casa-per-i-professionisti-della-comunicazione\\\/\"},\"author\":{\"name\":\"admin\",\"@id\":\"https:\\\/\\\/wipconsulting.it\\\/en\\\/#\\\/schema\\\/person\\\/318ff9a7b71624aa81b8b0df2c70d8bd\"},\"headline\":\"Nasce l\u2019Area Comunicatori di Manageritalia Executive Professional, la nuova casa per i professionisti della comunicazione\",\"datePublished\":\"2023-02-23T17:34:52+00:00\",\"dateModified\":\"2024-05-24T16:33:02+00:00\",\"mainEntityOfPage\":{\"@id\":\"https:\\\/\\\/wipconsulting.it\\\/en\\\/nasce-larea-comunicatori-di-manageritalia-executive-professional-la-nuova-casa-per-i-professionisti-della-comunicazione\\\/\"},\"wordCount\":548,\"publisher\":{\"@id\":\"https:\\\/\\\/wipconsulting.it\\\/en\\\/#organization\"},\"image\":{\"@id\":\"https:\\\/\\\/wipconsulting.it\\\/en\\\/nasce-larea-comunicatori-di-manageritalia-executive-professional-la-nuova-casa-per-i-professionisti-della-comunicazione\\\/#primaryimage\"},\"thumbnailUrl\":\"https:\\\/\\\/wipconsulting.it\\\/wp-content\\\/uploads\\\/2023\\\/02\\\/manageritalia_2-ridimens-1.png\",\"articleSection\":[\"Comunicazione\",\"trend\"],\"inLanguage\":\"en-US\"},{\"@type\":\"WebPage\",\"@id\":\"https:\\\/\\\/wipconsulting.it\\\/en\\\/nasce-larea-comunicatori-di-manageritalia-executive-professional-la-nuova-casa-per-i-professionisti-della-comunicazione\\\/\",\"url\":\"https:\\\/\\\/wipconsulting.it\\\/en\\\/nasce-larea-comunicatori-di-manageritalia-executive-professional-la-nuova-casa-per-i-professionisti-della-comunicazione\\\/\",\"name\":\"Nasce l\u2019Area Comunicatori di Manageritalia Executive Professional\",\"isPartOf\":{\"@id\":\"https:\\\/\\\/wipconsulting.it\\\/en\\\/#website\"},\"primaryImageOfPage\":{\"@id\":\"https:\\\/\\\/wipconsulting.it\\\/en\\\/nasce-larea-comunicatori-di-manageritalia-executive-professional-la-nuova-casa-per-i-professionisti-della-comunicazione\\\/#primaryimage\"},\"image\":{\"@id\":\"https:\\\/\\\/wipconsulting.it\\\/en\\\/nasce-larea-comunicatori-di-manageritalia-executive-professional-la-nuova-casa-per-i-professionisti-della-comunicazione\\\/#primaryimage\"},\"thumbnailUrl\":\"https:\\\/\\\/wipconsulting.it\\\/wp-content\\\/uploads\\\/2023\\\/02\\\/manageritalia_2-ridimens-1.png\",\"datePublished\":\"2023-02-23T17:34:52+00:00\",\"dateModified\":\"2024-05-24T16:33:02+00:00\",\"description\":\"Nasce l\u2019Area Comunicatori di Manageritalia Executive Professional, la nuova casa per i professionisti della comunicazione\",\"breadcrumb\":{\"@id\":\"https:\\\/\\\/wipconsulting.it\\\/en\\\/nasce-larea-comunicatori-di-manageritalia-executive-professional-la-nuova-casa-per-i-professionisti-della-comunicazione\\\/#breadcrumb\"},\"inLanguage\":\"en-US\",\"potentialAction\":[{\"@type\":\"ReadAction\",\"target\":[\"https:\\\/\\\/wipconsulting.it\\\/en\\\/nasce-larea-comunicatori-di-manageritalia-executive-professional-la-nuova-casa-per-i-professionisti-della-comunicazione\\\/\"]}]},{\"@type\":\"ImageObject\",\"inLanguage\":\"en-US\",\"@id\":\"https:\\\/\\\/wipconsulting.it\\\/en\\\/nasce-larea-comunicatori-di-manageritalia-executive-professional-la-nuova-casa-per-i-professionisti-della-comunicazione\\\/#primaryimage\",\"url\":\"https:\\\/\\\/wipconsulting.it\\\/wp-content\\\/uploads\\\/2023\\\/02\\\/manageritalia_2-ridimens-1.png\",\"contentUrl\":\"https:\\\/\\\/wipconsulting.it\\\/wp-content\\\/uploads\\\/2023\\\/02\\\/manageritalia_2-ridimens-1.png\",\"width\":600,\"height\":325},{\"@type\":\"BreadcrumbList\",\"@id\":\"https:\\\/\\\/wipconsulting.it\\\/en\\\/nasce-larea-comunicatori-di-manageritalia-executive-professional-la-nuova-casa-per-i-professionisti-della-comunicazione\\\/#breadcrumb\",\"itemListElement\":[{\"@type\":\"ListItem\",\"position\":1,\"name\":\"Home\",\"item\":\"https:\\\/\\\/wipconsulting.it\\\/en\\\/home\\\/\"},{\"@type\":\"ListItem\",\"position\":2,\"name\":\"Nasce l\u2019Area Comunicatori di Manageritalia Executive Professional, la nuova casa per i professionisti della comunicazione\"}]},{\"@type\":\"WebSite\",\"@id\":\"https:\\\/\\\/wipconsulting.it\\\/en\\\/#website\",\"url\":\"https:\\\/\\\/wipconsulting.it\\\/en\\\/\",\"name\":\"wipconsulting.it\",\"description\":\"Formazione alle imprese\",\"publisher\":{\"@id\":\"https:\\\/\\\/wipconsulting.it\\\/en\\\/#organization\"},\"potentialAction\":[{\"@type\":\"SearchAction\",\"target\":{\"@type\":\"EntryPoint\",\"urlTemplate\":\"https:\\\/\\\/wipconsulting.it\\\/en\\\/?s={search_term_string}\"},\"query-input\":{\"@type\":\"PropertyValueSpecification\",\"valueRequired\":true,\"valueName\":\"search_term_string\"}}],\"inLanguage\":\"en-US\"},{\"@type\":\"Organization\",\"@id\":\"https:\\\/\\\/wipconsulting.it\\\/en\\\/#organization\",\"name\":\"WIP Consulting\",\"url\":\"https:\\\/\\\/wipconsulting.it\\\/en\\\/\",\"logo\":{\"@type\":\"ImageObject\",\"inLanguage\":\"en-US\",\"@id\":\"https:\\\/\\\/wipconsulting.it\\\/en\\\/#\\\/schema\\\/logo\\\/image\\\/\",\"url\":\"https:\\\/\\\/wipconsulting.it\\\/wp-content\\\/uploads\\\/2023\\\/12\\\/logo_wip_consulting_2colori_Registered_v02.svg\",\"contentUrl\":\"https:\\\/\\\/wipconsulting.it\\\/wp-content\\\/uploads\\\/2023\\\/12\\\/logo_wip_consulting_2colori_Registered_v02.svg\",\"caption\":\"WIP Consulting\"},\"image\":{\"@id\":\"https:\\\/\\\/wipconsulting.it\\\/en\\\/#\\\/schema\\\/logo\\\/image\\\/\"}},{\"@type\":\"Person\",\"@id\":\"https:\\\/\\\/wipconsulting.it\\\/en\\\/#\\\/schema\\\/person\\\/318ff9a7b71624aa81b8b0df2c70d8bd\",\"name\":\"admin\",\"image\":{\"@type\":\"ImageObject\",\"inLanguage\":\"en-US\",\"@id\":\"https:\\\/\\\/secure.gravatar.com\\\/avatar\\\/2abbf81cef02f96903b67cd91eed09563af3527b400364162912f7584e891ae3?s=96&d=mm&r=g\",\"url\":\"https:\\\/\\\/secure.gravatar.com\\\/avatar\\\/2abbf81cef02f96903b67cd91eed09563af3527b400364162912f7584e891ae3?s=96&d=mm&r=g\",\"contentUrl\":\"https:\\\/\\\/secure.gravatar.com\\\/avatar\\\/2abbf81cef02f96903b67cd91eed09563af3527b400364162912f7584e891ae3?s=96&d=mm&r=g\",\"caption\":\"admin\"},\"sameAs\":[\"https:\\\/\\\/wipconsulting.it\"],\"url\":\"https:\\\/\\\/wipconsulting.it\\\/en\\\/author\\\/admin\\\/\"}]}<\/script>\n<!-- \/ Yoast SEO plugin. -->","yoast_head_json":{"title":"Nasce l\u2019Area Comunicatori di Manageritalia Executive Professional","description":"Nasce l\u2019Area Comunicatori di Manageritalia Executive Professional, la nuova casa per i professionisti della comunicazione","robots":{"index":"index","follow":"follow","max-snippet":"max-snippet:-1","max-image-preview":"max-image-preview:large","max-video-preview":"max-video-preview:-1"},"canonical":"https:\/\/wipconsulting.it\/en\/nasce-larea-comunicatori-di-manageritalia-executive-professional-la-nuova-casa-per-i-professionisti-della-comunicazione\/","og_locale":"en_US","og_type":"article","og_title":"Nasce l\u2019Area Comunicatori di Manageritalia Executive Professional","og_description":"Nasce l\u2019Area Comunicatori di Manageritalia Executive Professional, la nuova casa per i professionisti della comunicazione","og_url":"https:\/\/wipconsulting.it\/en\/nasce-larea-comunicatori-di-manageritalia-executive-professional-la-nuova-casa-per-i-professionisti-della-comunicazione\/","og_site_name":"WIP Consulting | Consulenza strategica","article_published_time":"2023-02-23T17:34:52+00:00","article_modified_time":"2024-05-24T16:33:02+00:00","og_image":[{"width":600,"height":325,"url":"https:\/\/wipconsulting.it\/wp-content\/uploads\/2023\/02\/manageritalia_2-ridimens-1.png","type":"image\/png"}],"author":"admin","twitter_card":"summary_large_image","twitter_misc":{"Written by":"admin","Est. reading time":"3 minutes"},"schema":{"@context":"https:\/\/schema.org","@graph":[{"@type":"Article","@id":"https:\/\/wipconsulting.it\/en\/nasce-larea-comunicatori-di-manageritalia-executive-professional-la-nuova-casa-per-i-professionisti-della-comunicazione\/#article","isPartOf":{"@id":"https:\/\/wipconsulting.it\/en\/nasce-larea-comunicatori-di-manageritalia-executive-professional-la-nuova-casa-per-i-professionisti-della-comunicazione\/"},"author":{"name":"admin","@id":"https:\/\/wipconsulting.it\/en\/#\/schema\/person\/318ff9a7b71624aa81b8b0df2c70d8bd"},"headline":"Nasce l\u2019Area Comunicatori di Manageritalia Executive Professional, la nuova casa per i professionisti della comunicazione","datePublished":"2023-02-23T17:34:52+00:00","dateModified":"2024-05-24T16:33:02+00:00","mainEntityOfPage":{"@id":"https:\/\/wipconsulting.it\/en\/nasce-larea-comunicatori-di-manageritalia-executive-professional-la-nuova-casa-per-i-professionisti-della-comunicazione\/"},"wordCount":548,"publisher":{"@id":"https:\/\/wipconsulting.it\/en\/#organization"},"image":{"@id":"https:\/\/wipconsulting.it\/en\/nasce-larea-comunicatori-di-manageritalia-executive-professional-la-nuova-casa-per-i-professionisti-della-comunicazione\/#primaryimage"},"thumbnailUrl":"https:\/\/wipconsulting.it\/wp-content\/uploads\/2023\/02\/manageritalia_2-ridimens-1.png","articleSection":["Comunicazione","trend"],"inLanguage":"en-US"},{"@type":"WebPage","@id":"https:\/\/wipconsulting.it\/en\/nasce-larea-comunicatori-di-manageritalia-executive-professional-la-nuova-casa-per-i-professionisti-della-comunicazione\/","url":"https:\/\/wipconsulting.it\/en\/nasce-larea-comunicatori-di-manageritalia-executive-professional-la-nuova-casa-per-i-professionisti-della-comunicazione\/","name":"Nasce l\u2019Area Comunicatori di Manageritalia Executive Professional","isPartOf":{"@id":"https:\/\/wipconsulting.it\/en\/#website"},"primaryImageOfPage":{"@id":"https:\/\/wipconsulting.it\/en\/nasce-larea-comunicatori-di-manageritalia-executive-professional-la-nuova-casa-per-i-professionisti-della-comunicazione\/#primaryimage"},"image":{"@id":"https:\/\/wipconsulting.it\/en\/nasce-larea-comunicatori-di-manageritalia-executive-professional-la-nuova-casa-per-i-professionisti-della-comunicazione\/#primaryimage"},"thumbnailUrl":"https:\/\/wipconsulting.it\/wp-content\/uploads\/2023\/02\/manageritalia_2-ridimens-1.png","datePublished":"2023-02-23T17:34:52+00:00","dateModified":"2024-05-24T16:33:02+00:00","description":"Nasce l\u2019Area Comunicatori di Manageritalia Executive Professional, la nuova casa per i professionisti della comunicazione","breadcrumb":{"@id":"https:\/\/wipconsulting.it\/en\/nasce-larea-comunicatori-di-manageritalia-executive-professional-la-nuova-casa-per-i-professionisti-della-comunicazione\/#breadcrumb"},"inLanguage":"en-US","potentialAction":[{"@type":"ReadAction","target":["https:\/\/wipconsulting.it\/en\/nasce-larea-comunicatori-di-manageritalia-executive-professional-la-nuova-casa-per-i-professionisti-della-comunicazione\/"]}]},{"@type":"ImageObject","inLanguage":"en-US","@id":"https:\/\/wipconsulting.it\/en\/nasce-larea-comunicatori-di-manageritalia-executive-professional-la-nuova-casa-per-i-professionisti-della-comunicazione\/#primaryimage","url":"https:\/\/wipconsulting.it\/wp-content\/uploads\/2023\/02\/manageritalia_2-ridimens-1.png","contentUrl":"https:\/\/wipconsulting.it\/wp-content\/uploads\/2023\/02\/manageritalia_2-ridimens-1.png","width":600,"height":325},{"@type":"BreadcrumbList","@id":"https:\/\/wipconsulting.it\/en\/nasce-larea-comunicatori-di-manageritalia-executive-professional-la-nuova-casa-per-i-professionisti-della-comunicazione\/#breadcrumb","itemListElement":[{"@type":"ListItem","position":1,"name":"Home","item":"https:\/\/wipconsulting.it\/en\/home\/"},{"@type":"ListItem","position":2,"name":"Nasce l\u2019Area Comunicatori di Manageritalia Executive Professional, la nuova casa per i professionisti della comunicazione"}]},{"@type":"WebSite","@id":"https:\/\/wipconsulting.it\/en\/#website","url":"https:\/\/wipconsulting.it\/en\/","name":"wipconsulting.it","description":"Formazione alle imprese","publisher":{"@id":"https:\/\/wipconsulting.it\/en\/#organization"},"potentialAction":[{"@type":"SearchAction","target":{"@type":"EntryPoint","urlTemplate":"https:\/\/wipconsulting.it\/en\/?s={search_term_string}"},"query-input":{"@type":"PropertyValueSpecification","valueRequired":true,"valueName":"search_term_string"}}],"inLanguage":"en-US"},{"@type":"Organization","@id":"https:\/\/wipconsulting.it\/en\/#organization","name":"WIP Consulting","url":"https:\/\/wipconsulting.it\/en\/","logo":{"@type":"ImageObject","inLanguage":"en-US","@id":"https:\/\/wipconsulting.it\/en\/#\/schema\/logo\/image\/","url":"https:\/\/wipconsulting.it\/wp-content\/uploads\/2023\/12\/logo_wip_consulting_2colori_Registered_v02.svg","contentUrl":"https:\/\/wipconsulting.it\/wp-content\/uploads\/2023\/12\/logo_wip_consulting_2colori_Registered_v02.svg","caption":"WIP Consulting"},"image":{"@id":"https:\/\/wipconsulting.it\/en\/#\/schema\/logo\/image\/"}},{"@type":"Person","@id":"https:\/\/wipconsulting.it\/en\/#\/schema\/person\/318ff9a7b71624aa81b8b0df2c70d8bd","name":"admin","image":{"@type":"ImageObject","inLanguage":"en-US","@id":"https:\/\/secure.gravatar.com\/avatar\/2abbf81cef02f96903b67cd91eed09563af3527b400364162912f7584e891ae3?s=96&d=mm&r=g","url":"https:\/\/secure.gravatar.com\/avatar\/2abbf81cef02f96903b67cd91eed09563af3527b400364162912f7584e891ae3?s=96&d=mm&r=g","contentUrl":"https:\/\/secure.gravatar.com\/avatar\/2abbf81cef02f96903b67cd91eed09563af3527b400364162912f7584e891ae3?s=96&d=mm&r=g","caption":"admin"},"sameAs":["https:\/\/wipconsulting.it"],"url":"https:\/\/wipconsulting.it\/en\/author\/admin\/"}]}},"_links":{"self":[{"href":"https:\/\/wipconsulting.it\/en\/wp-json\/wp\/v2\/posts\/7071","targetHints":{"allow":["GET"]}}],"collection":[{"href":"https:\/\/wipconsulting.it\/en\/wp-json\/wp\/v2\/posts"}],"about":[{"href":"https:\/\/wipconsulting.it\/en\/wp-json\/wp\/v2\/types\/post"}],"author":[{"embeddable":true,"href":"https:\/\/wipconsulting.it\/en\/wp-json\/wp\/v2\/users\/1"}],"replies":[{"embeddable":true,"href":"https:\/\/wipconsulting.it\/en\/wp-json\/wp\/v2\/comments?post=7071"}],"version-history":[{"count":1,"href":"https:\/\/wipconsulting.it\/en\/wp-json\/wp\/v2\/posts\/7071\/revisions"}],"predecessor-version":[{"id":10329,"href":"https:\/\/wipconsulting.it\/en\/wp-json\/wp\/v2\/posts\/7071\/revisions\/10329"}],"wp:featuredmedia":[{"embeddable":true,"href":"https:\/\/wipconsulting.it\/en\/wp-json\/wp\/v2\/media\/7075"}],"wp:attachment":[{"href":"https:\/\/wipconsulting.it\/en\/wp-json\/wp\/v2\/media?parent=7071"}],"wp:term":[{"taxonomy":"category","embeddable":true,"href":"https:\/\/wipconsulting.it\/en\/wp-json\/wp\/v2\/categories?post=7071"},{"taxonomy":"post_tag","embeddable":true,"href":"https:\/\/wipconsulting.it\/en\/wp-json\/wp\/v2\/tags?post=7071"}],"curies":[{"name":"wp","href":"https:\/\/api.w.org\/{rel}","templated":true}]}}