{"id":9833,"date":"2020-12-17T00:00:00","date_gmt":"2020-12-17T00:00:00","guid":{"rendered":"https:\/\/wip.stefanobonetti.it\/2020\/12\/17\/inpgi-frena-laeipotesi-di-una-deportazione-contributiva-dei-comunicatori\/"},"modified":"2024-05-24T19:10:12","modified_gmt":"2024-05-24T17:10:12","slug":"inpgi-frena-laeipotesi-di-una-deportazione-contributiva-dei-comunicatori","status":"publish","type":"post","link":"https:\/\/wipconsulting.it\/en\/inpgi-frena-laeipotesi-di-una-deportazione-contributiva-dei-comunicatori\/","title":{"rendered":"INPGI: frena l&#8217;ipotesi di una deportazione contributiva dei comunicatori"},"content":{"rendered":"<p style=\"margin: 0cm; font-size: medium; font-family: 'Times New Roman', serif; text-align: justify;\"><em><span style=\"font-size: 14pt; font-family: Calibri, sans-serif;\">Come confermato di recente anche da fonti governative, il disavanzo finanziario dell\u2019INPGI non pu\u00f2 essere risanato con l\u2019allargamento della base contributiva ad altri soggetti professionali. Questa \u00e8 da sempre la posizione di ReteCoM, la Rete delle Associazioni per la Comunicazione e il Management che chiede di poter aprire tavoli di confronto con tutti gli attori del mondo del giornalismo e della comunicazione\u00a0<\/span><\/em><\/p>\n<p style=\"margin: 0cm; font-size: medium; font-family: 'Times New Roman', serif; text-align: justify;\"><span style=\"font-family: Calibri, sans-serif;\">\u00a0<\/span><\/p>\n<p style=\"margin: 0cm; font-size: medium; font-family: 'Times New Roman', serif; text-align: justify;\"><em><span style=\"font-family: Calibri, sans-serif;\">\u00a0<\/span><\/em><\/p>\n<p style=\"margin: 0cm; font-size: medium; font-family: 'Times New Roman', serif; text-align: justify;\"><em><span style=\"font-family: Calibri, sans-serif;\">17 dicembre 2020 &#8211;<\/span><\/em><span style=\"font-family: Calibri, sans-serif;\">\u00a0ReteCoM, la Rete delle Associazioni per la Comunicazione e il Management, cui aderiscono CIDA, CONFASSOCIAZIONI, ASCAI, COM&amp;TEC, FERPI, IAA, UNA e Manageritalia, ha appreso di un recente incontro tra il Consiglio di Amministrazione dell\u2019INPGI e alcuni rappresentanti del Governo in merito al salvataggio dell\u2019Istituto di previdenza dei giornalisti a causa del suo grave squilibrio previdenziale.<\/span><span style=\"font-family: Calibri, sans-serif;\">\u00a0<\/span><\/p>\n<p style=\"margin: 0cm; font-size: medium; font-family: 'Times New Roman', serif; text-align: justify;\"><span style=\"font-family: Calibri, sans-serif;\">Durante questo incontro \u00e8 emerso l\u2019orientamento &#8211; che ReteCoM ha sempre sostenuto &#8211; dell\u2019inutilit\u00e0 della migrazione contributiva di migliaia di Comunicatori dall\u2019INPS all\u2019INPGI. ReteCoM fin dall\u2019inizio ha infatti sottolineato che mai avrebbe accettato di avallare una deportazione contributiva che avrebbe forse rinviato il problema, impedendo il commissariamento dell\u2019Istituto, ma lasciato al futuro previdenziale incerto i comunicatori subentrati e i giornalisti presenti.\u00a0\u00a0\u00a0<\/span><\/p>\n<p style=\"margin: 0cm; font-size: medium; font-family: 'Times New Roman', serif; text-align: justify;\"><strong><span style=\"font-family: Calibri, sans-serif;\">\u00c8 stato dimostrato &#8211; ora anche da fonti governative &#8211; che l<\/span><\/strong><span style=\"font-family: Calibri, sans-serif;\">\u2019<strong>allargamento della platea contributiva con l\u2019ingresso forzato di altre categorie professionali, per esempio i comunicatori pubblici\u00a0<\/strong><strong>i cui<\/strong>\u00a0contributi ammonterebbero a poco pi\u00f9 di cinquanta milioni di euro l&#8217;anno,<strong>\u00a0era e resta insufficiente a salvare le pensioni dei giornalisti e non\u00a0<\/strong>sarebbe comunque in grado di coprire gli altri 200 milioni annui necessari a portare l\u2019INPGI definitivamente fuori dalla situazione drammatica in cui si trova.<\/span><\/p>\n<p style=\"margin: 0cm; font-size: medium; font-family: 'Times New Roman', serif; text-align: justify;\"><span style=\"font-family: Calibri, sans-serif;\">ReteCoM \u00e8 dunque ancora pi\u00f9 convinta di aver avuto ragione. Per questo ha pi\u00f9 volte espresso contrariet\u00e0, motivandola e supportandola con dati e analisi, a qualsiasi operazione legislativa di natura puramente contabile e assolutamente non risolutiva che provocherebbe effetti profondamente negativi in termini di orizzonte pensionistico oltre che ai nostri professionisti della comunicazione anche alle gestioni dell\u2019INPS\u00a0che si vedrebbero sottrarre ulteriori risorse contributive da destinare ad una cassa previdenziale gestita in forma privata.<\/span><\/p>\n<p style=\"margin: 0cm; font-size: medium; font-family: 'Times New Roman', serif; text-align: justify;\"><strong><span style=\"font-family: Calibri, sans-serif;\">ReteCoM rimane solidale con i colleghi giornalisti e per questo auspica che si trovi al pi\u00f9 presto una soluzione per risolvere una volta per tutte la questione previdenziale degli iscritti all\u2019INPGI.<\/span><\/strong><\/p>\n<p style=\"margin: 0cm; font-size: medium; font-family: 'Times New Roman', serif; text-align: justify;\"><strong><span style=\"font-family: Calibri, sans-serif;\">E chiede, come sempre,\u00a0<\/span><\/strong><span style=\"font-family: Calibri, sans-serif;\">di essere coinvolta in confronti e\/o decisioni che possano coinvolgere i comunicatori per ribadire, ancora una volta, la posizione delle Associazioni che riunisce, confidando di non dover ricevere pi\u00f9 solo da fonti giornalistiche notizie sul futuro dei professionisti della Comunicazione.<\/span><\/p>\n<p class=\"MsoNormal\" style=\"margin: 0cm; font-size: medium; font-family: Calibri, sans-serif; color: #404040;\"><span style=\"color: black;\">\u00a0<\/span><\/p>\n<p class=\"default\" style=\"margin: 0cm; font-size: medium; font-family: 'Times New Roman', serif;\"><strong><span style=\"font-family: Calibri, sans-serif;\">Maurizio Incletolli &#8211;\u00a0<\/span><\/strong><span style=\"font-family: Calibri, sans-serif;\">Presidente\u00a0<\/span><a style=\"color: #954f72;\" href=\"http:\/\/www.ascai.it\/\"><strong><span style=\"font-family: Calibri, sans-serif;\">ASCAI<\/span><\/strong><\/a><span style=\"font-family: Calibri, sans-serif;\">, Associazione per lo Sviluppo della Comunicazione Aziendale<\/span><\/p>\n<p class=\"default\" style=\"margin: 0cm; font-size: medium; font-family: 'Times New Roman', serif;\"><strong><span style=\"font-family: Calibri, sans-serif;\">Mario Mantovani<\/span><\/strong><span style=\"font-family: Calibri, sans-serif;\">\u00a0&#8211; Presidente<strong>\u00a0<\/strong><\/span><a style=\"color: #954f72;\" href=\"http:\/\/www.cida.it\/\"><strong><span style=\"font-family: Calibri, sans-serif;\">CIDA<\/span><\/strong><\/a><span style=\"font-family: Calibri, sans-serif;\">, Confederazione Italiana Dirigenti e Alte Professionalit\u00e0<\/span><\/p>\n<p class=\"default\" style=\"margin: 0cm; font-size: medium; font-family: 'Times New Roman', serif;\"><strong><span style=\"font-family: Calibri, sans-serif;\">Tiziana Sicilia &#8211;\u00a0<\/span><\/strong><span style=\"font-family: Calibri, sans-serif;\">Presidente<strong>\u00a0<\/strong><\/span><a style=\"color: #954f72;\" href=\"http:\/\/www.comtec-italia.org\/\"><strong><span style=\"font-family: Calibri, sans-serif;\">COM&amp;TEC<\/span><\/strong><\/a><span style=\"font-family: Calibri, sans-serif;\">, Associazione Italiana per la Comunicazione Tecnica<\/span><\/p>\n<p class=\"default\" style=\"margin: 0cm; font-size: medium; font-family: 'Times New Roman', serif;\"><strong><span style=\"font-family: Calibri, sans-serif;\">Angelo Deiana &#8211;\u00a0<\/span><\/strong><span style=\"font-family: Calibri, sans-serif;\">Presidente\u00a0<\/span><a style=\"color: #954f72;\" href=\"http:\/\/www.confassociazioni.eu\/\"><strong><span style=\"font-family: Calibri, sans-serif;\">CONFASSOCIAZIONI<\/span><\/strong><\/a><span style=\"font-family: Calibri, sans-serif;\">, Confederazione Associazioni Professionali<\/span><\/p>\n<p class=\"default\" style=\"margin: 0cm; font-size: medium; font-family: 'Times New Roman', serif;\"><strong><span style=\"font-family: Calibri, sans-serif;\">Rita Palumbo &#8211;\u00a0<\/span><\/strong><span style=\"font-family: Calibri, sans-serif;\">Segretario Generale<strong>\u00a0<\/strong><\/span><a style=\"color: #954f72;\" href=\"http:\/\/www.ferpi.it\/\"><strong><span style=\"font-family: Calibri, sans-serif;\">FERPI<\/span><\/strong><\/a><strong><span style=\"font-family: Calibri, sans-serif;\">,\u00a0<\/span><\/strong><span style=\"font-family: Calibri, sans-serif;\">Federazione Relazioni Pubbliche Italiana<\/span><\/p>\n<p class=\"MsoNormal\" style=\"margin: 0cm; font-size: medium; font-family: Calibri, sans-serif; color: #404040; text-align: justify;\"><strong><span style=\"color: black;\">Alberto Dal Sasso &#8211;\u00a0<\/span><\/strong><span style=\"color: black;\">Presidente\u00a0<\/span><a style=\"color: #954f72;\" href=\"https:\/\/www.iaaitalychapter.it\/\">IAA\u00a0Italy Chapter<\/a><span class=\"MsoHyperlink\" style=\"color: #428bca;\"><strong><span style=\"color: windowtext;\">,\u00a0<\/span><\/strong><\/span><span class=\"MsoHyperlink\" style=\"color: #428bca;\"><span style=\"color: windowtext;\">International Advertising Association<\/span><\/span><\/p>\n<p class=\"default\" style=\"margin: 0cm; font-size: medium; font-family: 'Times New Roman', serif;\"><strong><span style=\"font-family: Calibri, sans-serif;\">Andrea Cornelli &#8211;\u00a0<\/span><\/strong><span style=\"font-family: Calibri, sans-serif;\">Vicepresidente<strong>\u00a0<\/strong><\/span><a style=\"color: #954f72;\" href=\"http:\/\/unacom.it\/\"><strong><span style=\"font-family: Calibri, sans-serif;\">UNA<\/span><\/strong><\/a><span style=\"font-family: Calibri, sans-serif;\">, Aziende della Comunicazione Unite<\/span><\/p>\n","protected":false},"excerpt":{"rendered":"<p>Come confermato di recente anche da fonti governative, il disavanzo finanziario dell\u2019INPGI non pu\u00f2 essere risanato con l\u2019allargamento della base contributiva ad altri soggetti professionali. Questa \u00e8 da sempre la posizione di ReteCoM, la Rete delle Associazioni per la Comunicazione e il Management che chiede di poter aprire tavoli di confronto con tutti gli attori [&hellip;]<\/p>\n","protected":false},"author":1,"featured_media":3866,"comment_status":"closed","ping_status":"closed","sticky":false,"template":"","format":"standard","meta":{"footnotes":""},"categories":[47],"tags":[],"class_list":["post-9833","post","type-post","status-publish","format-standard","has-post-thumbnail","hentry","category-comunicazione"],"yoast_head":"<!-- This site is optimized with the Yoast SEO plugin v27.5 - https:\/\/yoast.com\/product\/yoast-seo-wordpress\/ -->\n<title>INPGI: frena l&#039;ipotesi di una deportazione contributiva dei comunicatori<\/title>\n<meta name=\"description\" content=\"Come confermato di recente anche da fonti governative, il disavanzo finanziario dell\u2019INPGI non pu\u00f2 essere risanato con l\u2019allargamento della base contributiva ad altri soggetti professionali e questa \u00e8 da sempre la posizione di ReteCoM\" \/>\n<meta name=\"robots\" content=\"index, follow, max-snippet:-1, max-image-preview:large, max-video-preview:-1\" \/>\n<link rel=\"canonical\" href=\"https:\/\/wipconsulting.it\/en\/inpgi-frena-laeipotesi-di-una-deportazione-contributiva-dei-comunicatori\/\" \/>\n<meta property=\"og:locale\" content=\"en_US\" \/>\n<meta property=\"og:type\" content=\"article\" \/>\n<meta property=\"og:title\" content=\"INPGI: frena l&#039;ipotesi di una deportazione contributiva dei comunicatori\" \/>\n<meta property=\"og:description\" content=\"Come confermato di recente anche da fonti governative, il disavanzo finanziario dell\u2019INPGI non pu\u00f2 essere risanato con l\u2019allargamento della base contributiva ad altri soggetti professionali e questa \u00e8 da sempre la posizione di ReteCoM\" \/>\n<meta property=\"og:url\" content=\"https:\/\/wipconsulting.it\/en\/inpgi-frena-laeipotesi-di-una-deportazione-contributiva-dei-comunicatori\/\" \/>\n<meta property=\"og:site_name\" content=\"WIP Consulting | Consulenza strategica\" \/>\n<meta property=\"article:published_time\" content=\"2020-12-17T00:00:00+00:00\" \/>\n<meta property=\"article:modified_time\" content=\"2024-05-24T17:10:12+00:00\" \/>\n<meta property=\"og:image\" content=\"https:\/\/wipconsulting.it\/wp-content\/uploads\/2021\/08\/giuseppe-conte-mani-in-faccia-900x600-1.jpg\" \/>\n\t<meta property=\"og:image:width\" content=\"900\" \/>\n\t<meta property=\"og:image:height\" content=\"600\" \/>\n\t<meta property=\"og:image:type\" content=\"image\/jpeg\" \/>\n<meta name=\"author\" content=\"admin\" \/>\n<meta name=\"twitter:card\" content=\"summary_large_image\" \/>\n<meta name=\"twitter:label1\" content=\"Written by\" \/>\n\t<meta name=\"twitter:data1\" content=\"admin\" \/>\n\t<meta name=\"twitter:label2\" content=\"Est. reading time\" \/>\n\t<meta name=\"twitter:data2\" content=\"2 minutes\" \/>\n<script type=\"application\/ld+json\" class=\"yoast-schema-graph\">{\"@context\":\"https:\\\/\\\/schema.org\",\"@graph\":[{\"@type\":\"Article\",\"@id\":\"https:\\\/\\\/wipconsulting.it\\\/en\\\/inpgi-frena-laeipotesi-di-una-deportazione-contributiva-dei-comunicatori\\\/#article\",\"isPartOf\":{\"@id\":\"https:\\\/\\\/wipconsulting.it\\\/en\\\/inpgi-frena-laeipotesi-di-una-deportazione-contributiva-dei-comunicatori\\\/\"},\"author\":{\"name\":\"admin\",\"@id\":\"https:\\\/\\\/wipconsulting.it\\\/en\\\/#\\\/schema\\\/person\\\/318ff9a7b71624aa81b8b0df2c70d8bd\"},\"headline\":\"INPGI: frena l&#8217;ipotesi di una deportazione contributiva dei comunicatori\",\"datePublished\":\"2020-12-17T00:00:00+00:00\",\"dateModified\":\"2024-05-24T17:10:12+00:00\",\"mainEntityOfPage\":{\"@id\":\"https:\\\/\\\/wipconsulting.it\\\/en\\\/inpgi-frena-laeipotesi-di-una-deportazione-contributiva-dei-comunicatori\\\/\"},\"wordCount\":501,\"publisher\":{\"@id\":\"https:\\\/\\\/wipconsulting.it\\\/en\\\/#organization\"},\"image\":{\"@id\":\"https:\\\/\\\/wipconsulting.it\\\/en\\\/inpgi-frena-laeipotesi-di-una-deportazione-contributiva-dei-comunicatori\\\/#primaryimage\"},\"thumbnailUrl\":\"https:\\\/\\\/wipconsulting.it\\\/wp-content\\\/uploads\\\/2021\\\/08\\\/giuseppe-conte-mani-in-faccia-900x600-1.jpg\",\"articleSection\":[\"Comunicazione\"],\"inLanguage\":\"en-US\"},{\"@type\":\"WebPage\",\"@id\":\"https:\\\/\\\/wipconsulting.it\\\/en\\\/inpgi-frena-laeipotesi-di-una-deportazione-contributiva-dei-comunicatori\\\/\",\"url\":\"https:\\\/\\\/wipconsulting.it\\\/en\\\/inpgi-frena-laeipotesi-di-una-deportazione-contributiva-dei-comunicatori\\\/\",\"name\":\"INPGI: frena l'ipotesi di una deportazione contributiva dei comunicatori\",\"isPartOf\":{\"@id\":\"https:\\\/\\\/wipconsulting.it\\\/en\\\/#website\"},\"primaryImageOfPage\":{\"@id\":\"https:\\\/\\\/wipconsulting.it\\\/en\\\/inpgi-frena-laeipotesi-di-una-deportazione-contributiva-dei-comunicatori\\\/#primaryimage\"},\"image\":{\"@id\":\"https:\\\/\\\/wipconsulting.it\\\/en\\\/inpgi-frena-laeipotesi-di-una-deportazione-contributiva-dei-comunicatori\\\/#primaryimage\"},\"thumbnailUrl\":\"https:\\\/\\\/wipconsulting.it\\\/wp-content\\\/uploads\\\/2021\\\/08\\\/giuseppe-conte-mani-in-faccia-900x600-1.jpg\",\"datePublished\":\"2020-12-17T00:00:00+00:00\",\"dateModified\":\"2024-05-24T17:10:12+00:00\",\"description\":\"Come confermato di recente anche da fonti governative, il disavanzo finanziario dell\u2019INPGI non pu\u00f2 essere risanato con l\u2019allargamento della base contributiva ad altri soggetti professionali e questa \u00e8 da sempre la posizione di ReteCoM\",\"breadcrumb\":{\"@id\":\"https:\\\/\\\/wipconsulting.it\\\/en\\\/inpgi-frena-laeipotesi-di-una-deportazione-contributiva-dei-comunicatori\\\/#breadcrumb\"},\"inLanguage\":\"en-US\",\"potentialAction\":[{\"@type\":\"ReadAction\",\"target\":[\"https:\\\/\\\/wipconsulting.it\\\/en\\\/inpgi-frena-laeipotesi-di-una-deportazione-contributiva-dei-comunicatori\\\/\"]}]},{\"@type\":\"ImageObject\",\"inLanguage\":\"en-US\",\"@id\":\"https:\\\/\\\/wipconsulting.it\\\/en\\\/inpgi-frena-laeipotesi-di-una-deportazione-contributiva-dei-comunicatori\\\/#primaryimage\",\"url\":\"https:\\\/\\\/wipconsulting.it\\\/wp-content\\\/uploads\\\/2021\\\/08\\\/giuseppe-conte-mani-in-faccia-900x600-1.jpg\",\"contentUrl\":\"https:\\\/\\\/wipconsulting.it\\\/wp-content\\\/uploads\\\/2021\\\/08\\\/giuseppe-conte-mani-in-faccia-900x600-1.jpg\",\"width\":900,\"height\":600},{\"@type\":\"BreadcrumbList\",\"@id\":\"https:\\\/\\\/wipconsulting.it\\\/en\\\/inpgi-frena-laeipotesi-di-una-deportazione-contributiva-dei-comunicatori\\\/#breadcrumb\",\"itemListElement\":[{\"@type\":\"ListItem\",\"position\":1,\"name\":\"Home\",\"item\":\"https:\\\/\\\/wipconsulting.it\\\/en\\\/home\\\/\"},{\"@type\":\"ListItem\",\"position\":2,\"name\":\"INPGI: frena l&#8217;ipotesi di una deportazione contributiva dei comunicatori\"}]},{\"@type\":\"WebSite\",\"@id\":\"https:\\\/\\\/wipconsulting.it\\\/en\\\/#website\",\"url\":\"https:\\\/\\\/wipconsulting.it\\\/en\\\/\",\"name\":\"wipconsulting.it\",\"description\":\"Formazione alle imprese\",\"publisher\":{\"@id\":\"https:\\\/\\\/wipconsulting.it\\\/en\\\/#organization\"},\"potentialAction\":[{\"@type\":\"SearchAction\",\"target\":{\"@type\":\"EntryPoint\",\"urlTemplate\":\"https:\\\/\\\/wipconsulting.it\\\/en\\\/?s={search_term_string}\"},\"query-input\":{\"@type\":\"PropertyValueSpecification\",\"valueRequired\":true,\"valueName\":\"search_term_string\"}}],\"inLanguage\":\"en-US\"},{\"@type\":\"Organization\",\"@id\":\"https:\\\/\\\/wipconsulting.it\\\/en\\\/#organization\",\"name\":\"WIP Consulting\",\"url\":\"https:\\\/\\\/wipconsulting.it\\\/en\\\/\",\"logo\":{\"@type\":\"ImageObject\",\"inLanguage\":\"en-US\",\"@id\":\"https:\\\/\\\/wipconsulting.it\\\/en\\\/#\\\/schema\\\/logo\\\/image\\\/\",\"url\":\"https:\\\/\\\/wipconsulting.it\\\/wp-content\\\/uploads\\\/2023\\\/12\\\/logo_wip_consulting_2colori_Registered_v02.svg\",\"contentUrl\":\"https:\\\/\\\/wipconsulting.it\\\/wp-content\\\/uploads\\\/2023\\\/12\\\/logo_wip_consulting_2colori_Registered_v02.svg\",\"caption\":\"WIP Consulting\"},\"image\":{\"@id\":\"https:\\\/\\\/wipconsulting.it\\\/en\\\/#\\\/schema\\\/logo\\\/image\\\/\"}},{\"@type\":\"Person\",\"@id\":\"https:\\\/\\\/wipconsulting.it\\\/en\\\/#\\\/schema\\\/person\\\/318ff9a7b71624aa81b8b0df2c70d8bd\",\"name\":\"admin\",\"image\":{\"@type\":\"ImageObject\",\"inLanguage\":\"en-US\",\"@id\":\"https:\\\/\\\/secure.gravatar.com\\\/avatar\\\/2abbf81cef02f96903b67cd91eed09563af3527b400364162912f7584e891ae3?s=96&d=mm&r=g\",\"url\":\"https:\\\/\\\/secure.gravatar.com\\\/avatar\\\/2abbf81cef02f96903b67cd91eed09563af3527b400364162912f7584e891ae3?s=96&d=mm&r=g\",\"contentUrl\":\"https:\\\/\\\/secure.gravatar.com\\\/avatar\\\/2abbf81cef02f96903b67cd91eed09563af3527b400364162912f7584e891ae3?s=96&d=mm&r=g\",\"caption\":\"admin\"},\"sameAs\":[\"https:\\\/\\\/wipconsulting.it\"],\"url\":\"https:\\\/\\\/wipconsulting.it\\\/en\\\/author\\\/admin\\\/\"}]}<\/script>\n<!-- \/ Yoast SEO plugin. -->","yoast_head_json":{"title":"INPGI: frena l'ipotesi di una deportazione contributiva dei comunicatori","description":"Come confermato di recente anche da fonti governative, il disavanzo finanziario dell\u2019INPGI non pu\u00f2 essere risanato con l\u2019allargamento della base contributiva ad altri soggetti professionali e questa \u00e8 da sempre la posizione di ReteCoM","robots":{"index":"index","follow":"follow","max-snippet":"max-snippet:-1","max-image-preview":"max-image-preview:large","max-video-preview":"max-video-preview:-1"},"canonical":"https:\/\/wipconsulting.it\/en\/inpgi-frena-laeipotesi-di-una-deportazione-contributiva-dei-comunicatori\/","og_locale":"en_US","og_type":"article","og_title":"INPGI: frena l'ipotesi di una deportazione contributiva dei comunicatori","og_description":"Come confermato di recente anche da fonti governative, il disavanzo finanziario dell\u2019INPGI non pu\u00f2 essere risanato con l\u2019allargamento della base contributiva ad altri soggetti professionali e questa \u00e8 da sempre la posizione di ReteCoM","og_url":"https:\/\/wipconsulting.it\/en\/inpgi-frena-laeipotesi-di-una-deportazione-contributiva-dei-comunicatori\/","og_site_name":"WIP Consulting | Consulenza strategica","article_published_time":"2020-12-17T00:00:00+00:00","article_modified_time":"2024-05-24T17:10:12+00:00","og_image":[{"width":900,"height":600,"url":"https:\/\/wipconsulting.it\/wp-content\/uploads\/2021\/08\/giuseppe-conte-mani-in-faccia-900x600-1.jpg","type":"image\/jpeg"}],"author":"admin","twitter_card":"summary_large_image","twitter_misc":{"Written by":"admin","Est. reading time":"2 minutes"},"schema":{"@context":"https:\/\/schema.org","@graph":[{"@type":"Article","@id":"https:\/\/wipconsulting.it\/en\/inpgi-frena-laeipotesi-di-una-deportazione-contributiva-dei-comunicatori\/#article","isPartOf":{"@id":"https:\/\/wipconsulting.it\/en\/inpgi-frena-laeipotesi-di-una-deportazione-contributiva-dei-comunicatori\/"},"author":{"name":"admin","@id":"https:\/\/wipconsulting.it\/en\/#\/schema\/person\/318ff9a7b71624aa81b8b0df2c70d8bd"},"headline":"INPGI: frena l&#8217;ipotesi di una deportazione contributiva dei comunicatori","datePublished":"2020-12-17T00:00:00+00:00","dateModified":"2024-05-24T17:10:12+00:00","mainEntityOfPage":{"@id":"https:\/\/wipconsulting.it\/en\/inpgi-frena-laeipotesi-di-una-deportazione-contributiva-dei-comunicatori\/"},"wordCount":501,"publisher":{"@id":"https:\/\/wipconsulting.it\/en\/#organization"},"image":{"@id":"https:\/\/wipconsulting.it\/en\/inpgi-frena-laeipotesi-di-una-deportazione-contributiva-dei-comunicatori\/#primaryimage"},"thumbnailUrl":"https:\/\/wipconsulting.it\/wp-content\/uploads\/2021\/08\/giuseppe-conte-mani-in-faccia-900x600-1.jpg","articleSection":["Comunicazione"],"inLanguage":"en-US"},{"@type":"WebPage","@id":"https:\/\/wipconsulting.it\/en\/inpgi-frena-laeipotesi-di-una-deportazione-contributiva-dei-comunicatori\/","url":"https:\/\/wipconsulting.it\/en\/inpgi-frena-laeipotesi-di-una-deportazione-contributiva-dei-comunicatori\/","name":"INPGI: frena l'ipotesi di una deportazione contributiva dei comunicatori","isPartOf":{"@id":"https:\/\/wipconsulting.it\/en\/#website"},"primaryImageOfPage":{"@id":"https:\/\/wipconsulting.it\/en\/inpgi-frena-laeipotesi-di-una-deportazione-contributiva-dei-comunicatori\/#primaryimage"},"image":{"@id":"https:\/\/wipconsulting.it\/en\/inpgi-frena-laeipotesi-di-una-deportazione-contributiva-dei-comunicatori\/#primaryimage"},"thumbnailUrl":"https:\/\/wipconsulting.it\/wp-content\/uploads\/2021\/08\/giuseppe-conte-mani-in-faccia-900x600-1.jpg","datePublished":"2020-12-17T00:00:00+00:00","dateModified":"2024-05-24T17:10:12+00:00","description":"Come confermato di recente anche da fonti governative, il disavanzo finanziario dell\u2019INPGI non pu\u00f2 essere risanato con l\u2019allargamento della base contributiva ad altri soggetti professionali e questa \u00e8 da sempre la posizione di ReteCoM","breadcrumb":{"@id":"https:\/\/wipconsulting.it\/en\/inpgi-frena-laeipotesi-di-una-deportazione-contributiva-dei-comunicatori\/#breadcrumb"},"inLanguage":"en-US","potentialAction":[{"@type":"ReadAction","target":["https:\/\/wipconsulting.it\/en\/inpgi-frena-laeipotesi-di-una-deportazione-contributiva-dei-comunicatori\/"]}]},{"@type":"ImageObject","inLanguage":"en-US","@id":"https:\/\/wipconsulting.it\/en\/inpgi-frena-laeipotesi-di-una-deportazione-contributiva-dei-comunicatori\/#primaryimage","url":"https:\/\/wipconsulting.it\/wp-content\/uploads\/2021\/08\/giuseppe-conte-mani-in-faccia-900x600-1.jpg","contentUrl":"https:\/\/wipconsulting.it\/wp-content\/uploads\/2021\/08\/giuseppe-conte-mani-in-faccia-900x600-1.jpg","width":900,"height":600},{"@type":"BreadcrumbList","@id":"https:\/\/wipconsulting.it\/en\/inpgi-frena-laeipotesi-di-una-deportazione-contributiva-dei-comunicatori\/#breadcrumb","itemListElement":[{"@type":"ListItem","position":1,"name":"Home","item":"https:\/\/wipconsulting.it\/en\/home\/"},{"@type":"ListItem","position":2,"name":"INPGI: frena l&#8217;ipotesi di una deportazione contributiva dei comunicatori"}]},{"@type":"WebSite","@id":"https:\/\/wipconsulting.it\/en\/#website","url":"https:\/\/wipconsulting.it\/en\/","name":"wipconsulting.it","description":"Formazione alle imprese","publisher":{"@id":"https:\/\/wipconsulting.it\/en\/#organization"},"potentialAction":[{"@type":"SearchAction","target":{"@type":"EntryPoint","urlTemplate":"https:\/\/wipconsulting.it\/en\/?s={search_term_string}"},"query-input":{"@type":"PropertyValueSpecification","valueRequired":true,"valueName":"search_term_string"}}],"inLanguage":"en-US"},{"@type":"Organization","@id":"https:\/\/wipconsulting.it\/en\/#organization","name":"WIP Consulting","url":"https:\/\/wipconsulting.it\/en\/","logo":{"@type":"ImageObject","inLanguage":"en-US","@id":"https:\/\/wipconsulting.it\/en\/#\/schema\/logo\/image\/","url":"https:\/\/wipconsulting.it\/wp-content\/uploads\/2023\/12\/logo_wip_consulting_2colori_Registered_v02.svg","contentUrl":"https:\/\/wipconsulting.it\/wp-content\/uploads\/2023\/12\/logo_wip_consulting_2colori_Registered_v02.svg","caption":"WIP Consulting"},"image":{"@id":"https:\/\/wipconsulting.it\/en\/#\/schema\/logo\/image\/"}},{"@type":"Person","@id":"https:\/\/wipconsulting.it\/en\/#\/schema\/person\/318ff9a7b71624aa81b8b0df2c70d8bd","name":"admin","image":{"@type":"ImageObject","inLanguage":"en-US","@id":"https:\/\/secure.gravatar.com\/avatar\/2abbf81cef02f96903b67cd91eed09563af3527b400364162912f7584e891ae3?s=96&d=mm&r=g","url":"https:\/\/secure.gravatar.com\/avatar\/2abbf81cef02f96903b67cd91eed09563af3527b400364162912f7584e891ae3?s=96&d=mm&r=g","contentUrl":"https:\/\/secure.gravatar.com\/avatar\/2abbf81cef02f96903b67cd91eed09563af3527b400364162912f7584e891ae3?s=96&d=mm&r=g","caption":"admin"},"sameAs":["https:\/\/wipconsulting.it"],"url":"https:\/\/wipconsulting.it\/en\/author\/admin\/"}]}},"_links":{"self":[{"href":"https:\/\/wipconsulting.it\/en\/wp-json\/wp\/v2\/posts\/9833","targetHints":{"allow":["GET"]}}],"collection":[{"href":"https:\/\/wipconsulting.it\/en\/wp-json\/wp\/v2\/posts"}],"about":[{"href":"https:\/\/wipconsulting.it\/en\/wp-json\/wp\/v2\/types\/post"}],"author":[{"embeddable":true,"href":"https:\/\/wipconsulting.it\/en\/wp-json\/wp\/v2\/users\/1"}],"replies":[{"embeddable":true,"href":"https:\/\/wipconsulting.it\/en\/wp-json\/wp\/v2\/comments?post=9833"}],"version-history":[{"count":1,"href":"https:\/\/wipconsulting.it\/en\/wp-json\/wp\/v2\/posts\/9833\/revisions"}],"predecessor-version":[{"id":10459,"href":"https:\/\/wipconsulting.it\/en\/wp-json\/wp\/v2\/posts\/9833\/revisions\/10459"}],"wp:featuredmedia":[{"embeddable":true,"href":"https:\/\/wipconsulting.it\/en\/wp-json\/wp\/v2\/media\/3866"}],"wp:attachment":[{"href":"https:\/\/wipconsulting.it\/en\/wp-json\/wp\/v2\/media?parent=9833"}],"wp:term":[{"taxonomy":"category","embeddable":true,"href":"https:\/\/wipconsulting.it\/en\/wp-json\/wp\/v2\/categories?post=9833"},{"taxonomy":"post_tag","embeddable":true,"href":"https:\/\/wipconsulting.it\/en\/wp-json\/wp\/v2\/tags?post=9833"}],"curies":[{"name":"wp","href":"https:\/\/api.w.org\/{rel}","templated":true}]}}